{"id":7584,"date":"2017-08-26T06:00:24","date_gmt":"2017-08-26T06:00:24","guid":{"rendered":"http:\/\/cafebarbantia.barbantia.es\/?p=7584"},"modified":"2017-08-09T13:24:49","modified_gmt":"2017-08-09T13:24:49","slug":"cascara-de-nuez-de-ian-mcewann","status":"publish","type":"post","link":"http:\/\/cafebarbantia.barbantia.es\/?p=7584","title":{"rendered":"C\u00e1scara de nuez, de Ian McEwann"},"content":{"rendered":"<p style=\"text-align: justify;\"><em><strong><a href=\"http:\/\/cafebarbantia.barbantia.es\/wp-content\/uploads\/2017\/06\/cascara.jpeg\"><img decoding=\"async\" loading=\"lazy\" class=\"size-medium wp-image-7585 alignleft\" alt=\"cascara\" src=\"http:\/\/cafebarbantia.barbantia.es\/wp-content\/uploads\/2017\/06\/cascara-191x300.jpeg\" width=\"191\" height=\"300\" srcset=\"http:\/\/cafebarbantia.barbantia.es\/wp-content\/uploads\/2017\/06\/cascara-191x300.jpeg 191w, http:\/\/cafebarbantia.barbantia.es\/wp-content\/uploads\/2017\/06\/cascara-652x1024.jpeg 652w, http:\/\/cafebarbantia.barbantia.es\/wp-content\/uploads\/2017\/06\/cascara-900x1413.jpeg 900w, http:\/\/cafebarbantia.barbantia.es\/wp-content\/uploads\/2017\/06\/cascara.jpeg 1660w\" sizes=\"(max-width: 191px) 100vw, 191px\" \/><\/a>Xerardo AgraFoxo.\u00a0<\/strong><\/em>O protagonista desta obra \u00e9 o mesmo narrador, un ser que a\u00ednda non naceu ( &#8220;As\u00ed que aqu\u00ed estou, cabeza abaixo dentro dunha muller&#8221;). Dende o seo materno non s\u00f3 comprende a realidade internacional (Desuni\u00f3n Europea ou o drama dos refuxiados) e sente debilidade literaria por James Joyce, pois escoita a radio e os libros audio que le s\u00faa nai, sen\u00f3n que \u00e9 testemu\u00f1a privilexiada da preparaci\u00f3n dun crime: o que trama s\u00faa nai (Trudy) e o seu amante (Claude), un prosaico axente inmobiliario que, ademais de lle p\u00f3r medo cos seus accesos\u00a0 amatorios (&#8220;En cada envite do seu pist\u00f3n te\u00f1o medo de que traspase, de que me penetre os tenros \u00f3sos do cranio&#8221;), \u00e9 irm\u00e1n de seu pai, (John), un poeta fracasado que intenta superar os problemas matrimoniais e salvar o seu negocio editorial. <!--more--><a href=\"http:\/\/cafebarbantia.barbantia.es\/wp-content\/uploads\/2017\/06\/fotonoticia_20170310132656_640.jpg\"><img decoding=\"async\" loading=\"lazy\" class=\"size-medium wp-image-7586 alignright\" alt=\"fotonoticia_20170310132656_640\" src=\"http:\/\/cafebarbantia.barbantia.es\/wp-content\/uploads\/2017\/06\/fotonoticia_20170310132656_640-300x199.jpg\" width=\"300\" height=\"199\" srcset=\"http:\/\/cafebarbantia.barbantia.es\/wp-content\/uploads\/2017\/06\/fotonoticia_20170310132656_640-300x199.jpg 300w, http:\/\/cafebarbantia.barbantia.es\/wp-content\/uploads\/2017\/06\/fotonoticia_20170310132656_640.jpg 640w\" sizes=\"(max-width: 300px) 100vw, 300px\" \/><\/a>A\u00ednda que a causa principal que provoca este thriller angustioso \u00e9 unha casa xeorxiana valorada nuns poucos(?) mill\u00f3ns de\u00a0 libras esterlinas. Un crime que semella o do pai do pr\u00edncipe de Elsinor, Hamlet, a obra de onde se tira este t\u00edtulo (&#8220;Oh, Deus, poder\u00eda estar encerrado na tona dunha noz e sentirme o rei do infinito espazo&#8221;) desta sorprendente obra, na que se ofrece unha aceda reflexi\u00f3n sobre a condici\u00f3n humana a trav\u00e9s dun nonato, inusual voz narrativa, que demostra unha gran capacidade &#8220;cr\u00edptica&#8221; e un elevado sentido do humor. \u00c9 dicir, o espello dun Ian McEwan en perfecto estado de forma. Un\u00a0 drama onde o autor de <i>Expiaci\u00f3n<\/i> ou <i>A lei do menor<\/i>, aborda alg\u00fan dos seus temas preferidos como a corrupci\u00f3n, a violencia dom\u00e9stica ou a vulnerabilidade dos nenos.<\/p>\n","protected":false},"excerpt":{"rendered":"<p>Xerardo AgraFoxo.\u00a0O protagonista desta obra \u00e9 o mesmo narrador, un ser que a\u00ednda non naceu ( &#8220;As\u00ed que aqu\u00ed estou, cabeza abaixo dentro dunha muller&#8221;). Dende o seo materno non s\u00f3 comprende a realidade internacional (Desuni\u00f3n Europea ou o drama dos refuxiados) e sente debilidade literaria por James Joyce, pois escoita a radio e os &hellip; <a href=\"http:\/\/cafebarbantia.barbantia.es\/?p=7584\" class=\"more-link\">Seguir lendo <span class=\"screen-reader-text\">C\u00e1scara de nuez, de Ian McEwann<\/span> <span class=\"meta-nav\">&rarr;<\/span><\/a><\/p>\n","protected":false},"author":1,"featured_media":0,"comment_status":"open","ping_status":"closed","sticky":false,"template":"","format":"standard","meta":{"_bbp_topic_count":0,"_bbp_reply_count":0,"_bbp_total_topic_count":0,"_bbp_total_reply_count":0,"_bbp_voice_count":0,"_bbp_anonymous_reply_count":0,"_bbp_topic_count_hidden":0,"_bbp_reply_count_hidden":0,"_bbp_forum_subforum_count":0,"_exactmetrics_skip_tracking":false,"_exactmetrics_sitenote_active":false,"_exactmetrics_sitenote_note":"","_exactmetrics_sitenote_category":0,"_monsterinsights_skip_tracking":false,"_monsterinsights_sitenote_active":false,"_monsterinsights_sitenote_note":"","_monsterinsights_sitenote_category":0},"categories":[9,21],"tags":[],"aioseo_notices":[],"_links":{"self":[{"href":"http:\/\/cafebarbantia.barbantia.es\/index.php?rest_route=\/wp\/v2\/posts\/7584"}],"collection":[{"href":"http:\/\/cafebarbantia.barbantia.es\/index.php?rest_route=\/wp\/v2\/posts"}],"about":[{"href":"http:\/\/cafebarbantia.barbantia.es\/index.php?rest_route=\/wp\/v2\/types\/post"}],"author":[{"embeddable":true,"href":"http:\/\/cafebarbantia.barbantia.es\/index.php?rest_route=\/wp\/v2\/users\/1"}],"replies":[{"embeddable":true,"href":"http:\/\/cafebarbantia.barbantia.es\/index.php?rest_route=%2Fwp%2Fv2%2Fcomments&post=7584"}],"version-history":[{"count":2,"href":"http:\/\/cafebarbantia.barbantia.es\/index.php?rest_route=\/wp\/v2\/posts\/7584\/revisions"}],"predecessor-version":[{"id":7887,"href":"http:\/\/cafebarbantia.barbantia.es\/index.php?rest_route=\/wp\/v2\/posts\/7584\/revisions\/7887"}],"wp:attachment":[{"href":"http:\/\/cafebarbantia.barbantia.es\/index.php?rest_route=%2Fwp%2Fv2%2Fmedia&parent=7584"}],"wp:term":[{"taxonomy":"category","embeddable":true,"href":"http:\/\/cafebarbantia.barbantia.es\/index.php?rest_route=%2Fwp%2Fv2%2Fcategories&post=7584"},{"taxonomy":"post_tag","embeddable":true,"href":"http:\/\/cafebarbantia.barbantia.es\/index.php?rest_route=%2Fwp%2Fv2%2Ftags&post=7584"}],"curies":[{"name":"wp","href":"https:\/\/api.w.org\/{rel}","templated":true}]}}