{"id":7600,"date":"2017-06-12T06:00:37","date_gmt":"2017-06-12T06:00:37","guid":{"rendered":"http:\/\/cafebarbantia.barbantia.es\/?p=7600"},"modified":"2017-06-12T06:45:37","modified_gmt":"2017-06-12T06:45:37","slug":"coller-cereixas","status":"publish","type":"post","link":"http:\/\/cafebarbantia.barbantia.es\/?p=7600","title":{"rendered":"Coller cereixas"},"content":{"rendered":"<p lang=\"es-ES\" align=\"justify\"><span style=\"font-family: 'Times New Roman', serif;\"><span><span style=\"font-family: Calibri, sans-serif;\"><span><em><strong><a href=\"http:\/\/cafebarbantia.barbantia.es\/wp-content\/uploads\/2017\/06\/cerdeira.jpg\"><img decoding=\"async\" loading=\"lazy\" class=\"alignright size-medium wp-image-7602\" alt=\"cerdeira\" src=\"http:\/\/cafebarbantia.barbantia.es\/wp-content\/uploads\/2017\/06\/cerdeira-200x300.jpg\" width=\"200\" height=\"300\" srcset=\"http:\/\/cafebarbantia.barbantia.es\/wp-content\/uploads\/2017\/06\/cerdeira-200x300.jpg 200w, http:\/\/cafebarbantia.barbantia.es\/wp-content\/uploads\/2017\/06\/cerdeira.jpg 300w\" sizes=\"(max-width: 200px) 100vw, 200px\" \/><\/a>X. Ricardo Losada.\u00a0<\/strong><\/em>Onte tiven unha tarde feliz. Fun ao paseo mar\u00edtimo, e atopei as que considero condici\u00f3ns ideais para ler. Vinte e dous graos, marea alta (\u00f3ese o mar), lixeira brisa, patos acompa\u00f1ando as habituais gaivotas, e a sombra da \u00e1rbore do meu banco preferido cubr\u00edndome tronco e cabeza pero permitindo que o sol me dea nas pernas para que poida ler descalzo. Para m\u00e1is \u00eda comezar un libro, <\/span><\/span><span style=\"font-family: Calibri, sans-serif;\"><span><i>La melancol\u00eda de las obras tard\u00edas,<\/i><\/span><\/span><span style=\"font-family: Calibri, sans-serif;\"><span> dun autor do que nunca lera nada, B\u00e9la Hamvas, e esa expectativa sempre me mant\u00e9n alerta e ilusionado, como cando de neno me deitaba a noite previa a un d\u00eda de excursi\u00f3n. E a excursi\u00f3n non puido ser m\u00e1is ditosa. O libro atrapoume desde a primeira p\u00e1xina.\u00a0<!--more--><\/span><\/span><\/span><\/span><\/p>\n<p lang=\"es-ES\" align=\"justify\"><span style=\"font-family: 'Times New Roman', serif;\"><span><span style=\"font-family: Calibri, sans-serif;\"><span>A nivel racional os cap\u00edtulos que m\u00e1is me gustaron foron os dedicados a Kierkegaard e Her\u00e1clito, pero hoxe quero falar do que m\u00e1is me gustou a nivel emotivo, <\/span><\/span><span style=\"font-family: Calibri, sans-serif;\"><span><i>Coller cereixas, <\/i><\/span><\/span><span style=\"font-family: Calibri, sans-serif;\"><span>no que Hamvas di que sempre preferiu coller cereixas a coller maz\u00e1s porque, a diferenza de outubro, o mes das maz\u00e1s, no que predomina o silencio no horto, no mes de xu\u00f1o, o das cereixas, cantan no val reise\u00f1ores, pimp\u00edns, verderolos, cucos e <\/span><\/span><span style=\"font-family: Calibri, sans-serif;\"><span>pegas<\/span><\/span><span style=\"font-family: Calibri, sans-serif;\"><span>. De feito Hamvas s\u00f3 sub\u00eda \u00e1 cerdeira cando comezaba a cantar o reise\u00f1or cun canto que se parece, di, ao sabor da cereixa, case p\u00farpura, e plenamente madura. A Hamvas gust\u00e1balle espertar pola ma\u00f1\u00e1 e, cos ollos a\u00ednda pechados, o\u00edr a voz do reise\u00f1or e saber as\u00ed se o ceo estaba despexado, se o orballo mollara a herba, se as cepas da vide floreceran e se a brisa era do sueste. Hamvas di que a cerdeira \u00e9 a \u00e1rbore m\u00e1is sensible (por iso non lle permit\u00eda usar escaleira para subir a ela), e tam\u00e9n a que mellores asentos ofrece nas p\u00f3las, sobre todo nas m\u00e1is altas, onde Hamvas viviu de neno unha experiencia que non tivo nin tocando o piano, nin escribindo, nin pensando, nin viaxando. <a href=\"http:\/\/cafebarbantia.barbantia.es\/wp-content\/uploads\/2017\/06\/melancolia.jpg\"><img decoding=\"async\" loading=\"lazy\" class=\"alignleft size-medium wp-image-7603\" alt=\"melancolia\" src=\"http:\/\/cafebarbantia.barbantia.es\/wp-content\/uploads\/2017\/06\/melancolia-191x300.jpg\" width=\"191\" height=\"300\" srcset=\"http:\/\/cafebarbantia.barbantia.es\/wp-content\/uploads\/2017\/06\/melancolia-191x300.jpg 191w, http:\/\/cafebarbantia.barbantia.es\/wp-content\/uploads\/2017\/06\/melancolia-654x1024.jpg 654w, http:\/\/cafebarbantia.barbantia.es\/wp-content\/uploads\/2017\/06\/melancolia-900x1407.jpg 900w, http:\/\/cafebarbantia.barbantia.es\/wp-content\/uploads\/2017\/06\/melancolia.jpg 935w\" sizes=\"(max-width: 191px) 100vw, 191px\" \/><\/a>A experiencia da liberdade, que describe dunha forma tan extraordinaria que, l\u00e9ndoo, volv\u00edn experimentar esa atmosfera da mi\u00f1a nenez que sempre crin intraducible a palabras, e menos a\u00ednda a palabras tan abstractas: \u201cA liberdade s\u00f3 \u00e9 excitaci\u00f3n mentres non existe, mentres hai no home algo que a prohibe; en cambio, cando todo o abano de posibilidades se abre e desaparece do home a oposici\u00f3n a si mesmo, a liberdade v\u00f3lvese tan sinxela que un nin sequera a percibe se non cobra conciencia dela especificamente\u201d.<\/span><\/span><\/span><\/span><\/p>\n<p lang=\"es-ES\" align=\"justify\"><span style=\"font-family: 'Times New Roman', serif;\"><span><span style=\"font-family: Calibri, sans-serif;\"><span>Nada m\u00e1is acabar de ler ese cap\u00edtulo, p\u00faxenme a andar polo paseo mar\u00edtimo de volta \u00e1 casa. S\u00f3 me decatei de que deixara os zapatos no banco e de que cami\u00f1ara libremente descalzo cando cheguei \u00e1 estrada e o\u00edn a odiosa bucina dun coche.\u00a0<\/span><\/span><\/span><\/span><\/p>\n","protected":false},"excerpt":{"rendered":"<p>X. Ricardo Losada.\u00a0Onte tiven unha tarde feliz. Fun ao paseo mar\u00edtimo, e atopei as que considero condici\u00f3ns ideais para ler. Vinte e dous graos, marea alta (\u00f3ese o mar), lixeira brisa, patos acompa\u00f1ando as habituais gaivotas, e a sombra da \u00e1rbore do meu banco preferido cubr\u00edndome tronco e cabeza pero permitindo que o sol me &hellip; <a href=\"http:\/\/cafebarbantia.barbantia.es\/?p=7600\" class=\"more-link\">Seguir lendo <span class=\"screen-reader-text\">Coller cereixas<\/span> <span class=\"meta-nav\">&rarr;<\/span><\/a><\/p>\n","protected":false},"author":1,"featured_media":0,"comment_status":"open","ping_status":"closed","sticky":false,"template":"","format":"standard","meta":{"_bbp_topic_count":0,"_bbp_reply_count":0,"_bbp_total_topic_count":0,"_bbp_total_reply_count":0,"_bbp_voice_count":0,"_bbp_anonymous_reply_count":0,"_bbp_topic_count_hidden":0,"_bbp_reply_count_hidden":0,"_bbp_forum_subforum_count":0,"_exactmetrics_skip_tracking":false,"_exactmetrics_sitenote_active":false,"_exactmetrics_sitenote_note":"","_exactmetrics_sitenote_category":0,"_monsterinsights_skip_tracking":false,"_monsterinsights_sitenote_active":false,"_monsterinsights_sitenote_note":"","_monsterinsights_sitenote_category":0},"categories":[7,9,26],"tags":[],"aioseo_notices":[],"_links":{"self":[{"href":"http:\/\/cafebarbantia.barbantia.es\/index.php?rest_route=\/wp\/v2\/posts\/7600"}],"collection":[{"href":"http:\/\/cafebarbantia.barbantia.es\/index.php?rest_route=\/wp\/v2\/posts"}],"about":[{"href":"http:\/\/cafebarbantia.barbantia.es\/index.php?rest_route=\/wp\/v2\/types\/post"}],"author":[{"embeddable":true,"href":"http:\/\/cafebarbantia.barbantia.es\/index.php?rest_route=\/wp\/v2\/users\/1"}],"replies":[{"embeddable":true,"href":"http:\/\/cafebarbantia.barbantia.es\/index.php?rest_route=%2Fwp%2Fv2%2Fcomments&post=7600"}],"version-history":[{"count":3,"href":"http:\/\/cafebarbantia.barbantia.es\/index.php?rest_route=\/wp\/v2\/posts\/7600\/revisions"}],"predecessor-version":[{"id":7647,"href":"http:\/\/cafebarbantia.barbantia.es\/index.php?rest_route=\/wp\/v2\/posts\/7600\/revisions\/7647"}],"wp:attachment":[{"href":"http:\/\/cafebarbantia.barbantia.es\/index.php?rest_route=%2Fwp%2Fv2%2Fmedia&parent=7600"}],"wp:term":[{"taxonomy":"category","embeddable":true,"href":"http:\/\/cafebarbantia.barbantia.es\/index.php?rest_route=%2Fwp%2Fv2%2Fcategories&post=7600"},{"taxonomy":"post_tag","embeddable":true,"href":"http:\/\/cafebarbantia.barbantia.es\/index.php?rest_route=%2Fwp%2Fv2%2Ftags&post=7600"}],"curies":[{"name":"wp","href":"https:\/\/api.w.org\/{rel}","templated":true}]}}