{"id":7620,"date":"2017-07-02T06:00:28","date_gmt":"2017-07-02T06:00:28","guid":{"rendered":"http:\/\/cafebarbantia.barbantia.es\/?p=7620"},"modified":"2017-06-22T06:58:54","modified_gmt":"2017-06-22T06:58:54","slug":"ulysses-chamoume-polo-nome-i","status":"publish","type":"post","link":"http:\/\/cafebarbantia.barbantia.es\/?p=7620","title":{"rendered":"Ulysses chamoume polo nome (I)"},"content":{"rendered":"<p align=\"justify\"><em><strong><a href=\"http:\/\/cafebarbantia.barbantia.es\/wp-content\/uploads\/2017\/06\/zurich.jpg\"><img decoding=\"async\" loading=\"lazy\" class=\"alignright size-medium wp-image-7701\" alt=\"zurich\" src=\"http:\/\/cafebarbantia.barbantia.es\/wp-content\/uploads\/2017\/06\/zurich-207x300.jpg\" width=\"207\" height=\"300\" srcset=\"http:\/\/cafebarbantia.barbantia.es\/wp-content\/uploads\/2017\/06\/zurich-207x300.jpg 207w, http:\/\/cafebarbantia.barbantia.es\/wp-content\/uploads\/2017\/06\/zurich.jpg 290w\" sizes=\"(max-width: 207px) 100vw, 207px\" \/><\/a>Gonzalo Trasbach.\u00a0<\/strong><\/em>Lembremos que, con motivo da I\u00aa Guerra Mundial, James Joyce abandonou Trieste e refuxiouse en Zurich, a onde xa chegara por vez primeira na compa\u00f1a de Nora, os dous a\u00ednda mozos e cheos de enerx\u00edas e ilusi\u00f3ns, cando sa\u00edran de Irlanda pouco despois do 16 de xu\u00f1o do 1904. \u00c1 cidade su\u00edza retornou por \u00faltima vez fuxindo da Francia ocupada polos nazis. Mais nesta ocasi\u00f3n aterrou roto e enfermo, envellecido prematuramente, ao escenario onde antano ti\u00f1a despregado a s\u00faa portentosa potencia creativa. Al\u00ed foi finalmente soterrado un fr\u00edo 15 de xaneiro de 1941 no camposanto de Fluten. <!--more-->Durante a s\u00faa segunda estancia na cidade su\u00edza, completou esa pequena e inclasific\u00e1bel perla titulada <i>Giacomo Joyce<\/i>, que publicou o seu bi\u00f3grafo Richard Ellmann en 1968, e o drama <i>Exiliados<\/i>. Entre o <i>Ulysses<\/i> (1922) e <i>Finnegans Wake<\/i> (1939) editou os melodiosos poemas que compo\u00f1en ese rosario de 16 estaci\u00f3ns chamado <i>Poems Penyeach<\/i> (1927).<\/p>\n<p align=\"justify\">A\u00ednda que nunha ocasi\u00f3n comentei que me parec\u00eda un proxecto errado (a mi\u00f1a ignorancia morrer\u00e1 canda min), logo dunha nova e lenta lectura, rectifico e resalto que \u201cFinnegans Wake\u201d \u00e9 a obra na que James Joyce leva o libro da s\u00faa vida \u00e1s fondas escuridades da noite, at\u00e9 emborracharse co l\u00edquido amni\u00f3tico dos so\u00f1os e mergullarse no r\u00edo do escuro lodo irracional que serpentee libre de convencionalismos polo noso inconsciente. Trat\u00e1base de deslizarse polo vertixinoso averno do noso fondo sombr\u00edo, ao que custa moito esforzo descender e que o autor case tivo que pagar coa perda total da vista.<\/p>\n<p align=\"justify\">Na t\u00faa vida entrou James Joyce no Nadal do 1977. M\u00e1is xa antes tiveras un pequeno roce con el. Catro anos atr\u00e1s trabaras amizade cun grupo de compa\u00f1eiros da facultade de Matem\u00e1ticas de Santiago af\u00edn ao PC. Nesta panda ningu\u00e9n sab\u00eda un chisco de marxismo e de Hegel, a\u00ednda menos. Eras un mozo voluble e sobre todo impresion\u00e1bel. A\u00ednda que de substrato cat\u00f3lico-campesino-mari\u00f1eiro, gust\u00e1bache a xente de aspecto moderno. Os novos colegas parec\u00edan vivos, intelixentes e cultos. Ag\u00e1s ti, eran todos urbanitas. Ti\u00f1an libros (mesmo alg\u00fans prohibidos), discos e tocadiscos. Unha ganga para ti, que poucos ti\u00f1as. A\u00ednda cuberto coa n\u00e9boa do mundo m\u00e1xico da t\u00faa aldea, onde de rapaz te sentiras feliz e salvaxemente libre, abrazaches tremendo a nova relixi\u00f3n. Cagado de medo, cambiaches o ma\u00f1\u00e1 celeste cat\u00f3lico polo ma\u00f1\u00e1 roxo marxista. Mais tardaches uns cantos anos en quebrar o espellismo.<\/p>\n<p align=\"justify\"><a href=\"http:\/\/cafebarbantia.barbantia.es\/wp-content\/uploads\/2017\/06\/zurich2.jpg\"><img decoding=\"async\" loading=\"lazy\" class=\"alignleft size-medium wp-image-7702\" alt=\"zurich2\" src=\"http:\/\/cafebarbantia.barbantia.es\/wp-content\/uploads\/2017\/06\/zurich2-200x300.jpg\" width=\"200\" height=\"300\" srcset=\"http:\/\/cafebarbantia.barbantia.es\/wp-content\/uploads\/2017\/06\/zurich2-200x300.jpg 200w, http:\/\/cafebarbantia.barbantia.es\/wp-content\/uploads\/2017\/06\/zurich2.jpg 288w\" sizes=\"(max-width: 200px) 100vw, 200px\" \/><\/a>Por enriba, os novos \u201ccamaradas\u201d, fillos da emerxente clase media galega, eran hedonistas, divertidos e follaban coma cosacos coas s\u00faas noivas ou amigas. Mentres eles gozaban, ti escoitabas m\u00fasica, imaxinabas e so\u00f1abas. Ata ent\u00f3n eras traballador, voluntarioso e bo estudante. Logo descubriches que a preguiza era un valor revolucionario. Meu Deus! (entre tanta planificaci\u00f3n subversiva, a vida \u00edaseche entre os dedos das mans!). Semellaba que ti\u00f1an co\u00f1ecementos literarios ou intelectuais. Ti s\u00f3 sab\u00edas un pouco dos cl\u00e1sicos espa\u00f1ois e dalg\u00fans galegos. Nunha ocasi\u00f3n entraches co que m\u00e1is admirabas do grupo nunha librer\u00eda. Collestes un libro que levaba o t\u00edtulo do protagonista da <i>Odisea<\/i> de Homero. Nada sab\u00edas do seu autor, James Joyce. Pero o libro, ou talvez o mesmo Ulises, chamou por ti (e o\u00edches ben claro como te chamaba suavemente polo teu nome). Anos despois soubeches que era a primeira edici\u00f3n en castel\u00e1n do <i>Ulysses<\/i>, a de Jos\u00e9 Salas Subirats (Buenos Aires. Rueda, 1945). Bot\u00e1cheslle unha ollada. O teu colega dixo algo as\u00ed coma que non era bo para n\u00f3s. Estabas seguro de que el non o lera. Pero quedaches coa d\u00fabida e coa mosca trala orella. Calaches. As xentes de orixe rural sempre fomos moi obedientes!.<\/p>\n","protected":false},"excerpt":{"rendered":"<p>Gonzalo Trasbach.\u00a0Lembremos que, con motivo da I\u00aa Guerra Mundial, James Joyce abandonou Trieste e refuxiouse en Zurich, a onde xa chegara por vez primeira na compa\u00f1a de Nora, os dous a\u00ednda mozos e cheos de enerx\u00edas e ilusi\u00f3ns, cando sa\u00edran de Irlanda pouco despois do 16 de xu\u00f1o do 1904. \u00c1 cidade su\u00edza retornou por &hellip; <a href=\"http:\/\/cafebarbantia.barbantia.es\/?p=7620\" class=\"more-link\">Seguir lendo <span class=\"screen-reader-text\">Ulysses chamoume polo nome (I)<\/span> <span class=\"meta-nav\">&rarr;<\/span><\/a><\/p>\n","protected":false},"author":1,"featured_media":0,"comment_status":"open","ping_status":"closed","sticky":false,"template":"","format":"standard","meta":{"_bbp_topic_count":0,"_bbp_reply_count":0,"_bbp_total_topic_count":0,"_bbp_total_reply_count":0,"_bbp_voice_count":0,"_bbp_anonymous_reply_count":0,"_bbp_topic_count_hidden":0,"_bbp_reply_count_hidden":0,"_bbp_forum_subforum_count":0,"_exactmetrics_skip_tracking":false,"_exactmetrics_sitenote_active":false,"_exactmetrics_sitenote_note":"","_exactmetrics_sitenote_category":0,"_monsterinsights_skip_tracking":false,"_monsterinsights_sitenote_active":false,"_monsterinsights_sitenote_note":"","_monsterinsights_sitenote_category":0},"categories":[7,18,9],"tags":[],"aioseo_notices":[],"_links":{"self":[{"href":"http:\/\/cafebarbantia.barbantia.es\/index.php?rest_route=\/wp\/v2\/posts\/7620"}],"collection":[{"href":"http:\/\/cafebarbantia.barbantia.es\/index.php?rest_route=\/wp\/v2\/posts"}],"about":[{"href":"http:\/\/cafebarbantia.barbantia.es\/index.php?rest_route=\/wp\/v2\/types\/post"}],"author":[{"embeddable":true,"href":"http:\/\/cafebarbantia.barbantia.es\/index.php?rest_route=\/wp\/v2\/users\/1"}],"replies":[{"embeddable":true,"href":"http:\/\/cafebarbantia.barbantia.es\/index.php?rest_route=%2Fwp%2Fv2%2Fcomments&post=7620"}],"version-history":[{"count":2,"href":"http:\/\/cafebarbantia.barbantia.es\/index.php?rest_route=\/wp\/v2\/posts\/7620\/revisions"}],"predecessor-version":[{"id":7703,"href":"http:\/\/cafebarbantia.barbantia.es\/index.php?rest_route=\/wp\/v2\/posts\/7620\/revisions\/7703"}],"wp:attachment":[{"href":"http:\/\/cafebarbantia.barbantia.es\/index.php?rest_route=%2Fwp%2Fv2%2Fmedia&parent=7620"}],"wp:term":[{"taxonomy":"category","embeddable":true,"href":"http:\/\/cafebarbantia.barbantia.es\/index.php?rest_route=%2Fwp%2Fv2%2Fcategories&post=7620"},{"taxonomy":"post_tag","embeddable":true,"href":"http:\/\/cafebarbantia.barbantia.es\/index.php?rest_route=%2Fwp%2Fv2%2Ftags&post=7620"}],"curies":[{"name":"wp","href":"https:\/\/api.w.org\/{rel}","templated":true}]}}