{"id":7636,"date":"2017-07-01T06:00:53","date_gmt":"2017-07-01T06:00:53","guid":{"rendered":"http:\/\/cafebarbantia.barbantia.es\/?p=7636"},"modified":"2017-06-22T07:10:22","modified_gmt":"2017-06-22T07:10:22","slug":"galicia-e-os-galegos-na-poesia-castela-lxi-antonio-cruz","status":"publish","type":"post","link":"http:\/\/cafebarbantia.barbantia.es\/?p=7636","title":{"rendered":"Galicia e os galegos na poes\u00eda castel\u00e1 LXI. Antonio Cruz"},"content":{"rendered":"<p style=\"text-align: justify;\"><i><b><a href=\"http:\/\/cafebarbantia.barbantia.es\/wp-content\/uploads\/2017\/06\/portada_hay_luz_jpg.jpg\"><img decoding=\"async\" loading=\"lazy\" class=\"size-medium wp-image-7638 alignleft\" alt=\"portada_hay_luz_jpg\" src=\"http:\/\/cafebarbantia.barbantia.es\/wp-content\/uploads\/2017\/06\/portada_hay_luz_jpg-213x300.jpg\" width=\"213\" height=\"300\" srcset=\"http:\/\/cafebarbantia.barbantia.es\/wp-content\/uploads\/2017\/06\/portada_hay_luz_jpg-213x300.jpg 213w, http:\/\/cafebarbantia.barbantia.es\/wp-content\/uploads\/2017\/06\/portada_hay_luz_jpg-727x1024.jpg 727w, http:\/\/cafebarbantia.barbantia.es\/wp-content\/uploads\/2017\/06\/portada_hay_luz_jpg-900x1267.jpg 900w, http:\/\/cafebarbantia.barbantia.es\/wp-content\/uploads\/2017\/06\/portada_hay_luz_jpg.jpg 1136w\" sizes=\"(max-width: 213px) 100vw, 213px\" \/><\/a>Rom\u00e1n Ar\u00e9n. <\/b><\/i>Antonio Cruz Romero \u00e9 de Almer\u00eda e un dos poetas polos que me te\u00f1o interesado entre os que naceron na d\u00e9cada de 1970 (\u00e9 de 1978). Narrador e ensa\u00edsta, te\u00f1o agora nas mans a s\u00faa \u201cplaquette\u201d <i>Hay una luz remota <\/i>(2015), que se subtitula \u201cPoemas en torno a J. A. Valente\u201d, dedicada, pois, ao pai da poes\u00eda dos silencios, ourens\u00e1n que tam\u00e9n publicou fermosos versos en galego, as <i>C\u00e1ntigas do al\u00e9n. <\/i>Son once os poemas deste op\u00fasculo de Antonio Cruz, dos que o propio autor afirma que que \u00e9 sobre Valente \u201csobre el que gira cada palabra y cada verso de esta plaquette\u201d. Bo co\u00f1ecedor da poes\u00eda neerlandesa, antologou a obra dos poetas Hugo Claus e J. J. Slauerhoff.<!--more--><\/p>\n<p style=\"text-align: justify;\">Poes\u00eda elegante e cultista a de Antonio Cruz, non \u00e9 unha poes\u00eda herm\u00e9tica.<\/p>\n<p style=\"text-align: justify;\">Con ansia enfermiza busca la poeta\/y se posa, cual ave de paso, sobre el objeto-\/fetiche para fundirse con su esp\u00edritu.<\/p>\n<p style=\"text-align: justify;\">E iso pretende Cruz con Valente, unha fusi\u00f3n po\u00e9tica como homenaxe.<\/p>\n<p style=\"text-align: justify;\">Dos versos de Valente (\u201cS\u00f3lo en la ausencia de todo signo\/se posa el dios\u201d) parte o poema \u201cAl dios ausente del lugar (sin acuse de recibo)\u201d:<\/p>\n<p style=\"text-align: justify;\">Al dios del lugar, al\/dios ahora ausente\/que ha descuidado\/a sus gentes, que ha\/dejado de escupir las\/tres veces de rigor,\/que desangra las nubes\/gramo a gramo, aqu\u00ed,\/donde la muerte ya no\/existe, al dios del lugar&#8230;<\/p>\n<p style=\"text-align: justify;\">Varios dos poemas proceden do libro <i>Poemas ap\u00f3crifos. Los hijos malditos de Job <\/i>(2013 e 2015) como \u201cPoes\u00eda silenciosa\u201d (\u201cJos\u00e9 \u00c1ngel Valente in memoriam\u201d):<\/p>\n<p style=\"text-align: justify;\">Pisando las mismas\/calles,\/polvo y guijarros,\/tus rincones ocultos\/y aceras desmoronadas,\/la luz\/que te fotosintetiz\u00f3&#8230;\/ toma ahora\/el aire que otrora espirabas.<\/p>\n<p style=\"text-align: justify;\">Poemas que resucita en \u201cpuro Valente\u201d.<\/p>\n<p style=\"text-align: justify;\">&#8230;el origen de un\/universo de la\/Palabra. T\u00fa.\/Silencio.<\/p>\n<p>&nbsp;<\/p>\n","protected":false},"excerpt":{"rendered":"<p>Rom\u00e1n Ar\u00e9n. Antonio Cruz Romero \u00e9 de Almer\u00eda e un dos poetas polos que me te\u00f1o interesado entre os que naceron na d\u00e9cada de 1970 (\u00e9 de 1978). Narrador e ensa\u00edsta, te\u00f1o agora nas mans a s\u00faa \u201cplaquette\u201d Hay una luz remota (2015), que se subtitula \u201cPoemas en torno a J. A. Valente\u201d, dedicada, pois, &hellip; <a href=\"http:\/\/cafebarbantia.barbantia.es\/?p=7636\" class=\"more-link\">Seguir lendo <span class=\"screen-reader-text\">Galicia e os galegos na poes\u00eda castel\u00e1 LXI. Antonio Cruz<\/span> <span class=\"meta-nav\">&rarr;<\/span><\/a><\/p>\n","protected":false},"author":1,"featured_media":0,"comment_status":"open","ping_status":"closed","sticky":false,"template":"","format":"standard","meta":{"_bbp_topic_count":0,"_bbp_reply_count":0,"_bbp_total_topic_count":0,"_bbp_total_reply_count":0,"_bbp_voice_count":0,"_bbp_anonymous_reply_count":0,"_bbp_topic_count_hidden":0,"_bbp_reply_count_hidden":0,"_bbp_forum_subforum_count":0,"_exactmetrics_skip_tracking":false,"_exactmetrics_sitenote_active":false,"_exactmetrics_sitenote_note":"","_exactmetrics_sitenote_category":0,"_monsterinsights_skip_tracking":false,"_monsterinsights_sitenote_active":false,"_monsterinsights_sitenote_note":"","_monsterinsights_sitenote_category":0},"categories":[7,10,28],"tags":[],"aioseo_notices":[],"_links":{"self":[{"href":"http:\/\/cafebarbantia.barbantia.es\/index.php?rest_route=\/wp\/v2\/posts\/7636"}],"collection":[{"href":"http:\/\/cafebarbantia.barbantia.es\/index.php?rest_route=\/wp\/v2\/posts"}],"about":[{"href":"http:\/\/cafebarbantia.barbantia.es\/index.php?rest_route=\/wp\/v2\/types\/post"}],"author":[{"embeddable":true,"href":"http:\/\/cafebarbantia.barbantia.es\/index.php?rest_route=\/wp\/v2\/users\/1"}],"replies":[{"embeddable":true,"href":"http:\/\/cafebarbantia.barbantia.es\/index.php?rest_route=%2Fwp%2Fv2%2Fcomments&post=7636"}],"version-history":[{"count":3,"href":"http:\/\/cafebarbantia.barbantia.es\/index.php?rest_route=\/wp\/v2\/posts\/7636\/revisions"}],"predecessor-version":[{"id":7707,"href":"http:\/\/cafebarbantia.barbantia.es\/index.php?rest_route=\/wp\/v2\/posts\/7636\/revisions\/7707"}],"wp:attachment":[{"href":"http:\/\/cafebarbantia.barbantia.es\/index.php?rest_route=%2Fwp%2Fv2%2Fmedia&parent=7636"}],"wp:term":[{"taxonomy":"category","embeddable":true,"href":"http:\/\/cafebarbantia.barbantia.es\/index.php?rest_route=%2Fwp%2Fv2%2Fcategories&post=7636"},{"taxonomy":"post_tag","embeddable":true,"href":"http:\/\/cafebarbantia.barbantia.es\/index.php?rest_route=%2Fwp%2Fv2%2Ftags&post=7636"}],"curies":[{"name":"wp","href":"https:\/\/api.w.org\/{rel}","templated":true}]}}