{"id":7695,"date":"2017-06-30T06:00:53","date_gmt":"2017-06-30T06:00:53","guid":{"rendered":"http:\/\/cafebarbantia.barbantia.es\/?p=7695"},"modified":"2017-06-22T06:45:21","modified_gmt":"2017-06-22T06:45:21","slug":"cantico-espiritual-o-obxecto-do-desexo","status":"publish","type":"post","link":"http:\/\/cafebarbantia.barbantia.es\/?p=7695","title":{"rendered":"C\u00e1ntico espiritual: o obxecto do desexo"},"content":{"rendered":"<p lang=\"gl-ES\" style=\"text-align: justify;\"><em><strong><a href=\"http:\/\/cafebarbantia.barbantia.es\/wp-content\/uploads\/2017\/06\/cantico.jpeg\"><img decoding=\"async\" loading=\"lazy\" class=\"alignright size-medium wp-image-7698\" alt=\"cantico\" src=\"http:\/\/cafebarbantia.barbantia.es\/wp-content\/uploads\/2017\/06\/cantico-203x300.jpeg\" width=\"203\" height=\"300\" srcset=\"http:\/\/cafebarbantia.barbantia.es\/wp-content\/uploads\/2017\/06\/cantico-203x300.jpeg 203w, http:\/\/cafebarbantia.barbantia.es\/wp-content\/uploads\/2017\/06\/cantico.jpeg 350w\" sizes=\"(max-width: 203px) 100vw, 203px\" \/><\/a>Fidel Vidal.\u00a0<\/strong><\/em>Se o <i>Cantar dos Cantares<\/i> \u2013di J. L. Aranguren- \u00e9 un poema sobrecargado de sensualidade, o <i>C\u00e1ntico<\/i> \u00e9 profundamente er\u00f3tico. Nel o \u201cargumento\u201d, a \u201cacci\u00f3n\u201d, consiste na \u201cconsumaci\u00f3n da uni\u00f3n amorosa enteiramente narrada\u201d. Para Francisco Rico o <i>C\u00e1ntico<\/i> significa a mellor s\u00edntese da doutrina m\u00edstica que segue o itinerario cara \u00e1 uni\u00f3n (amorosa e m\u00edstica) desde os seus comezos (<i>Subida-Noche<\/i>) at\u00e9 o seu final (<i>Llama<\/i>), onde a amada (alma) atopa ao amado (Deus) nun marco natural e apracible.<\/p>\n<p lang=\"gl-ES\" style=\"text-align: justify;\"><i>Mi Amado, las monta\u00f1as,\/ los valles solitarios nemorosos,\/ las \u00ednsulas extra\u00f1as,\/ los r\u00edos sonoros,\/ el silbo de los aires amorosos.<!--more--><\/i><\/p>\n<p lang=\"gl-ES\" style=\"text-align: justify;\">Calquera transcendencia (o Un, o Ser do mundo, un indicio de Deus, o dedo que sinala) \u00e9 produto dun encerro en si mesmo. \u201cConstit\u00faese unicamente na vida da conciencia, como ligada inseparablemente a esta vida\u201d (Deleuze, <i>Meditaci\u00f3ns cartesianas<\/i>). Non podemos apartarnos da vida, desta vida expresada en palabras, para acerc\u00e1rmonos \u00e1 po\u00e9tica de Juan de la Cruz e participar dela humanamente. Porque a m\u00edstica s\u00f3 pode partir da experiencia humana, e participar do divino en tanto humano, talvez demasiado, ou demasiado pouco, humano.<\/p>\n<p lang=\"gl-ES\" style=\"text-align: justify;\"><i>Ad\u00f3nde te escondiste,\/ Amado, y me dexaste con gemido?\/ Como el ciervo huiste\/ habi\u00e9ndome herido,\/ sal\u00ed tras ti clamando y eras ido. <\/i>(Canciones entre el Alma y el Esposo)<\/p>\n<p lang=\"gl-ES\" style=\"text-align: justify;\"><a href=\"http:\/\/cafebarbantia.barbantia.es\/wp-content\/uploads\/2017\/06\/cantico2.jpg\"><img decoding=\"async\" loading=\"lazy\" class=\"alignleft size-medium wp-image-7699\" alt=\"cantico2\" src=\"http:\/\/cafebarbantia.barbantia.es\/wp-content\/uploads\/2017\/06\/cantico2-213x300.jpg\" width=\"213\" height=\"300\" srcset=\"http:\/\/cafebarbantia.barbantia.es\/wp-content\/uploads\/2017\/06\/cantico2-213x300.jpg 213w, http:\/\/cafebarbantia.barbantia.es\/wp-content\/uploads\/2017\/06\/cantico2.jpg 392w\" sizes=\"(max-width: 213px) 100vw, 213px\" \/><\/a>Como e onde atopar o obxecto do desexo? Sabemos que non existen obxectos de desexo. S\u00f3 hai suxeitos <i>desexantes<\/i>. Daquela <i>a busca<\/i> parte e debe recalar no propio suxeito. As imaxes do poeta non deixan de ser o que son: imaxes. O lugar de busca aparece como un <i>locus<\/i> xeogr\u00e1fico, a espesura dun bosque ou un val entre monta\u00f1as, cando en realidade o agocho onde se refuxia o Amado sen ningunha necesidade de refuxio, at\u00f3pase no lugar m\u00e1is preto: dentro dun mesmo.<\/p>\n<p lang=\"gl-ES\" style=\"text-align: justify;\">\u201cA levidade e o fulgor do <i>C\u00e1ntico espiritual<\/i>, acaso non traduc\u00edan a experiencia intuitiva dun \u00e1mbito alleo \u00e1 l\u00f3xica e \u00e1s tautolox\u00edas do raciocinio?\u201d (Juan Goytisolo, <i>Tel\u00f3n de boca<\/i>). L\u00e9mbrome dunha moza sufrindo de grande angustia por temor a perder o amor, non o seu amor, sen\u00f3n a s\u00faa capacidade para amar. O amado, neste caso, era irrelevante. A historia de amor radicaba nela mesma. \u201cDebe ser horrible\u201d, queix\u00e1base, \u201cnon poder amar!\u201d <i>Unha celeste ferida\/ fainos, mais non sen pegada:\/ a alma no sentido das cousas\/ a diferenza nota<\/i>. (Emily Dickinson, <i>Poemas<\/i>)<\/p>\n<p lang=\"gl-ES\" style=\"text-align: justify;\">Non hai outro agocho que a mesma alma onde o Amado vive, onde reside o desexo. Xamais o Esposo abandonar\u00e1 o <i>seu<\/i> lugar porque non existe un <i>seu<\/i> lugar onde residir. O saber do Amado v\u00e9n dado pola constante falta que se nota coa s\u00faa presenza, a ocupar todo en min sen o ocupar de vez. A san Juan de la Cruz, mesmo sen o exercicio explicativo da teolox\u00eda escol\u00e1stica, non lle falta o saber da m\u00edstica, no que se saben por amor e \u201cnon soamente se saben, mais xustamente se gustan\u201d. A experiencia \u00e9 subxectiva e intransferible, s\u00f3 compartida na intenci\u00f3n a trav\u00e9s da palabra e, dentro dela, a palabra po\u00e9tica como a m\u00e1is axustada.<\/p>\n","protected":false},"excerpt":{"rendered":"<p>Fidel Vidal.\u00a0Se o Cantar dos Cantares \u2013di J. L. Aranguren- \u00e9 un poema sobrecargado de sensualidade, o C\u00e1ntico \u00e9 profundamente er\u00f3tico. Nel o \u201cargumento\u201d, a \u201cacci\u00f3n\u201d, consiste na \u201cconsumaci\u00f3n da uni\u00f3n amorosa enteiramente narrada\u201d. Para Francisco Rico o C\u00e1ntico significa a mellor s\u00edntese da doutrina m\u00edstica que segue o itinerario cara \u00e1 uni\u00f3n (amorosa e &hellip; <a href=\"http:\/\/cafebarbantia.barbantia.es\/?p=7695\" class=\"more-link\">Seguir lendo <span class=\"screen-reader-text\">C\u00e1ntico espiritual: o obxecto do desexo<\/span> <span class=\"meta-nav\">&rarr;<\/span><\/a><\/p>\n","protected":false},"author":1,"featured_media":0,"comment_status":"open","ping_status":"closed","sticky":false,"template":"","format":"standard","meta":{"_bbp_topic_count":0,"_bbp_reply_count":0,"_bbp_total_topic_count":0,"_bbp_total_reply_count":0,"_bbp_voice_count":0,"_bbp_anonymous_reply_count":0,"_bbp_topic_count_hidden":0,"_bbp_reply_count_hidden":0,"_bbp_forum_subforum_count":0,"_exactmetrics_skip_tracking":false,"_exactmetrics_sitenote_active":false,"_exactmetrics_sitenote_note":"","_exactmetrics_sitenote_category":0,"_monsterinsights_skip_tracking":false,"_monsterinsights_sitenote_active":false,"_monsterinsights_sitenote_note":"","_monsterinsights_sitenote_category":0},"categories":[7,65,10],"tags":[],"aioseo_notices":[],"_links":{"self":[{"href":"http:\/\/cafebarbantia.barbantia.es\/index.php?rest_route=\/wp\/v2\/posts\/7695"}],"collection":[{"href":"http:\/\/cafebarbantia.barbantia.es\/index.php?rest_route=\/wp\/v2\/posts"}],"about":[{"href":"http:\/\/cafebarbantia.barbantia.es\/index.php?rest_route=\/wp\/v2\/types\/post"}],"author":[{"embeddable":true,"href":"http:\/\/cafebarbantia.barbantia.es\/index.php?rest_route=\/wp\/v2\/users\/1"}],"replies":[{"embeddable":true,"href":"http:\/\/cafebarbantia.barbantia.es\/index.php?rest_route=%2Fwp%2Fv2%2Fcomments&post=7695"}],"version-history":[{"count":2,"href":"http:\/\/cafebarbantia.barbantia.es\/index.php?rest_route=\/wp\/v2\/posts\/7695\/revisions"}],"predecessor-version":[{"id":7700,"href":"http:\/\/cafebarbantia.barbantia.es\/index.php?rest_route=\/wp\/v2\/posts\/7695\/revisions\/7700"}],"wp:attachment":[{"href":"http:\/\/cafebarbantia.barbantia.es\/index.php?rest_route=%2Fwp%2Fv2%2Fmedia&parent=7695"}],"wp:term":[{"taxonomy":"category","embeddable":true,"href":"http:\/\/cafebarbantia.barbantia.es\/index.php?rest_route=%2Fwp%2Fv2%2Fcategories&post=7695"},{"taxonomy":"post_tag","embeddable":true,"href":"http:\/\/cafebarbantia.barbantia.es\/index.php?rest_route=%2Fwp%2Fv2%2Ftags&post=7695"}],"curies":[{"name":"wp","href":"https:\/\/api.w.org\/{rel}","templated":true}]}}