{"id":7992,"date":"2017-08-27T06:00:12","date_gmt":"2017-08-27T06:00:12","guid":{"rendered":"http:\/\/cafebarbantia.barbantia.es\/?p=7992"},"modified":"2017-08-28T10:05:35","modified_gmt":"2017-08-28T10:05:35","slug":"soutelino","status":"publish","type":"post","link":"http:\/\/cafebarbantia.barbantia.es\/?p=7992","title":{"rendered":"Souteli\u00f1o"},"content":{"rendered":"<p style=\"text-align: justify;\"><em><strong><a href=\"http:\/\/cafebarbantia.barbantia.es\/wp-content\/uploads\/2017\/08\/souteli\u00f1o1.jpg\"><img decoding=\"async\" loading=\"lazy\" class=\"alignright size-full wp-image-7995\" alt=\"souteli\u00f1o1\" src=\"http:\/\/cafebarbantia.barbantia.es\/wp-content\/uploads\/2017\/08\/souteli\u00f1o1.jpg\" width=\"275\" height=\"183\" \/><\/a>Xos\u00e9 Manuel Lobato.\u00a0<\/strong><\/em>Desp\u00eddese un solleiro d\u00eda do mes de agosto deste val, unha fermosa cunca profunda entre monta\u00f1as fumegantes, doentes serras que foron devoradas polas lapas implacables deste ver\u00e1n. Chiscar ata esgotar os \u00faltimos folgos dunhas raiolas solares que xa expiran, mais a noite que nos abraza semella que emerxe luminosa, por detr\u00e1s da Serra da L\u00faa comeza a divisarse o m\u00e1xico encanto dun intenso plenilunio.<!--more--><\/p>\n<p style=\"text-align: justify;\">Aqu\u00ed, o enclave am\u00f3sase ideal para que todas esas deusas identificadas coa L\u00faa, acudan masivamente para gozar da grande plenitude lunar.<\/p>\n<p style=\"text-align: justify;\">Agardamos o espect\u00e1culo. Observar, admirar e cavilar. Neste presente de ausencias pret\u00e9ritas, facer memoria doe, mais acontece que achega sa\u00fade mental e mesmo instr\u00fae.<\/p>\n<p style=\"text-align: justify;\">Pechar os ollos e so\u00f1ar mentres a Serra da L\u00faa vai abrindo paso, formaci\u00f3n\u00a0 dunha senda para amosar a grande obra lunar. Unha funci\u00f3n na que facer lectura profunda e, mesmo comprender a devoci\u00f3n dos nosos devanceiros que viv\u00edan engaiolados polo encanto desta lucerna nocturna.<\/p>\n<p style=\"text-align: justify;\">Observaci\u00f3n e querenza dos antepasados pola L\u00faa, conseguiu un sublime maxisterio de sabedor\u00eda popular. Foi e segue sendo, unha forma de entender os cambios da natureza, tam\u00e9n o ciclo vital, convert\u00e9ndose nun reclamo cosmol\u00f3xico imprescindible na comprensi\u00f3n c\u00edclica da vida.<\/p>\n<p style=\"text-align: justify;\">Ansiosos podemos contemplar como se vai abrindo a fiestra da hora m\u00e1xica, o tecido de carqueixas da Serra da L\u00faa, deixa unha protagonista ante o seu p\u00fablico. Nesta ocasi\u00f3n amosase m\u00e1is intensa, chea de luminosidade sit\u00faase no dosel do escenario.<\/p>\n<p style=\"text-align: justify;\"><a href=\"http:\/\/cafebarbantia.barbantia.es\/wp-content\/uploads\/2017\/08\/souteli\u00f1o2.jpg\"><img decoding=\"async\" loading=\"lazy\" class=\"alignleft size-medium wp-image-7996\" alt=\"souteli\u00f1o2\" src=\"http:\/\/cafebarbantia.barbantia.es\/wp-content\/uploads\/2017\/08\/souteli\u00f1o2-300x113.jpg\" width=\"300\" height=\"113\" srcset=\"http:\/\/cafebarbantia.barbantia.es\/wp-content\/uploads\/2017\/08\/souteli\u00f1o2-300x113.jpg 300w, http:\/\/cafebarbantia.barbantia.es\/wp-content\/uploads\/2017\/08\/souteli\u00f1o2.jpg 364w\" sizes=\"(max-width: 300px) 100vw, 300px\" \/><\/a>Funci\u00f3n sublime a que se promete, na retina brincadora e no max\u00edn so\u00f1ador permanece o mergullo do Sol na costa Solpor, o astro Rei merg\u00fallase entre br\u00e9temas afastadas transform\u00e1ndose nunha barca ardente que desaparece no inmenso oc\u00e9ano.<\/p>\n<p style=\"text-align: justify;\">Mais hoxe a L\u00faa non act\u00faa coa s\u00faa habitual soidade, no reparto aparecen unhas diminutas lucernas que lle configuran un fermoso cabelo recollido en d\u00faas luminosas trenzas.<\/p>\n<p style=\"text-align: justify;\">Na hora meiga comeza a danzar no ar a luminosa cabeleira, farois embelecados con Artemisa exercendo con mestr\u00eda o rol dunha ancestral cultura tradicional de noso.<\/p>\n<p style=\"text-align: justify;\">Enclave de encantamento, Souteli\u00f1o un val, un c\u00edrculo condicionado polo ilimitado pi que se engrandece unha vez cada ano. Por\u00e9n o intre m\u00edstico acontece coa confabulaci\u00f3n da L\u00faa nova, o movemento cordal da serra da L\u00faa e sobre o diminuto souto comparecen os sons de Luar na Lubre ou da Luz do Ilicinio.<\/p>\n<p style=\"text-align: justify;\">Efluvios do pasado emerxen na noite encantada do Souteli\u00f1o, os seus incondicionais son milleiros que a\u00ednda resisten no universo lendario, son moradores convencidos polas tradici\u00f3ns de xeraci\u00f3n en xeraci\u00f3n, que chegan dende a noite dos so\u00f1os para amosar toda a sabedor\u00eda da filosof\u00eda popular.<\/p>\n","protected":false},"excerpt":{"rendered":"<p>Xos\u00e9 Manuel Lobato.\u00a0Desp\u00eddese un solleiro d\u00eda do mes de agosto deste val, unha fermosa cunca profunda entre monta\u00f1as fumegantes, doentes serras que foron devoradas polas lapas implacables deste ver\u00e1n. Chiscar ata esgotar os \u00faltimos folgos dunhas raiolas solares que xa expiran, mais a noite que nos abraza semella que emerxe luminosa, por detr\u00e1s da Serra &hellip; <a href=\"http:\/\/cafebarbantia.barbantia.es\/?p=7992\" class=\"more-link\">Seguir lendo <span class=\"screen-reader-text\">Souteli\u00f1o<\/span> <span class=\"meta-nav\">&rarr;<\/span><\/a><\/p>\n","protected":false},"author":1,"featured_media":0,"comment_status":"open","ping_status":"closed","sticky":false,"template":"","format":"standard","meta":{"_bbp_topic_count":0,"_bbp_reply_count":0,"_bbp_total_topic_count":0,"_bbp_total_reply_count":0,"_bbp_voice_count":0,"_bbp_anonymous_reply_count":0,"_bbp_topic_count_hidden":0,"_bbp_reply_count_hidden":0,"_bbp_forum_subforum_count":0,"_exactmetrics_skip_tracking":false,"_exactmetrics_sitenote_active":false,"_exactmetrics_sitenote_note":"","_exactmetrics_sitenote_category":0,"_monsterinsights_skip_tracking":false,"_monsterinsights_sitenote_active":false,"_monsterinsights_sitenote_note":"","_monsterinsights_sitenote_category":0},"categories":[8,9,44],"tags":[],"aioseo_notices":[],"_links":{"self":[{"href":"http:\/\/cafebarbantia.barbantia.es\/index.php?rest_route=\/wp\/v2\/posts\/7992"}],"collection":[{"href":"http:\/\/cafebarbantia.barbantia.es\/index.php?rest_route=\/wp\/v2\/posts"}],"about":[{"href":"http:\/\/cafebarbantia.barbantia.es\/index.php?rest_route=\/wp\/v2\/types\/post"}],"author":[{"embeddable":true,"href":"http:\/\/cafebarbantia.barbantia.es\/index.php?rest_route=\/wp\/v2\/users\/1"}],"replies":[{"embeddable":true,"href":"http:\/\/cafebarbantia.barbantia.es\/index.php?rest_route=%2Fwp%2Fv2%2Fcomments&post=7992"}],"version-history":[{"count":4,"href":"http:\/\/cafebarbantia.barbantia.es\/index.php?rest_route=\/wp\/v2\/posts\/7992\/revisions"}],"predecessor-version":[{"id":8011,"href":"http:\/\/cafebarbantia.barbantia.es\/index.php?rest_route=\/wp\/v2\/posts\/7992\/revisions\/8011"}],"wp:attachment":[{"href":"http:\/\/cafebarbantia.barbantia.es\/index.php?rest_route=%2Fwp%2Fv2%2Fmedia&parent=7992"}],"wp:term":[{"taxonomy":"category","embeddable":true,"href":"http:\/\/cafebarbantia.barbantia.es\/index.php?rest_route=%2Fwp%2Fv2%2Fcategories&post=7992"},{"taxonomy":"post_tag","embeddable":true,"href":"http:\/\/cafebarbantia.barbantia.es\/index.php?rest_route=%2Fwp%2Fv2%2Ftags&post=7992"}],"curies":[{"name":"wp","href":"https:\/\/api.w.org\/{rel}","templated":true}]}}