{"id":8095,"date":"2017-10-05T06:00:47","date_gmt":"2017-10-05T06:00:47","guid":{"rendered":"http:\/\/cafebarbantia.barbantia.es\/?p=8095"},"modified":"2017-09-26T15:47:41","modified_gmt":"2017-09-26T15:47:41","slug":"galicia-e-os-galegos-na-poesia-castela-lxviii-un-parnasiano-nunez-de-arce","status":"publish","type":"post","link":"http:\/\/cafebarbantia.barbantia.es\/?p=8095","title":{"rendered":"Galicia e os galegos na poes\u00eda castel\u00e1 LXVIII. Un parnasiano: N\u00fa\u00f1ez de Arce"},"content":{"rendered":"<p style=\"text-align: justify;\"><b><i><a href=\"http:\/\/cafebarbantia.barbantia.es\/wp-content\/uploads\/2017\/09\/220px-N\u00fa\u00f1ez_de_Arce.jpg\"><img decoding=\"async\" loading=\"lazy\" class=\"size-full wp-image-8096 alignleft\" alt=\"220px-N\u00fa\u00f1ez_de_Arce\" src=\"http:\/\/cafebarbantia.barbantia.es\/wp-content\/uploads\/2017\/09\/220px-N\u00fa\u00f1ez_de_Arce.jpg\" width=\"220\" height=\"272\" \/><\/a>Rom\u00e1n Ar\u00e9n. <\/i><\/b>\u00a0Se houbo unha figura respectada na poes\u00eda espa\u00f1ola do s\u00e9culo XIX, foi Gaspar N\u00fa\u00f1ez de Arce (1834-1903), un formalista rigoroso, considerado hoxe un poeta en exceso ret\u00f3rico, sobre o que \u00e9 escasa a bibliograf\u00eda dende 1954, ag\u00e1s o importante artigo de Urrutia \u201cEl camino cerrado de Gaspar N\u00fa\u00f1ez de Arce\u201d (1983). Sexa como for, non se pode facer a historia da poes\u00eda castel\u00e1 do s\u00e9culo XIX sen o seu libro <i>Gritos de combate <\/i>(1875). Foi un poeta esc\u00e9ptico, realista e reformista, que non evita os problemas pol\u00edticos e sociais e que poucas veces \u00e9 l\u00edrico. <!--more-->Pertence, formalmente, a unha li\u00f1a po\u00e9tica que vai de Garc\u00eda Tassara ao Duque de Amalfi, que non rematou de adaptarse ao mundo novo, que randea entre a narraci\u00f3n did\u00e1ctica e o amor pola natureza, un h\u00edbrido de romanticismo e realismo para os seus detractores. Foi tam\u00e9n dramaturgo de certo \u00e9xito, cunhas doce pezas entre as que destaca <i>El haz de le\u00f1a,<\/i> autor da novela <i>Sancho Gil <\/i>(1901), pol\u00edtico (Ministro de Ultramar en 1883) seguidor de Sagasta e membro da RAE en 1876. Ten tam\u00e9n interese o seu libro <i>Recuerdos de la guerra de \u00c1frica<\/i> (1860), pero foron moi populares os seus poemas narrativos <i>La visi\u00f3n de Fray Mart\u00edn<\/i> (1880), <i>La pesca <\/i>(1884), <i>La selva oscura <\/i>(1879) e <i>La \u00faltima lamentaci\u00f3n de Lord Byron <\/i>(1878), que eu lin nunha edici\u00f3n de 1912. Amigo da Pardo Baz\u00e1n, que o defin\u00eda como \u201cmelanc\u00f3lico\u201d e \u201cbilioso\u201d, adoitaba tomar as augas en Mondariz. Filgueira Valverde estudou a s\u00faa estad\u00eda en Pontevedra. A prensa galega reproduciu varias veces o seu \u201cCanto a Galicia\u201d, poema optimista e l\u00edrico. Eu t\u00f3moo de &lt;Aires d\u2019a Mi\u00f1a Terra&gt; de Bos Aires (1908):<\/p>\n<p style=\"text-align: justify;\">Anchos valles de Galicia\/donde el alma se dilata,\/r\u00edos de l\u00edquida plata\/agitados por el mar&#8230;\/\u00a1Dejadme sentir!\/\u00a1Dejadme so\u00f1ar!\/\/Verdes cumbres por do ruedan\/mil arroyos cristalinos,\/coronados de altos pinos\/que hasta Dios quieren llegar.\/\u00a1Dejadme sentir!\/Dejadme so\u00f1ar!\/\/En tus bosques, \u00a1oh Galicia!\/renacer mi vida siento,\/y no embarga el pensamiento\/la implacable realidad.\/La ilusi\u00f3n sus leves alas\/por la azul esfera extiende,\/como el p\u00e1jaro que hiende\/sin temor la inmensidad.\/\u00a1Bello es sentir!\/\u00a1Bello es so\u00f1ar!\/\/Los encantos de tus noches\/de reposo y calma llenas,\/mis recuerdos y mis penas\/sin sentir borrando van&#8230;\/Y despiertan en mi mente\/los ensue\u00f1os de otros d\u00edas,\/con sus santas alegr\u00edas\/que ya nunca volver\u00e1n.\/\u00a1Bello es sentir!\/ \u00a1Bello es so\u00f1ar!\/\/Cuando ausente de tu suelo\/mire nuevos horizontes,\/y otros valles y otros montes,\/y otro suelo y otro mar&#8230;\/Pintar\u00e1 mi fantas\u00eda\/tus campi\u00f1as a lo lejos,\/a los p\u00e1lidos reflejos\/de la luz crepuscular&#8230;\/\u00a1Bello es sentir!\/\u00a1Bello es so\u00f1ar!<\/p>\n","protected":false},"excerpt":{"rendered":"<p>Rom\u00e1n Ar\u00e9n. \u00a0Se houbo unha figura respectada na poes\u00eda espa\u00f1ola do s\u00e9culo XIX, foi Gaspar N\u00fa\u00f1ez de Arce (1834-1903), un formalista rigoroso, considerado hoxe un poeta en exceso ret\u00f3rico, sobre o que \u00e9 escasa a bibliograf\u00eda dende 1954, ag\u00e1s o importante artigo de Urrutia \u201cEl camino cerrado de Gaspar N\u00fa\u00f1ez de Arce\u201d (1983). Sexa como &hellip; <a href=\"http:\/\/cafebarbantia.barbantia.es\/?p=8095\" class=\"more-link\">Seguir lendo <span class=\"screen-reader-text\">Galicia e os galegos na poes\u00eda castel\u00e1 LXVIII. Un parnasiano: N\u00fa\u00f1ez de Arce<\/span> <span class=\"meta-nav\">&rarr;<\/span><\/a><\/p>\n","protected":false},"author":1,"featured_media":0,"comment_status":"open","ping_status":"closed","sticky":false,"template":"","format":"standard","meta":{"_bbp_topic_count":0,"_bbp_reply_count":0,"_bbp_total_topic_count":0,"_bbp_total_reply_count":0,"_bbp_voice_count":0,"_bbp_anonymous_reply_count":0,"_bbp_topic_count_hidden":0,"_bbp_reply_count_hidden":0,"_bbp_forum_subforum_count":0,"_exactmetrics_skip_tracking":false,"_exactmetrics_sitenote_active":false,"_exactmetrics_sitenote_note":"","_exactmetrics_sitenote_category":0,"_monsterinsights_skip_tracking":false,"_monsterinsights_sitenote_active":false,"_monsterinsights_sitenote_note":"","_monsterinsights_sitenote_category":0},"categories":[10,28],"tags":[],"aioseo_notices":[],"_links":{"self":[{"href":"http:\/\/cafebarbantia.barbantia.es\/index.php?rest_route=\/wp\/v2\/posts\/8095"}],"collection":[{"href":"http:\/\/cafebarbantia.barbantia.es\/index.php?rest_route=\/wp\/v2\/posts"}],"about":[{"href":"http:\/\/cafebarbantia.barbantia.es\/index.php?rest_route=\/wp\/v2\/types\/post"}],"author":[{"embeddable":true,"href":"http:\/\/cafebarbantia.barbantia.es\/index.php?rest_route=\/wp\/v2\/users\/1"}],"replies":[{"embeddable":true,"href":"http:\/\/cafebarbantia.barbantia.es\/index.php?rest_route=%2Fwp%2Fv2%2Fcomments&post=8095"}],"version-history":[{"count":3,"href":"http:\/\/cafebarbantia.barbantia.es\/index.php?rest_route=\/wp\/v2\/posts\/8095\/revisions"}],"predecessor-version":[{"id":8196,"href":"http:\/\/cafebarbantia.barbantia.es\/index.php?rest_route=\/wp\/v2\/posts\/8095\/revisions\/8196"}],"wp:attachment":[{"href":"http:\/\/cafebarbantia.barbantia.es\/index.php?rest_route=%2Fwp%2Fv2%2Fmedia&parent=8095"}],"wp:term":[{"taxonomy":"category","embeddable":true,"href":"http:\/\/cafebarbantia.barbantia.es\/index.php?rest_route=%2Fwp%2Fv2%2Fcategories&post=8095"},{"taxonomy":"post_tag","embeddable":true,"href":"http:\/\/cafebarbantia.barbantia.es\/index.php?rest_route=%2Fwp%2Fv2%2Ftags&post=8095"}],"curies":[{"name":"wp","href":"https:\/\/api.w.org\/{rel}","templated":true}]}}