{"id":8098,"date":"2017-10-11T06:00:19","date_gmt":"2017-10-11T06:00:19","guid":{"rendered":"http:\/\/cafebarbantia.barbantia.es\/?p=8098"},"modified":"2017-09-29T18:33:41","modified_gmt":"2017-09-29T18:33:41","slug":"galicia-e-os-galegos-na-poesia-castela-lxix-un-bohemio-emilio-carrere","status":"publish","type":"post","link":"http:\/\/cafebarbantia.barbantia.es\/?p=8098","title":{"rendered":"Galicia e os galegos na poes\u00eda castel\u00e1 LXIX. Un bohemio: Emilio Carrere"},"content":{"rendered":"<p style=\"text-align: justify;\"><b><i><a href=\"http:\/\/cafebarbantia.barbantia.es\/wp-content\/uploads\/2017\/09\/la-torre-de-los-siete-jorobados-emilio-carrere.jpeg\"><img decoding=\"async\" loading=\"lazy\" class=\"alignleft size-medium wp-image-8099\" alt=\"la-torre-de-los-siete-jorobados-emilio-carrere\" src=\"http:\/\/cafebarbantia.barbantia.es\/wp-content\/uploads\/2017\/09\/la-torre-de-los-siete-jorobados-emilio-carrere-200x300.jpeg\" width=\"200\" height=\"300\" srcset=\"http:\/\/cafebarbantia.barbantia.es\/wp-content\/uploads\/2017\/09\/la-torre-de-los-siete-jorobados-emilio-carrere-200x300.jpeg 200w, http:\/\/cafebarbantia.barbantia.es\/wp-content\/uploads\/2017\/09\/la-torre-de-los-siete-jorobados-emilio-carrere.jpeg 600w\" sizes=\"(max-width: 200px) 100vw, 200px\" \/><\/a>Rom\u00e1n Ar\u00e9n. <\/i><\/b>\u00a0Se algu\u00e9n simbolizou para moitos a bohemia e foi o seu cantor, ese \u00e9 Emilio Carrere (1881-1947), poeta e dramagurgo, xornalista e narrador. Uniu o modernismo e decadentismo, formalismo e lumpen. Entre os seus poemarios destaca <i>El caballero de la muerte <\/i>(1909), <i>Del amor, del dolor y del misterio <\/i>(1915) e <i>Los ojos de los fantasmas <\/i>(1920); entre as novelas, algunhas levadas ao cine, c\u00f3mpre citar <i>La cofrad\u00eda de la pirueta <\/i>(1912), <i>La tristeza del burdel <\/i>(1913) e a polic\u00edaca <i>La torre de los siete jorobados <\/i>(1924).<!--more--><\/p>\n<p style=\"text-align: justify;\">Carrere, modesto funcionario e \u201csablista\u201d, gustaba do suburbio, do solpor e do misterio. Na s\u00faa extensa obra po\u00e9tica hai un d\u00edptico de sonetos dedicados ao cruceiro, que non tomo directamente da s\u00faa <i>Antolog\u00eda po\u00e9tica <\/i>(1971) sen\u00f3n da <i>Antolog\u00eda de la poes\u00eda macabra espa\u00f1ola e hispanoamericana, <\/i>publicada en 2001 de Joaqu\u00edn Placios Albi\u00f1ana.<\/p>\n<p style=\"text-align: justify;\"><strong>El crucero<\/strong><\/p>\n<p style=\"text-align: justify;\">-I-<\/p>\n<p style=\"text-align: justify;\">Los viejos peregrinos de barbas apost\u00f3licas\/rezan sobre las gradas de piedra del crucero;\/el sol nimba de oro sus frentes melanc\u00f3licas,\/y hay un son de campanas en la paz del sendero.\/En este ambiente azul de m\u00edstico retablo,\/los romeros rezongan su plegaria sencilla,\/y detr\u00e1s de la cruz van los cuernos del diablo,\/que acecha las flaquezas de su carne amarilla.\/Va cayendo la tarde&#8230;Los viejos peregrinos\/se alejan lentamente por los largos caminos;\/ parpadean las luces lejanas de la aldea.\/El crucero, en la sombra crepuscular, se esfuma,\/y surge de un recodo, con su perfl de bruma\/y con dos fuegos fatuos por ojos, la Estadea.<\/p>\n<p style=\"text-align: justify;\">-II-<\/p>\n<p style=\"text-align: justify;\">De noche, cuando lloran las gaitas a\u00f1orantes,\/y hay una poes\u00eda tan sedante y tan honda,\/seg\u00fan dicen las rancias consejas inquietantes,\/a la luz de la luna los muertos van de ronda.\/Pasan, junto al crucero, torvos encapuchados,\/al ritmo de una l\u00fagubre y extra\u00f1a letan\u00eda;\/con tristes campanillas y hachones enlutados,\/va augurando la muerte la Santa Compa\u00f1\u00eda.\/Lo dicen los estrigos y los saludadores:\/si veis el Santo Entierro en las nocturnas horas,\/disponed vuestro esp\u00edritu, porque el fin es certero.\/Un d\u00eda, un peregrino, de esclavina y bord\u00f3n,\/tuvo, al cruzar el bosque, la siniestra visi\u00f3n,\/y le hallaron difunto, tendido en el crucero.<\/p>\n<p style=\"text-align: justify;\">Unha poeta galega, biling\u00fce, Herminia Fari\u00f1a Cobi\u00e1n dedicoulle a Carrere unha elex\u00eda o ano da s\u00faa morte no xornal &lt;La Noche&gt;: \u201cP\u00e9talos a Emilio Carrere\u201d (19-05-1947).<\/p>\n","protected":false},"excerpt":{"rendered":"<p>Rom\u00e1n Ar\u00e9n. \u00a0Se algu\u00e9n simbolizou para moitos a bohemia e foi o seu cantor, ese \u00e9 Emilio Carrere (1881-1947), poeta e dramagurgo, xornalista e narrador. Uniu o modernismo e decadentismo, formalismo e lumpen. Entre os seus poemarios destaca El caballero de la muerte (1909), Del amor, del dolor y del misterio (1915) e Los ojos &hellip; <a href=\"http:\/\/cafebarbantia.barbantia.es\/?p=8098\" class=\"more-link\">Seguir lendo <span class=\"screen-reader-text\">Galicia e os galegos na poes\u00eda castel\u00e1 LXIX. Un bohemio: Emilio Carrere<\/span> <span class=\"meta-nav\">&rarr;<\/span><\/a><\/p>\n","protected":false},"author":1,"featured_media":0,"comment_status":"open","ping_status":"closed","sticky":false,"template":"","format":"standard","meta":{"_bbp_topic_count":0,"_bbp_reply_count":0,"_bbp_total_topic_count":0,"_bbp_total_reply_count":0,"_bbp_voice_count":0,"_bbp_anonymous_reply_count":0,"_bbp_topic_count_hidden":0,"_bbp_reply_count_hidden":0,"_bbp_forum_subforum_count":0,"_exactmetrics_skip_tracking":false,"_exactmetrics_sitenote_active":false,"_exactmetrics_sitenote_note":"","_exactmetrics_sitenote_category":0,"_monsterinsights_skip_tracking":false,"_monsterinsights_sitenote_active":false,"_monsterinsights_sitenote_note":"","_monsterinsights_sitenote_category":0},"categories":[9,10,28],"tags":[],"aioseo_notices":[],"_links":{"self":[{"href":"http:\/\/cafebarbantia.barbantia.es\/index.php?rest_route=\/wp\/v2\/posts\/8098"}],"collection":[{"href":"http:\/\/cafebarbantia.barbantia.es\/index.php?rest_route=\/wp\/v2\/posts"}],"about":[{"href":"http:\/\/cafebarbantia.barbantia.es\/index.php?rest_route=\/wp\/v2\/types\/post"}],"author":[{"embeddable":true,"href":"http:\/\/cafebarbantia.barbantia.es\/index.php?rest_route=\/wp\/v2\/users\/1"}],"replies":[{"embeddable":true,"href":"http:\/\/cafebarbantia.barbantia.es\/index.php?rest_route=%2Fwp%2Fv2%2Fcomments&post=8098"}],"version-history":[{"count":1,"href":"http:\/\/cafebarbantia.barbantia.es\/index.php?rest_route=\/wp\/v2\/posts\/8098\/revisions"}],"predecessor-version":[{"id":8100,"href":"http:\/\/cafebarbantia.barbantia.es\/index.php?rest_route=\/wp\/v2\/posts\/8098\/revisions\/8100"}],"wp:attachment":[{"href":"http:\/\/cafebarbantia.barbantia.es\/index.php?rest_route=%2Fwp%2Fv2%2Fmedia&parent=8098"}],"wp:term":[{"taxonomy":"category","embeddable":true,"href":"http:\/\/cafebarbantia.barbantia.es\/index.php?rest_route=%2Fwp%2Fv2%2Fcategories&post=8098"},{"taxonomy":"post_tag","embeddable":true,"href":"http:\/\/cafebarbantia.barbantia.es\/index.php?rest_route=%2Fwp%2Fv2%2Ftags&post=8098"}],"curies":[{"name":"wp","href":"https:\/\/api.w.org\/{rel}","templated":true}]}}