{"id":8144,"date":"2017-09-22T06:00:05","date_gmt":"2017-09-22T06:00:05","guid":{"rendered":"http:\/\/cafebarbantia.barbantia.es\/?p=8144"},"modified":"2017-09-17T10:24:08","modified_gmt":"2017-09-17T10:24:08","slug":"a-aldea-mal-dita","status":"publish","type":"post","link":"http:\/\/cafebarbantia.barbantia.es\/?p=8144","title":{"rendered":"A aldea mal dita"},"content":{"rendered":"<figure id=\"attachment_8145\" aria-describedby=\"caption-attachment-8145\" style=\"width: 244px\" class=\"wp-caption alignright\"><a href=\"http:\/\/cafebarbantia.barbantia.es\/wp-content\/uploads\/2017\/09\/gago.jpg\"><img decoding=\"async\" loading=\"lazy\" class=\"size-medium wp-image-8145\" alt=\"Foto: Manuel Gago\" src=\"http:\/\/cafebarbantia.barbantia.es\/wp-content\/uploads\/2017\/09\/gago-244x300.jpg\" width=\"244\" height=\"300\" srcset=\"http:\/\/cafebarbantia.barbantia.es\/wp-content\/uploads\/2017\/09\/gago-244x300.jpg 244w, http:\/\/cafebarbantia.barbantia.es\/wp-content\/uploads\/2017\/09\/gago.jpg 620w\" sizes=\"(max-width: 244px) 100vw, 244px\" \/><\/a><figcaption id=\"caption-attachment-8145\" class=\"wp-caption-text\">Foto: Manuel Gago<\/figcaption><\/figure>\n<p style=\"text-align: justify;\"><em><strong>X. Ricardo Losada.\u00a0<\/strong><\/em>Estes d\u00edas anda un investigador pola aldea de Abu\u00edn, en Rianxo, intentando captar voces de mortos cunha gravadora. Xa o fixo noutros lugares do mundo. Escolleu Abu\u00edn porque se co\u00f1ece como a aldea maldita pois foi abandonada hai varios s\u00e9culos polos veci\u00f1os, convencidos de que unha maldici\u00f3n caera sobre eles tras acaecer numerosas mortes en pouco tempo. Hai, por suposto, explicaci\u00f3ns m\u00e1is cient\u00edficas, como que esas mortes foron provocadas pola peste. Non sei quen ten raz\u00f3n, pero as d\u00faas explicaci\u00f3ns son sorprendentes. <!--more-->Pouco medo lles ti\u00f1an eses veci\u00f1os \u00e1s maldici\u00f3ns ou \u00e1 peste se acabaron constru\u00edndo as novas vivendas a tan poucos metros.<\/p>\n<p style=\"text-align: justify;\">\u00a0\u00a0\u00a0\u00a0 Cando hai anos lin por primeira vez esa historia no libro das festas de Gudalupe, adoitaba correr por Abu\u00edn sen saber que era unha aldea maldita. Ao d\u00eda seguinte xa non puiden evitar p\u00f3r o o\u00eddo con m\u00e1is atenci\u00f3n, e percib\u00edn con total claridade os t\u00edpicos sons, como dunha persoa que agoniza e lle falta o alento, que saen nas pel\u00edculas de mortos. O primeiro que pensei foi que a mi\u00f1a mente que se deixara influenciar pola lectura do artigo. As\u00ed que, reflexivo como son, analicei en m\u00e1is profundidade aqueles estra\u00f1os sons para chegar \u00e1 conclusi\u00f3n de que non proced\u00edan de morto ning\u00fan, sen\u00f3n de un vivo, agonizante, iso si, pero vivo. Entrara en Abu\u00edn polo sur, e acababa de subir acelerado, supo\u00f1o que pola angustia da maldici\u00f3n, unha pronunciada costa. Simplemente arquexaba con gran intensidade.<\/p>\n<figure id=\"attachment_8146\" aria-describedby=\"caption-attachment-8146\" style=\"width: 300px\" class=\"wp-caption alignleft\"><a href=\"http:\/\/cafebarbantia.barbantia.es\/wp-content\/uploads\/2017\/09\/gago2.jpg\"><img decoding=\"async\" loading=\"lazy\" class=\"size-medium wp-image-8146\" alt=\"Foto: Manuel Gago\" src=\"http:\/\/cafebarbantia.barbantia.es\/wp-content\/uploads\/2017\/09\/gago2-300x199.jpg\" width=\"300\" height=\"199\" srcset=\"http:\/\/cafebarbantia.barbantia.es\/wp-content\/uploads\/2017\/09\/gago2-300x199.jpg 300w, http:\/\/cafebarbantia.barbantia.es\/wp-content\/uploads\/2017\/09\/gago2.jpg 620w\" sizes=\"(max-width: 300px) 100vw, 300px\" \/><\/a><figcaption id=\"caption-attachment-8146\" class=\"wp-caption-text\">Foto: Manuel Gago<\/figcaption><\/figure>\n<p style=\"text-align: justify;\">\u00a0\u00a0\u00a0\u00a0 Non tomedes o par\u00e1grafo anterior como unha alegor\u00eda. Non estou intentado dicir que as investigaci\u00f3ns psicof\u00f3nicas que est\u00e1n facendo en Abu\u00edn vaian rematar nun resultado semellante. Pouco importa se hai ou non\u00a0 voces de mortos. O importante \u00e9 o que crea a xente. De feito, se eu fose alcalde de Rianxo far\u00eda o que fixo o presidente de Islandia. Contratou uns auditores privados para analizar as contas do pa\u00eds, e d\u00edxolles que se a auditor\u00eda sa\u00eda desfavorable aos intereses do seu goberno, pagar\u00edalle x, pero se sa\u00eda favorable, 100x. Sa\u00edu, claro, o que o sentido com\u00fan dic\u00eda que ti\u00f1a que sa\u00edr, por moito que a l\u00f3xica financeira teimase en que o pa\u00eds estaba en bancarrota. Do mesmo xeito, xa que a Rianxo lle conv\u00e9n que os mortos falen en Abu\u00edn, o alcalde debera negociar \u00e1 islandesa co investigador. O turismo aumentar\u00eda moito, pero moito, e Rianxo pasar\u00eda \u00e1 historia por ser o primeiro lugar do mundo no que os defensores da ciencia e da superstici\u00f3n se puxeron de acordo. Con tantos turistas por al\u00ed o\u00edndo voces (porque as oir\u00edan), ningu\u00e9n poder\u00eda negar que Abu\u00edn \u00e9 unha aldea maldita.<\/p>\n","protected":false},"excerpt":{"rendered":"<p>X. Ricardo Losada.\u00a0Estes d\u00edas anda un investigador pola aldea de Abu\u00edn, en Rianxo, intentando captar voces de mortos cunha gravadora. Xa o fixo noutros lugares do mundo. Escolleu Abu\u00edn porque se co\u00f1ece como a aldea maldita pois foi abandonada hai varios s\u00e9culos polos veci\u00f1os, convencidos de que unha maldici\u00f3n caera sobre eles tras acaecer numerosas &hellip; <a href=\"http:\/\/cafebarbantia.barbantia.es\/?p=8144\" class=\"more-link\">Seguir lendo <span class=\"screen-reader-text\">A aldea mal dita<\/span> <span class=\"meta-nav\">&rarr;<\/span><\/a><\/p>\n","protected":false},"author":1,"featured_media":0,"comment_status":"open","ping_status":"closed","sticky":false,"template":"","format":"standard","meta":{"_bbp_topic_count":0,"_bbp_reply_count":0,"_bbp_total_topic_count":0,"_bbp_total_reply_count":0,"_bbp_voice_count":0,"_bbp_anonymous_reply_count":0,"_bbp_topic_count_hidden":0,"_bbp_reply_count_hidden":0,"_bbp_forum_subforum_count":0,"_exactmetrics_skip_tracking":false,"_exactmetrics_sitenote_active":false,"_exactmetrics_sitenote_note":"","_exactmetrics_sitenote_category":0,"_monsterinsights_skip_tracking":false,"_monsterinsights_sitenote_active":false,"_monsterinsights_sitenote_note":"","_monsterinsights_sitenote_category":0},"categories":[7,9,26],"tags":[],"aioseo_notices":[],"_links":{"self":[{"href":"http:\/\/cafebarbantia.barbantia.es\/index.php?rest_route=\/wp\/v2\/posts\/8144"}],"collection":[{"href":"http:\/\/cafebarbantia.barbantia.es\/index.php?rest_route=\/wp\/v2\/posts"}],"about":[{"href":"http:\/\/cafebarbantia.barbantia.es\/index.php?rest_route=\/wp\/v2\/types\/post"}],"author":[{"embeddable":true,"href":"http:\/\/cafebarbantia.barbantia.es\/index.php?rest_route=\/wp\/v2\/users\/1"}],"replies":[{"embeddable":true,"href":"http:\/\/cafebarbantia.barbantia.es\/index.php?rest_route=%2Fwp%2Fv2%2Fcomments&post=8144"}],"version-history":[{"count":1,"href":"http:\/\/cafebarbantia.barbantia.es\/index.php?rest_route=\/wp\/v2\/posts\/8144\/revisions"}],"predecessor-version":[{"id":8147,"href":"http:\/\/cafebarbantia.barbantia.es\/index.php?rest_route=\/wp\/v2\/posts\/8144\/revisions\/8147"}],"wp:attachment":[{"href":"http:\/\/cafebarbantia.barbantia.es\/index.php?rest_route=%2Fwp%2Fv2%2Fmedia&parent=8144"}],"wp:term":[{"taxonomy":"category","embeddable":true,"href":"http:\/\/cafebarbantia.barbantia.es\/index.php?rest_route=%2Fwp%2Fv2%2Fcategories&post=8144"},{"taxonomy":"post_tag","embeddable":true,"href":"http:\/\/cafebarbantia.barbantia.es\/index.php?rest_route=%2Fwp%2Fv2%2Ftags&post=8144"}],"curies":[{"name":"wp","href":"https:\/\/api.w.org\/{rel}","templated":true}]}}