{"id":8155,"date":"2017-09-30T06:00:42","date_gmt":"2017-09-30T06:00:42","guid":{"rendered":"http:\/\/cafebarbantia.barbantia.es\/?p=8155"},"modified":"2017-09-21T16:07:10","modified_gmt":"2017-09-21T16:07:10","slug":"sobre-a-morte-do-pai","status":"publish","type":"post","link":"http:\/\/cafebarbantia.barbantia.es\/?p=8155","title":{"rendered":"Sobre a morte do pai"},"content":{"rendered":"<p style=\"text-align: justify;\"><em><strong><a href=\"http:\/\/cafebarbantia.barbantia.es\/wp-content\/uploads\/2017\/09\/matar-pai.jpeg\"><img decoding=\"async\" loading=\"lazy\" class=\"alignright size-medium wp-image-8156\" alt=\"matar pai\" src=\"http:\/\/cafebarbantia.barbantia.es\/wp-content\/uploads\/2017\/09\/matar-pai-300x166.jpeg\" width=\"300\" height=\"166\" srcset=\"http:\/\/cafebarbantia.barbantia.es\/wp-content\/uploads\/2017\/09\/matar-pai-300x166.jpeg 300w, http:\/\/cafebarbantia.barbantia.es\/wp-content\/uploads\/2017\/09\/matar-pai.jpeg 612w\" sizes=\"(max-width: 300px) 100vw, 300px\" \/><\/a>Fidel Vidal.\u00a0<\/strong><\/em>D\u00e1se por suposto que os pais queren aos fillos, e que os queren por un igual, do mesmo xeito que os fillos, en simetr\u00eda, tam\u00e9n a eles, e non saben que responder se lles preguntan: a quen queres m\u00e1is, a pap\u00e1 ou a mam\u00e1? Unha idea, a da \u201cigualdade\u201d, aplicada polo cristianismo, desde a \u00f3ptica divina, a todos os seres humanos.<!--more--> Pero resulta que non somos iguais, que existen diferenzas entre uns e outros. E de a\u00ed xorden a sorpresa e o conflito. Son precisamente esas diferenzas as que enriquecen o ser humano, son a mesma sustancia dos homes como diferentes.<\/p>\n<p style=\"text-align: justify;\">\u201dO ex\u00e9rcito e a igrexa\u201d, apunta Freud, \u201crepousan na mesma ilusi\u00f3n de que o xefe ama por igual a todos os individuos. Pero isto non \u00e9 sen\u00f3n a transformaci\u00f3n idealista das condici\u00f3ns da horda primitiva, na que todos os fillos s\u00e1bense igualmente perseguidos polo pai, que lles inspira a todos o mesmo temor\u201d (<i>Psicolox\u00eda das masas<\/i>). Como mostra temos os Mandamentos que nos esixen \u201camar a Deus\u201d, \u201chonrar os pais\u201d, como se se puidera amar por decreto e honrar sen m\u00e1is a quen non \u00e9 digno.<\/p>\n<p style=\"text-align: justify;\">No caso de Edipo, non ser\u00eda de xustiza contar cunha avaliaci\u00f3n unicamente en termos de parricidio e incesto, de etiquetalo como parricida e incestuoso. A s\u00faa imaxe aparece como un asasino en potencia, e nada menos que do seu pai. Se algu\u00e9n desexa a morte doutro -e a morte sempre chega-, este algu\u00e9n ser\u00e1, \u00e9 xa, un asasino. Ademais, por se iso non bastase, a morte da que falamos non \u00e9 unha morte por encargo sen\u00f3n a mans do seu propio fillo. E se a\u00ednda non abondase co anterior, o crime vai estar vinculado a un asunto de faldras: conseguir a muller matando o rival.<\/p>\n<p style=\"text-align: justify;\"><a href=\"http:\/\/cafebarbantia.barbantia.es\/wp-content\/uploads\/2017\/09\/matar-2.jpg\"><img decoding=\"async\" loading=\"lazy\" class=\"alignleft size-medium wp-image-8157\" alt=\"matar 2\" src=\"http:\/\/cafebarbantia.barbantia.es\/wp-content\/uploads\/2017\/09\/matar-2-225x300.jpg\" width=\"225\" height=\"300\" srcset=\"http:\/\/cafebarbantia.barbantia.es\/wp-content\/uploads\/2017\/09\/matar-2-225x300.jpg 225w, http:\/\/cafebarbantia.barbantia.es\/wp-content\/uploads\/2017\/09\/matar-2.jpg 768w\" sizes=\"(max-width: 225px) 100vw, 225px\" \/><\/a>Como se ve, a Edipo conf\u00fandese co asasino do \u201dpai primordial\u201d (unha especie de macho alfa) da lenda freudiana (<i>Totem e tab\u00fa<\/i>) da \u201chorda primitiva\u201d a mans da \u201cfratr\u00eda\u201d (necesitada de participar dos bens \u2013e das femias- secuestrados polo pai). Salvando distancias, ecos deste relato soan n\u2019<i>Os irm\u00e1ns Karam\u00e1zov<\/i> de Dostoievsky. \u00a0Estamos a falar cunhas palabras demasiado fortes: asasinato, vinganza, luxuria, un tema turbio onde os haxa. O asunto enm\u00e1rcase a\u00ednda m\u00e1is na sordidez abafante cando, no caso de Edipo, a muller resulta ser a propia nai. Ao asasinato engadimos o incesto. Velaqu\u00ed o pecado primario en relaci\u00f3n \u00e1 prohibici\u00f3n universal do incesto. Esta prohibici\u00f3n pertence \u00e1 lei humana da que se libran, naturalmente, os deuses e alg\u00fans dos seus representantes, como emperadores e reis.<\/p>\n<p style=\"text-align: justify;\">A traxedia <i>Edipo, Rei<\/i>, de S\u00f3focles, na que se basea Freud para as s\u00faas teor\u00edas ao respecto do \u201ccomplexo\u201d, \u00e9 especialmente complicada. Esqu\u00e9cese do mito da \u201chorda primitiva\u201d e c\u00e9ntrase na obra do cl\u00e1sico grego. Mais non poder\u00edamos entender o Edipo sen co\u00f1ecer a s\u00faa vida, mesmo os seus antecedentes persoais. Se facemos caso a Freud, necesitamos regresar a S\u00f3focles. Nel atoparemos as claves para un mellor co\u00f1ecemento de tal embrollo.<\/p>\n","protected":false},"excerpt":{"rendered":"<p>Fidel Vidal.\u00a0D\u00e1se por suposto que os pais queren aos fillos, e que os queren por un igual, do mesmo xeito que os fillos, en simetr\u00eda, tam\u00e9n a eles, e non saben que responder se lles preguntan: a quen queres m\u00e1is, a pap\u00e1 ou a mam\u00e1? Unha idea, a da \u201cigualdade\u201d, aplicada polo cristianismo, desde a &hellip; <a href=\"http:\/\/cafebarbantia.barbantia.es\/?p=8155\" class=\"more-link\">Seguir lendo <span class=\"screen-reader-text\">Sobre a morte do pai<\/span> <span class=\"meta-nav\">&rarr;<\/span><\/a><\/p>\n","protected":false},"author":1,"featured_media":0,"comment_status":"open","ping_status":"closed","sticky":false,"template":"","format":"standard","meta":{"_bbp_topic_count":0,"_bbp_reply_count":0,"_bbp_total_topic_count":0,"_bbp_total_reply_count":0,"_bbp_voice_count":0,"_bbp_anonymous_reply_count":0,"_bbp_topic_count_hidden":0,"_bbp_reply_count_hidden":0,"_bbp_forum_subforum_count":0,"_exactmetrics_skip_tracking":false,"_exactmetrics_sitenote_active":false,"_exactmetrics_sitenote_note":"","_exactmetrics_sitenote_category":0,"_monsterinsights_skip_tracking":false,"_monsterinsights_sitenote_active":false,"_monsterinsights_sitenote_note":"","_monsterinsights_sitenote_category":0},"categories":[7,65],"tags":[],"aioseo_notices":[],"_links":{"self":[{"href":"http:\/\/cafebarbantia.barbantia.es\/index.php?rest_route=\/wp\/v2\/posts\/8155"}],"collection":[{"href":"http:\/\/cafebarbantia.barbantia.es\/index.php?rest_route=\/wp\/v2\/posts"}],"about":[{"href":"http:\/\/cafebarbantia.barbantia.es\/index.php?rest_route=\/wp\/v2\/types\/post"}],"author":[{"embeddable":true,"href":"http:\/\/cafebarbantia.barbantia.es\/index.php?rest_route=\/wp\/v2\/users\/1"}],"replies":[{"embeddable":true,"href":"http:\/\/cafebarbantia.barbantia.es\/index.php?rest_route=%2Fwp%2Fv2%2Fcomments&post=8155"}],"version-history":[{"count":1,"href":"http:\/\/cafebarbantia.barbantia.es\/index.php?rest_route=\/wp\/v2\/posts\/8155\/revisions"}],"predecessor-version":[{"id":8158,"href":"http:\/\/cafebarbantia.barbantia.es\/index.php?rest_route=\/wp\/v2\/posts\/8155\/revisions\/8158"}],"wp:attachment":[{"href":"http:\/\/cafebarbantia.barbantia.es\/index.php?rest_route=%2Fwp%2Fv2%2Fmedia&parent=8155"}],"wp:term":[{"taxonomy":"category","embeddable":true,"href":"http:\/\/cafebarbantia.barbantia.es\/index.php?rest_route=%2Fwp%2Fv2%2Fcategories&post=8155"},{"taxonomy":"post_tag","embeddable":true,"href":"http:\/\/cafebarbantia.barbantia.es\/index.php?rest_route=%2Fwp%2Fv2%2Ftags&post=8155"}],"curies":[{"name":"wp","href":"https:\/\/api.w.org\/{rel}","templated":true}]}}