{"id":8182,"date":"2017-10-08T06:00:01","date_gmt":"2017-10-08T06:00:01","guid":{"rendered":"http:\/\/cafebarbantia.barbantia.es\/?p=8182"},"modified":"2017-09-26T15:49:23","modified_gmt":"2017-09-26T15:49:23","slug":"actividades-legais","status":"publish","type":"post","link":"http:\/\/cafebarbantia.barbantia.es\/?p=8182","title":{"rendered":"Actividades legais"},"content":{"rendered":"<p style=\"text-align: justify;\"><em><strong><a href=\"http:\/\/cafebarbantia.barbantia.es\/wp-content\/uploads\/2017\/09\/BS23C8F2_202944.jpg\"><img decoding=\"async\" loading=\"lazy\" class=\"size-medium wp-image-8183 alignright\" alt=\"BS23C8F2_202944\" src=\"http:\/\/cafebarbantia.barbantia.es\/wp-content\/uploads\/2017\/09\/BS23C8F2_202944-300x168.jpg\" width=\"300\" height=\"168\" srcset=\"http:\/\/cafebarbantia.barbantia.es\/wp-content\/uploads\/2017\/09\/BS23C8F2_202944-300x168.jpg 300w, http:\/\/cafebarbantia.barbantia.es\/wp-content\/uploads\/2017\/09\/BS23C8F2_202944.jpg 900w\" sizes=\"(max-width: 300px) 100vw, 300px\" \/><\/a>Francisco Ant. Vidal Blanco.\u00a0<\/strong><\/em>Moitos xa saben que o amigo Xulio est\u00e1 preparando a s\u00faa xubilaci\u00f3n e o que m\u00e1is lle doe \u00e9 que tras ese d\u00eda que eufemisticamente se chama pasar a mellor vida, seguramente non poida seguir coas s\u00faas colaboraci\u00f3ns period\u00edsticas de un folio de extensi\u00f3n, polo que era gratificado con menos de dez euros <!--more-->unha vez descontado o correspondente IRPF, un \u00absobre soldo\u00bb que empregaba en mercar libros de segunda man, ir \u00f3 cine-club do barrio ou asistir a un concerto de m\u00fasica alternativa nalg\u00fan pub da cidade vella. A partir do seu 65 aniversario daralle as costas \u00e1s aulas do instituto e deixar\u00e1 de contar as s\u00faas experiencias sociais e pol\u00edticas na prensa local por medo a perder a pensi\u00f3n.<\/p>\n<div id=\"ad_RobaPaginasMobileTEXTO_DETALLE\" itemscope=\"\" itemtype=\"https:\/\/schema.org\/WPAdBlock\" style=\"text-align: justify;\" data-url=\"\/4900\/webm.EXT.LAVOZDEGALICIA\/edicion\/\/barbanza\" data-mapping=\"ROBAMOBILE\" data-sizes=\"[[300,250],[300,300],[350, 300],[300,600],[350, 600]]\" data-param=\"pos\" data-format=\"mobile\" data-targeting=\"robapaginas\"><span style=\"font-size: 16px;\">T\u00e9meo porque houbo casos recentes que asaltaron por sorpresa a varios periodistas e escritores retirados (Peridis, Caballero Bonald, Javier Reverte, Gamoneda ou Eduardo Mendoza, entre outros) a quen lle negaron o subsidio por cobrar os dereitos de autor. E a\u00ed andan agora os de Cedro e as asociaci\u00f3ns de escritores tratando de ama\u00f1ar o asunto, porque iso tam\u00e9n ve\u00f1en sendo os rendementos dunha vida laboral, e se un potentado xubilado pode recibir os beneficios das s\u00faas inversi\u00f3ns na bolsa (contadas en mill\u00f3ns de euros) sen perder a paga pola que cotizou, \u00bfpor que non ha de poder recibilas un cabeza pensante por manifestar as s\u00faas opini\u00f3ns, consellos ou simple espallamento p\u00fablico de datos culturetas (un par de centos de euros \u00f3 ano e con sorte), se tam\u00e9n cotizou pola s\u00faa pensi\u00f3n de xubilaci\u00f3n durante todos os anos que a lei esixe ou a\u00ednda alg\u00fan m\u00e1is?<\/span><\/div>\n<p style=\"text-align: justify;\">Agora, de cara a tanto tempo libre que vai ter, o home argallou que tras colgar o barrete e a pluma por imposici\u00f3n legal, e non por gusto como os boxeadores as luvas, dedicarase a esa leira herdada de catro cuncas, e vender\u00e1 as patacas que colleite na porta da casa, a un euro o quilo, por ser patacas do pa\u00eds, que aqu\u00ed a xente \u00e9che moi nacionalista na cuesti\u00f3n dos produtos propios, e basta que se lle po\u00f1a o ep\u00edteto de \u00abpa\u00eds\u00bb \u00e1s patacas, \u00e1s sardi\u00f1as ou \u00e1s ameixas para que se vendan nun santiam\u00e9n. <a href=\"http:\/\/cafebarbantia.barbantia.es\/wp-content\/uploads\/2017\/09\/poeta-pobre.jpg\"><img decoding=\"async\" loading=\"lazy\" class=\"size-medium wp-image-8184 alignleft\" alt=\"poeta pobre\" src=\"http:\/\/cafebarbantia.barbantia.es\/wp-content\/uploads\/2017\/09\/poeta-pobre-300x199.jpg\" width=\"300\" height=\"199\" srcset=\"http:\/\/cafebarbantia.barbantia.es\/wp-content\/uploads\/2017\/09\/poeta-pobre-300x199.jpg 300w, http:\/\/cafebarbantia.barbantia.es\/wp-content\/uploads\/2017\/09\/poeta-pobre.jpg 341w\" sizes=\"(max-width: 300px) 100vw, 300px\" \/><\/a>Cincuenta quilos a un euro o quilo son cincuenta euros, polos que nin o ministro de facenda se vai molestar a\u00ednda que sexa di\u00f1eiro negro, e se cadra ata el pasar\u00e1 a mercalas, porque os produtos do pa\u00eds \u00abmade in Galiza\u00bb te\u00f1en moi boa prensa en Madrid. O \u00fanico que molesta na capital do reino e na sede do arcebispado \u00e9 que se cobre, a\u00ednda que sexa unha insignificancia, por opinar e sinalar as vergo\u00f1as de quen goberna. Xa se sabe que contra a liberdade de expresi\u00f3n est\u00e1 a lei da represi\u00f3n mellor ou peor camuflada.<\/p>\n<div id=\"ad_Roba2DetalleTEXTO_DETALLE\" itemscope=\"\" itemtype=\"https:\/\/schema.org\/WPAdBlock\" data-url=\"\/2260323\/Roba_2_detalle\" data-mapping=\"ROBA600\" data-sizes=\"[[300,600]]\" data-param=\"\" data-format=\"double\" data-targeting=\"\" data-google-query-id=\"CKvRptfDvtYCFZyIdwoduUQHfg\">\n<div id=\"google_ads_iframe_\/2260323\/Roba_2_detalle_0__container__\" style=\"text-align: justify;\"><span style=\"font-size: 16px;\">A outra actividade que pensa levar a cabo o amigo Xulio ser\u00e1 a de cortarlle a herba \u00e1s leiras de cada veci\u00f1o que llo pida, cunha segadora el\u00e9ctrica que mercou, e neste caso a s\u00faa tarifa ser\u00e1 dunha ducia de botellas de vi\u00f1o da ribeira do Avia por ferrado, ou a s\u00faa parte proporcional por cunca. Que isto tampouco o ten en conta a facenda p\u00fablica. Ambas as d\u00faas son actividades legais e consentidas. O \u00fanico ilegal seguir\u00e1 sendo que un pensionista cobre por dar a s\u00faa opini\u00f3n nun medio p\u00fablico, pois xa se sabe que os xubiletas te\u00f1en moito tempo para pensar e esbardallar. E o \u00fanico acto cultural que se lles permite ser\u00e1 a participaci\u00f3n neses insulsos, restrinxidos e arcaicos certames po\u00e9ticos, sempre e cando o premio non pase de ser unha flor natural.<\/span><\/div>\n<\/div>\n","protected":false},"excerpt":{"rendered":"<p>Francisco Ant. Vidal Blanco.\u00a0Moitos xa saben que o amigo Xulio est\u00e1 preparando a s\u00faa xubilaci\u00f3n e o que m\u00e1is lle doe \u00e9 que tras ese d\u00eda que eufemisticamente se chama pasar a mellor vida, seguramente non poida seguir coas s\u00faas colaboraci\u00f3ns period\u00edsticas de un folio de extensi\u00f3n, polo que era gratificado con menos de dez &hellip; <a href=\"http:\/\/cafebarbantia.barbantia.es\/?p=8182\" class=\"more-link\">Seguir lendo <span class=\"screen-reader-text\">Actividades legais<\/span> <span class=\"meta-nav\">&rarr;<\/span><\/a><\/p>\n","protected":false},"author":1,"featured_media":0,"comment_status":"open","ping_status":"closed","sticky":false,"template":"","format":"standard","meta":{"_bbp_topic_count":0,"_bbp_reply_count":0,"_bbp_total_topic_count":0,"_bbp_total_reply_count":0,"_bbp_voice_count":0,"_bbp_anonymous_reply_count":0,"_bbp_topic_count_hidden":0,"_bbp_reply_count_hidden":0,"_bbp_forum_subforum_count":0,"_exactmetrics_skip_tracking":false,"_exactmetrics_sitenote_active":false,"_exactmetrics_sitenote_note":"","_exactmetrics_sitenote_category":0,"_monsterinsights_skip_tracking":false,"_monsterinsights_sitenote_active":false,"_monsterinsights_sitenote_note":"","_monsterinsights_sitenote_category":0},"categories":[7,52],"tags":[],"aioseo_notices":[],"_links":{"self":[{"href":"http:\/\/cafebarbantia.barbantia.es\/index.php?rest_route=\/wp\/v2\/posts\/8182"}],"collection":[{"href":"http:\/\/cafebarbantia.barbantia.es\/index.php?rest_route=\/wp\/v2\/posts"}],"about":[{"href":"http:\/\/cafebarbantia.barbantia.es\/index.php?rest_route=\/wp\/v2\/types\/post"}],"author":[{"embeddable":true,"href":"http:\/\/cafebarbantia.barbantia.es\/index.php?rest_route=\/wp\/v2\/users\/1"}],"replies":[{"embeddable":true,"href":"http:\/\/cafebarbantia.barbantia.es\/index.php?rest_route=%2Fwp%2Fv2%2Fcomments&post=8182"}],"version-history":[{"count":2,"href":"http:\/\/cafebarbantia.barbantia.es\/index.php?rest_route=\/wp\/v2\/posts\/8182\/revisions"}],"predecessor-version":[{"id":8199,"href":"http:\/\/cafebarbantia.barbantia.es\/index.php?rest_route=\/wp\/v2\/posts\/8182\/revisions\/8199"}],"wp:attachment":[{"href":"http:\/\/cafebarbantia.barbantia.es\/index.php?rest_route=%2Fwp%2Fv2%2Fmedia&parent=8182"}],"wp:term":[{"taxonomy":"category","embeddable":true,"href":"http:\/\/cafebarbantia.barbantia.es\/index.php?rest_route=%2Fwp%2Fv2%2Fcategories&post=8182"},{"taxonomy":"post_tag","embeddable":true,"href":"http:\/\/cafebarbantia.barbantia.es\/index.php?rest_route=%2Fwp%2Fv2%2Ftags&post=8182"}],"curies":[{"name":"wp","href":"https:\/\/api.w.org\/{rel}","templated":true}]}}