{"id":8204,"date":"2017-10-09T06:00:03","date_gmt":"2017-10-09T06:00:03","guid":{"rendered":"http:\/\/cafebarbantia.barbantia.es\/?p=8204"},"modified":"2017-09-29T16:30:11","modified_gmt":"2017-09-29T16:30:11","slug":"mapas-politicos-e-mapas-fisicos-ou-hai-lemures-em-europa","status":"publish","type":"post","link":"http:\/\/cafebarbantia.barbantia.es\/?p=8204","title":{"rendered":"Mapas pol\u00edticos e mapas f\u00edsicos, ou Hai l\u00e9mures em Europa?"},"content":{"rendered":"<figure id=\"attachment_8206\" aria-describedby=\"caption-attachment-8206\" style=\"width: 300px\" class=\"wp-caption alignleft\"><a href=\"http:\/\/cafebarbantia.barbantia.es\/wp-content\/uploads\/2017\/09\/Foto-1-mesquita.jpg\"><img decoding=\"async\" loading=\"lazy\" class=\"size-medium wp-image-8206\" alt=\"A &quot;mesquita m\u00e1is velha da Fran\u00e7a&quot;\" src=\"http:\/\/cafebarbantia.barbantia.es\/wp-content\/uploads\/2017\/09\/Foto-1-mesquita-300x225.jpg\" width=\"300\" height=\"225\" srcset=\"http:\/\/cafebarbantia.barbantia.es\/wp-content\/uploads\/2017\/09\/Foto-1-mesquita-300x225.jpg 300w, http:\/\/cafebarbantia.barbantia.es\/wp-content\/uploads\/2017\/09\/Foto-1-mesquita-1024x768.jpg 1024w, http:\/\/cafebarbantia.barbantia.es\/wp-content\/uploads\/2017\/09\/Foto-1-mesquita-900x675.jpg 900w\" sizes=\"(max-width: 300px) 100vw, 300px\" \/><\/a><figcaption id=\"caption-attachment-8206\" class=\"wp-caption-text\">A &#8220;mesquita m\u00e1is velha da Fran\u00e7a&#8221;<\/figcaption><\/figure>\n<p style=\"text-align: justify;\"><em><strong>Alberte Pag\u00e1n.\u00a0<\/strong><\/em>De cativo, na escola, sempre me surprendia o dado de que a montanha mais alta do Reino de Espanha fosse o Teide, um afastado volc\u00e1m que se topava al\u00e9m o oceano. Tampouco nom entendia a exist\u00eancia da Europa como continente, pois contradizia a defini\u00e7om do termo. A medida que um ia madurando politicamente come\u00e7ava a entender a orige destas mentiras ling\u00fc\u00edsticas que, no fundo, eram (som) mentiras pol\u00edticas. <!--more-->Obviamente, como \u00edamos compartir territ\u00f3rio cos asi\u00e1ticos, n\u00f3s, tam civilizados? Se fai falta, erguemos uns muros (os montes Urais, o C\u00e1ucaso) e dividimos Eur\u00e1sia em dous continentes fict\u00edcios. E que passa com Ge\u00f3rgia, integrada no Conselho de Europa, ao igual que o Azebaij\u00e1m? Se som Europa, daquela o vizinho Ir\u00e1m tam\u00e9m \u00e9 Europa? Ou s\u00f3 formam parte de Europa os pa\u00edses que n\u00f3s queremos? O mapa pol\u00edtico esfaragulhava-se-me entre as maos.<\/p>\n<p style=\"text-align: justify;\">Maor\u00e9 (Mayotte) e a Reuniom som dous departamentos de ultramar da Fran\u00e7a, e por tanto territ\u00f3rio Europeu. Na realidade, temos que dizer que som duas ilhas do Oceano \u00cdndico ocupadas pola Fran\u00e7a, em contra das directrizes anti-coloniais da ONU. Em tanto a Reuniom \u00e9 (culturalmente) 70% francesa e cat\u00f3lica (apesar da grande variedade gen\u00e9tica euro-afro-asi\u00e1tica), Maor\u00e9 \u00e9 um 95% africana e musulm\u00e1. Nom hai mais que botar-lhe umha olhada aos nomes das vilas dumha e outra ilha para fazermo-nos umha idea: St-Denis, St-Pierre, St-Paul, Ste-Suzanne por umha banda; Dzaoudzi, Mamoudzou, Chingani, Mtzamboro pola outra.<\/p>\n<p style=\"text-align: justify;\">Em ambos casos o mapa pol\u00edtico delata umha injusti\u00e7a (e ilegalidade) hist\u00f3rica. Por muito que a popula\u00e7om de Maor\u00e9 votasse em referendo a perman\u00eancia na Fran\u00e7a (\u201cPermanecer na Fran\u00e7a para seguir sendo livres\u201d era o lema da campanha), para a ONU, apesar do esperado veto da Fran\u00e7a, Maor\u00e9 segue a ser parte inalien\u00e1vel das Comores.<\/p>\n<figure id=\"attachment_8207\" aria-describedby=\"caption-attachment-8207\" style=\"width: 225px\" class=\"wp-caption alignright\"><a href=\"http:\/\/cafebarbantia.barbantia.es\/wp-content\/uploads\/2017\/09\/Foto-2-Mihrab.jpg\"><img decoding=\"async\" loading=\"lazy\" class=\"size-medium wp-image-8207\" alt=\"Foto 2 - Mihrab\" src=\"http:\/\/cafebarbantia.barbantia.es\/wp-content\/uploads\/2017\/09\/Foto-2-Mihrab-225x300.jpg\" width=\"225\" height=\"300\" srcset=\"http:\/\/cafebarbantia.barbantia.es\/wp-content\/uploads\/2017\/09\/Foto-2-Mihrab-225x300.jpg 225w, http:\/\/cafebarbantia.barbantia.es\/wp-content\/uploads\/2017\/09\/Foto-2-Mihrab-768x1024.jpg 768w, http:\/\/cafebarbantia.barbantia.es\/wp-content\/uploads\/2017\/09\/Foto-2-Mihrab-900x1200.jpg 900w\" sizes=\"(max-width: 225px) 100vw, 225px\" \/><\/a><figcaption id=\"caption-attachment-8207\" class=\"wp-caption-text\">Mihrab da mesquita de Tsingoni<\/figcaption><\/figure>\n<p style=\"text-align: justify;\">Ao princ\u00edpio de <i>La Sir\u00e8ne du Mississipi<\/i> (Fran\u00e7ois Truffaut, 1969) Jean-Paul Belmondo percorre a estrada que vai de Le Port a Saint Denis, na Reuniom. Esta estrada, em loita cont\u00ednua cos derrubamentos da escarpa pola que discorre e baixo os constantes ataques do oceano, \u00e9 a dia de hoje a \u201cestrada mais cara da Fran\u00e7a\u201d, segundo a imprensa local, umha Fran\u00e7a que, no mapa f\u00edsico, est\u00e1 a uns quantos milheiros de quil\u00f3metros de dist\u00e2ncia. E na costa oeste de Maor\u00e9 um pode achegar-se a Tsingoni para visitar o fermoso mihrab da sua mesquita do S XV; si, efectivamente: trata-se da \u201cmesquita mais velha da Fran\u00e7a\u201d. Penso no Teide.<\/p>\n<p style=\"text-align: justify;\">Por\u00e9m, quando a actividade humana, e portanto pol\u00edtica, se deixa de lado e nos centramos na natureza, a geografia recupera a sua realidade. O <i>papangue<\/i> \u00e9 a \u00fanica ave rapaz da Reuniom e, dim, umha das mais amea\u00e7adas \u201cde \u00c1frica\u201d.<\/p>\n<p style=\"text-align: justify;\">Os mapas pol\u00edticos, quando contrapostos aos mapas f\u00edsicos, revelam a Hist\u00f3ria em toda a sua crueza, destapam as suas incongru\u00eancias e reflictem os seus anacronismos. A geografia \u00e9 teimuda e \u00e9 quem de esbaralhar, dumha soa olhada, as nossas mais queridas constru\u00e7ons pol\u00edticas: a\u00ed est\u00e1 a geografia de Gibraltar e do Ulster, de Ceuta e Melilha, loitando contra as fronteiras pol\u00edticas impostas polos poderes coloniais.<\/p>\n<p style=\"text-align: justify;\">De cativo, na escola, aprendim que os l\u00e9mures eram end\u00e9micos de Madag\u00e1scar. Logo soubem que umha esp\u00e9cie de l\u00e9mur, conhecida como <i>maki<\/i>, habita as vizinhas Comores, em concreto Maor\u00e9, onde os seus grunhidos avisam da sua presen\u00e7a brincadeira nas copas das \u00e1rvores. Se miro o mapa f\u00edsico todo encaixa. Mas quando vejo o mapa pol\u00edtico nom tenho outra que aceitar que hai l\u00e9mures em Europa.<\/p>\n<p lang=\"pt-BR\">\n","protected":false},"excerpt":{"rendered":"<p>Alberte Pag\u00e1n.\u00a0De cativo, na escola, sempre me surprendia o dado de que a montanha mais alta do Reino de Espanha fosse o Teide, um afastado volc\u00e1m que se topava al\u00e9m o oceano. Tampouco nom entendia a exist\u00eancia da Europa como continente, pois contradizia a defini\u00e7om do termo. A medida que um ia madurando politicamente come\u00e7ava &hellip; <a href=\"http:\/\/cafebarbantia.barbantia.es\/?p=8204\" class=\"more-link\">Seguir lendo <span class=\"screen-reader-text\">Mapas pol\u00edticos e mapas f\u00edsicos, ou Hai l\u00e9mures em Europa?<\/span> <span class=\"meta-nav\">&rarr;<\/span><\/a><\/p>\n","protected":false},"author":1,"featured_media":0,"comment_status":"open","ping_status":"closed","sticky":false,"template":"","format":"standard","meta":{"_bbp_topic_count":0,"_bbp_reply_count":0,"_bbp_total_topic_count":0,"_bbp_total_reply_count":0,"_bbp_voice_count":0,"_bbp_anonymous_reply_count":0,"_bbp_topic_count_hidden":0,"_bbp_reply_count_hidden":0,"_bbp_forum_subforum_count":0,"_exactmetrics_skip_tracking":false,"_exactmetrics_sitenote_active":false,"_exactmetrics_sitenote_note":"","_exactmetrics_sitenote_category":0,"_monsterinsights_skip_tracking":false,"_monsterinsights_sitenote_active":false,"_monsterinsights_sitenote_note":"","_monsterinsights_sitenote_category":0},"categories":[20,6,7,22],"tags":[],"aioseo_notices":[],"_links":{"self":[{"href":"http:\/\/cafebarbantia.barbantia.es\/index.php?rest_route=\/wp\/v2\/posts\/8204"}],"collection":[{"href":"http:\/\/cafebarbantia.barbantia.es\/index.php?rest_route=\/wp\/v2\/posts"}],"about":[{"href":"http:\/\/cafebarbantia.barbantia.es\/index.php?rest_route=\/wp\/v2\/types\/post"}],"author":[{"embeddable":true,"href":"http:\/\/cafebarbantia.barbantia.es\/index.php?rest_route=\/wp\/v2\/users\/1"}],"replies":[{"embeddable":true,"href":"http:\/\/cafebarbantia.barbantia.es\/index.php?rest_route=%2Fwp%2Fv2%2Fcomments&post=8204"}],"version-history":[{"count":4,"href":"http:\/\/cafebarbantia.barbantia.es\/index.php?rest_route=\/wp\/v2\/posts\/8204\/revisions"}],"predecessor-version":[{"id":8212,"href":"http:\/\/cafebarbantia.barbantia.es\/index.php?rest_route=\/wp\/v2\/posts\/8204\/revisions\/8212"}],"wp:attachment":[{"href":"http:\/\/cafebarbantia.barbantia.es\/index.php?rest_route=%2Fwp%2Fv2%2Fmedia&parent=8204"}],"wp:term":[{"taxonomy":"category","embeddable":true,"href":"http:\/\/cafebarbantia.barbantia.es\/index.php?rest_route=%2Fwp%2Fv2%2Fcategories&post=8204"},{"taxonomy":"post_tag","embeddable":true,"href":"http:\/\/cafebarbantia.barbantia.es\/index.php?rest_route=%2Fwp%2Fv2%2Ftags&post=8204"}],"curies":[{"name":"wp","href":"https:\/\/api.w.org\/{rel}","templated":true}]}}