{"id":8226,"date":"2017-10-10T06:00:27","date_gmt":"2017-10-10T06:00:27","guid":{"rendered":"http:\/\/cafebarbantia.barbantia.es\/?p=8226"},"modified":"2017-09-29T18:32:15","modified_gmt":"2017-09-29T18:32:15","slug":"jerjes-jaja","status":"publish","type":"post","link":"http:\/\/cafebarbantia.barbantia.es\/?p=8226","title":{"rendered":"Jerjes Jaj\u00e1"},"content":{"rendered":"<p style=\"text-align: justify;\"><a href=\"http:\/\/cafebarbantia.barbantia.es\/wp-content\/uploads\/2017\/09\/jerjes.jpg\"><img decoding=\"async\" loading=\"lazy\" class=\"alignright size-medium wp-image-8227\" alt=\"jerjes\" src=\"http:\/\/cafebarbantia.barbantia.es\/wp-content\/uploads\/2017\/09\/jerjes-182x300.jpg\" width=\"182\" height=\"300\" srcset=\"http:\/\/cafebarbantia.barbantia.es\/wp-content\/uploads\/2017\/09\/jerjes-182x300.jpg 182w, http:\/\/cafebarbantia.barbantia.es\/wp-content\/uploads\/2017\/09\/jerjes.jpg 292w\" sizes=\"(max-width: 182px) 100vw, 182px\" \/><\/a><em><strong>X. Ricardo Losada.\u00a0<\/strong><\/em>Puxen o t\u00edtulo deste texto sen saber de que falar, as\u00ed que pido desculpas se me sae unha parvada. Vendo no canal de Historia un documental, mencionaron o rei persa <i>Jerjes<\/i> e, de s\u00fapeto, pensei <i>Jerjes Jaj\u00e1<\/i>. Son ese tipo de cousas \u00e1s que os psic\u00f3logos lles sacan moito partido descubrindo asociaci\u00f3ns inconscientes, pero a min non me van ese tipo de soluci\u00f3ns. Menos a\u00ednda nese caso pois era moi evidente que asociara <i>Jerjes <\/i>con <i>jaj\u00e1<\/i> porque en vez de <i>Jerjes<\/i> o meu inconsciente (xa vedes, non hai forma de escapar dos psic\u00f3logos) debeu o\u00edr <i>Jeje<\/i>. O resto \u00e9 obvio. Un tipo coma min non pod\u00eda deixar escapar a oportunidade de escribir un texto con ese marabilloso e riso\u00f1o t\u00edtulo. <i>Jerjes Jaj\u00e1<\/i>.<!--more--><\/p>\n<p style=\"text-align: justify;\">E con ese t\u00edtulo parec\u00eda claro que ter\u00eda que contar algunha historia simp\u00e1tica sobre <i>Jerjes<\/i>. Claro, pero tam\u00e9n preocupante. A imaxe creada polos profesores e o cine sobre os reis da Antig\u00fcidade fannos pensar m\u00e1is en traxedias que en comedias. Pero o temor disipouse axi\u00f1a. Hai unha an\u00e9cdota moi simp\u00e1tica sobre <i>Jerjes<\/i> que, por inesquecible, non tardei en recordar. Durante a campa\u00f1a na H\u00e9lade, ordenou constru\u00edr unha ponte no estreito do Helesponto, ponte que destru\u00edu en pouco tempo un mar embravecido. <i>Jerjes<\/i> encolerizouse e ordenou decapitar os enxe\u00f1eiros, pero tam\u00e9n azoutar o mar e facelo prisioneiro eternamente lanzando cadeas \u00e1 auga.<\/p>\n<p style=\"text-align: justify;\">Hai nesa historia algo que me chama poderosamente a atenci\u00f3n. Entendo que <i>Jerjes<\/i> castigara os enxe\u00f1eiros por constru\u00edren unha ponte pouco resistente a unhas condici\u00f3ns do mar previsibles. <a href=\"http:\/\/cafebarbantia.barbantia.es\/wp-content\/uploads\/2017\/09\/Haendel-Jerjes4.jpg\"><img decoding=\"async\" loading=\"lazy\" class=\"alignleft size-medium wp-image-8228\" alt=\"Haendel Jerjes4\" src=\"http:\/\/cafebarbantia.barbantia.es\/wp-content\/uploads\/2017\/09\/Haendel-Jerjes4-206x300.jpg\" width=\"206\" height=\"300\" srcset=\"http:\/\/cafebarbantia.barbantia.es\/wp-content\/uploads\/2017\/09\/Haendel-Jerjes4-206x300.jpg 206w, http:\/\/cafebarbantia.barbantia.es\/wp-content\/uploads\/2017\/09\/Haendel-Jerjes4.jpg 550w\" sizes=\"(max-width: 206px) 100vw, 206px\" \/><\/a>O que non entendo \u00e9 que castigara o mar. Se a ponte era mala, o mar cumpriu co seu deber e non merec\u00eda un castigo sen\u00f3n un premio por advertilo da incompetencia dos seus enxe\u00f1eiros. E, se a ponte era boa, \u00e9 evidente que o mar ben merec\u00eda o castigo, pero non os enxe\u00f1eiros, pois cumpriron co seu deber. En fin. Non sei moi ben que pensar sobre a categor\u00eda moral de <i>Jerjes<\/i>. O que si sei \u00e9 que para que alg\u00fan d\u00eda eu puidese escribir un texto co t\u00edtulo deste, <i>Jerjes<\/i> ti\u00f1a que azoutar e encadear o mar. Como vedes, <i>Jerjes Jaj\u00e1<\/i> non \u00e9 ningunha parvada. As\u00ed que&#8230; <i>Je je Ja ja.<\/i><\/p>\n","protected":false},"excerpt":{"rendered":"<p>X. Ricardo Losada.\u00a0Puxen o t\u00edtulo deste texto sen saber de que falar, as\u00ed que pido desculpas se me sae unha parvada. Vendo no canal de Historia un documental, mencionaron o rei persa Jerjes e, de s\u00fapeto, pensei Jerjes Jaj\u00e1. Son ese tipo de cousas \u00e1s que os psic\u00f3logos lles sacan moito partido descubrindo asociaci\u00f3ns inconscientes, &hellip; <a href=\"http:\/\/cafebarbantia.barbantia.es\/?p=8226\" class=\"more-link\">Seguir lendo <span class=\"screen-reader-text\">Jerjes Jaj\u00e1<\/span> <span class=\"meta-nav\">&rarr;<\/span><\/a><\/p>\n","protected":false},"author":1,"featured_media":0,"comment_status":"open","ping_status":"closed","sticky":false,"template":"","format":"standard","meta":{"_bbp_topic_count":0,"_bbp_reply_count":0,"_bbp_total_topic_count":0,"_bbp_total_reply_count":0,"_bbp_voice_count":0,"_bbp_anonymous_reply_count":0,"_bbp_topic_count_hidden":0,"_bbp_reply_count_hidden":0,"_bbp_forum_subforum_count":0,"_exactmetrics_skip_tracking":false,"_exactmetrics_sitenote_active":false,"_exactmetrics_sitenote_note":"","_exactmetrics_sitenote_category":0,"_monsterinsights_skip_tracking":false,"_monsterinsights_sitenote_active":false,"_monsterinsights_sitenote_note":"","_monsterinsights_sitenote_category":0},"categories":[7,9,26],"tags":[],"aioseo_notices":[],"_links":{"self":[{"href":"http:\/\/cafebarbantia.barbantia.es\/index.php?rest_route=\/wp\/v2\/posts\/8226"}],"collection":[{"href":"http:\/\/cafebarbantia.barbantia.es\/index.php?rest_route=\/wp\/v2\/posts"}],"about":[{"href":"http:\/\/cafebarbantia.barbantia.es\/index.php?rest_route=\/wp\/v2\/types\/post"}],"author":[{"embeddable":true,"href":"http:\/\/cafebarbantia.barbantia.es\/index.php?rest_route=\/wp\/v2\/users\/1"}],"replies":[{"embeddable":true,"href":"http:\/\/cafebarbantia.barbantia.es\/index.php?rest_route=%2Fwp%2Fv2%2Fcomments&post=8226"}],"version-history":[{"count":1,"href":"http:\/\/cafebarbantia.barbantia.es\/index.php?rest_route=\/wp\/v2\/posts\/8226\/revisions"}],"predecessor-version":[{"id":8229,"href":"http:\/\/cafebarbantia.barbantia.es\/index.php?rest_route=\/wp\/v2\/posts\/8226\/revisions\/8229"}],"wp:attachment":[{"href":"http:\/\/cafebarbantia.barbantia.es\/index.php?rest_route=%2Fwp%2Fv2%2Fmedia&parent=8226"}],"wp:term":[{"taxonomy":"category","embeddable":true,"href":"http:\/\/cafebarbantia.barbantia.es\/index.php?rest_route=%2Fwp%2Fv2%2Fcategories&post=8226"},{"taxonomy":"post_tag","embeddable":true,"href":"http:\/\/cafebarbantia.barbantia.es\/index.php?rest_route=%2Fwp%2Fv2%2Ftags&post=8226"}],"curies":[{"name":"wp","href":"https:\/\/api.w.org\/{rel}","templated":true}]}}