{"id":8248,"date":"2017-10-12T06:00:19","date_gmt":"2017-10-12T06:00:19","guid":{"rendered":"http:\/\/cafebarbantia.barbantia.es\/?p=8248"},"modified":"2017-10-11T18:24:39","modified_gmt":"2017-10-11T18:24:39","slug":"no-mesmo-punto","status":"publish","type":"post","link":"http:\/\/cafebarbantia.barbantia.es\/?p=8248","title":{"rendered":"No mesmo punto"},"content":{"rendered":"<p style=\"text-align: justify;\"><em><strong><a href=\"http:\/\/cafebarbantia.barbantia.es\/wp-content\/uploads\/2017\/10\/cataluna-espana_560x280.jpg\"><img decoding=\"async\" loading=\"lazy\" class=\"alignright size-medium wp-image-8249\" alt=\"cataluna-espana_560x280\" src=\"http:\/\/cafebarbantia.barbantia.es\/wp-content\/uploads\/2017\/10\/cataluna-espana_560x280-300x150.jpg\" width=\"300\" height=\"150\" srcset=\"http:\/\/cafebarbantia.barbantia.es\/wp-content\/uploads\/2017\/10\/cataluna-espana_560x280-300x150.jpg 300w, http:\/\/cafebarbantia.barbantia.es\/wp-content\/uploads\/2017\/10\/cataluna-espana_560x280.jpg 560w\" sizes=\"(max-width: 300px) 100vw, 300px\" \/><\/a>Ant\u00f3n Riveiro Coello.\u00a0<\/strong><\/em>A opini\u00f3n endure-ceuse de tal xeito que un xa pensa que nada pode neutralizar a rabia e esa constelaci\u00f3n de odio que se instalou non s\u00f3 sobre o inde-pendentismo sen\u00f3n sobre toda a poboaci\u00f3n catal\u00e1. A hostilidade mesmo medrou ao noso redor at\u00e9 o punto de desprezar aos que poi-damos amosar a m\u00ednima comprensi\u00f3n co feito catal\u00e1n.\u00a0<!--more-->Hai en todas as direcci\u00f3ns unha linguaxe violenta que configura o escenario dunha traxedia colectiva. Non cabe chamarse a engano. A violencia non resolve nada. A culpa sempre ser\u00e1 do outro. E sobre el proxectaremos o noso fracaso. Mais non podemos seguir cravados no pasado e deixar que sexa sempre a realidade a que se axuste \u00e1s leis. Por que estas non se poden axustar \u00e1 realidade, mesmo busc\u00e1ndolles acomodo nunha Constituci\u00f3n que xa ten os seus anos?<\/p>\n<p style=\"text-align: justify;\"><a href=\"http:\/\/cafebarbantia.barbantia.es\/wp-content\/uploads\/2017\/10\/hablarsindiscutir.jpg\"><img decoding=\"async\" loading=\"lazy\" class=\"alignleft size-medium wp-image-8250\" alt=\"hablarsindiscutir\" src=\"http:\/\/cafebarbantia.barbantia.es\/wp-content\/uploads\/2017\/10\/hablarsindiscutir-300x200.jpg\" width=\"300\" height=\"200\" srcset=\"http:\/\/cafebarbantia.barbantia.es\/wp-content\/uploads\/2017\/10\/hablarsindiscutir-300x200.jpg 300w, http:\/\/cafebarbantia.barbantia.es\/wp-content\/uploads\/2017\/10\/hablarsindiscutir.jpg 600w\" sizes=\"(max-width: 300px) 100vw, 300px\" \/><\/a>Nesta historia non hai \u00e1ngulos rectos, nin certezas definitivas. Pero conv\u00e9n apartar a escura paix\u00f3n dalg\u00fan columnista que confunde a pluma co fusil e gusta de deixar no aire un cheiro a p\u00f3lvora, porque golpear unha idea non a fai desaparecer nin lle pon l\u00edmites a un so\u00f1o, por moi delirante que este poida parecer. Nesta li\u00f1a, cun arrep\u00edo de des\u00e1nimo, escoito xente que, cunha alegr\u00eda insensata, suspira pola aplicaci\u00f3n do 155, sen prever as consecuencias. E non fac\u00eda falla ter un especial sentido da anticipaci\u00f3n para sospeitar que, tras as palabras de Felipe VI, o futuro inmediato de Catalu\u00f1a ir\u00eda por a\u00ed. O odio e a ofensa xa est\u00e1n constru\u00eddos e non se albisca unha soluci\u00f3n dialogada. A pol\u00edtica seguir\u00e1 sendo un espazo de poder e impunidade, e, se hai sorte e non se chega a un estado de excepci\u00f3n, unha nova metralla de mensaxes afastar\u00e1 as posturas coas miras postas nunhas elecci\u00f3ns que talvez nos deixen no mesmo punto.<\/p>\n","protected":false},"excerpt":{"rendered":"<p>Ant\u00f3n Riveiro Coello.\u00a0A opini\u00f3n endure-ceuse de tal xeito que un xa pensa que nada pode neutralizar a rabia e esa constelaci\u00f3n de odio que se instalou non s\u00f3 sobre o inde-pendentismo sen\u00f3n sobre toda a poboaci\u00f3n catal\u00e1. A hostilidade mesmo medrou ao noso redor at\u00e9 o punto de desprezar aos que poi-damos amosar a m\u00ednima &hellip; <a href=\"http:\/\/cafebarbantia.barbantia.es\/?p=8248\" class=\"more-link\">Seguir lendo <span class=\"screen-reader-text\">No mesmo punto<\/span> <span class=\"meta-nav\">&rarr;<\/span><\/a><\/p>\n","protected":false},"author":1,"featured_media":0,"comment_status":"open","ping_status":"closed","sticky":false,"template":"","format":"standard","meta":{"_bbp_topic_count":0,"_bbp_reply_count":0,"_bbp_total_topic_count":0,"_bbp_total_reply_count":0,"_bbp_voice_count":0,"_bbp_anonymous_reply_count":0,"_bbp_topic_count_hidden":0,"_bbp_reply_count_hidden":0,"_bbp_forum_subforum_count":0,"_exactmetrics_skip_tracking":false,"_exactmetrics_sitenote_active":false,"_exactmetrics_sitenote_note":"","_exactmetrics_sitenote_category":0,"_monsterinsights_skip_tracking":false,"_monsterinsights_sitenote_active":false,"_monsterinsights_sitenote_note":"","_monsterinsights_sitenote_category":0},"categories":[13,7],"tags":[],"aioseo_notices":[],"_links":{"self":[{"href":"http:\/\/cafebarbantia.barbantia.es\/index.php?rest_route=\/wp\/v2\/posts\/8248"}],"collection":[{"href":"http:\/\/cafebarbantia.barbantia.es\/index.php?rest_route=\/wp\/v2\/posts"}],"about":[{"href":"http:\/\/cafebarbantia.barbantia.es\/index.php?rest_route=\/wp\/v2\/types\/post"}],"author":[{"embeddable":true,"href":"http:\/\/cafebarbantia.barbantia.es\/index.php?rest_route=\/wp\/v2\/users\/1"}],"replies":[{"embeddable":true,"href":"http:\/\/cafebarbantia.barbantia.es\/index.php?rest_route=%2Fwp%2Fv2%2Fcomments&post=8248"}],"version-history":[{"count":1,"href":"http:\/\/cafebarbantia.barbantia.es\/index.php?rest_route=\/wp\/v2\/posts\/8248\/revisions"}],"predecessor-version":[{"id":8251,"href":"http:\/\/cafebarbantia.barbantia.es\/index.php?rest_route=\/wp\/v2\/posts\/8248\/revisions\/8251"}],"wp:attachment":[{"href":"http:\/\/cafebarbantia.barbantia.es\/index.php?rest_route=%2Fwp%2Fv2%2Fmedia&parent=8248"}],"wp:term":[{"taxonomy":"category","embeddable":true,"href":"http:\/\/cafebarbantia.barbantia.es\/index.php?rest_route=%2Fwp%2Fv2%2Fcategories&post=8248"},{"taxonomy":"post_tag","embeddable":true,"href":"http:\/\/cafebarbantia.barbantia.es\/index.php?rest_route=%2Fwp%2Fv2%2Ftags&post=8248"}],"curies":[{"name":"wp","href":"https:\/\/api.w.org\/{rel}","templated":true}]}}