{"id":8376,"date":"2018-02-17T06:00:27","date_gmt":"2018-02-17T06:00:27","guid":{"rendered":"http:\/\/cafebarbantia.barbantia.es\/?p=8376"},"modified":"2017-12-01T12:46:52","modified_gmt":"2017-12-01T12:46:52","slug":"iwel","status":"publish","type":"post","link":"http:\/\/cafebarbantia.barbantia.es\/?p=8376","title":{"rendered":"Iwel"},"content":{"rendered":"<p align=\"justify\"><em><strong><a href=\"http:\/\/cafebarbantia.barbantia.es\/wp-content\/uploads\/2017\/10\/7.jpg\"><img decoding=\"async\" loading=\"lazy\" class=\"alignright size-medium wp-image-8377\" alt=\"7\" src=\"http:\/\/cafebarbantia.barbantia.es\/wp-content\/uploads\/2017\/10\/7-300x224.jpg\" width=\"300\" height=\"224\" srcset=\"http:\/\/cafebarbantia.barbantia.es\/wp-content\/uploads\/2017\/10\/7-300x224.jpg 300w, http:\/\/cafebarbantia.barbantia.es\/wp-content\/uploads\/2017\/10\/7-1024x767.jpg 1024w, http:\/\/cafebarbantia.barbantia.es\/wp-content\/uploads\/2017\/10\/7-900x674.jpg 900w, http:\/\/cafebarbantia.barbantia.es\/wp-content\/uploads\/2017\/10\/7.jpg 1299w\" sizes=\"(max-width: 300px) 100vw, 300px\" \/><\/a>Xerardo AgraFoxo.\u00a0<\/strong><\/em>A aldea estaba agochada entre un cordal de montes. Os seus habitantes pertenc\u00edan \u00e1 etnia <i>bedik<\/i>, unha das tres que habitaban no tri\u00e1ngulo comprendido entre a chaira de Niokolo Koba e a fronteira guineana, un abeiro moi aca\u00eddo para refuxiarse das bestas salvaxes e as incursi\u00f3ns dos escravistas que actuaban coma voitres. <!--more-->Estes pobos constru\u00edran as s\u00faas casas, con muros de barro e teitos de palla, no medio duns baobabs e unhas ceibas que parec\u00edan propias dun conto de fadas. Polo seu illamento nunha curota afastada, os habitantes de Iwol conservaban unha das identidades culturais m\u00e1is antigas de \u00c1frica Occidental, a\u00ednda que ultimamente alg\u00fans habitantes racharon coas s\u00faas crenzas animistas porque se deixaron engaiolar polas ideas que trouxeron os veci\u00f1os que emigraran ao val.<\/p>\n<p align=\"justify\">Woudy levoume cabo dunha praza cinguida de cabanas. No centro hab\u00eda un recinto sostido cuns perpia\u00f1os de madeira. Aproveit\u00e1base para as reuni\u00f3ns dos veci\u00f1os e durmir nel nas noites calorosas. Recibiunos unha muller que, despois de descargar unha cunca de li\u00f1o que levaba na cabeza, cobrounos 2.000 CFA pola visita, ao redor de 3 euros. Despois apareceron m\u00e1is mulleres, vestidas con saias alegres ata os nocellos e enfeitadas con colares e arracadas. Os nenos non deixaron de dar voltas ao noso arredor. Woudy baldeirou un cabazo con cervexa de millo mi\u00fado e probou dun pote unha sopa de sorgo mesturada cunha salsa de follas e sementes de baobab.<\/p>\n","protected":false},"excerpt":{"rendered":"<p>Xerardo AgraFoxo.\u00a0A aldea estaba agochada entre un cordal de montes. Os seus habitantes pertenc\u00edan \u00e1 etnia bedik, unha das tres que habitaban no tri\u00e1ngulo comprendido entre a chaira de Niokolo Koba e a fronteira guineana, un abeiro moi aca\u00eddo para refuxiarse das bestas salvaxes e as incursi\u00f3ns dos escravistas que actuaban coma voitres.<\/p>\n","protected":false},"author":1,"featured_media":0,"comment_status":"open","ping_status":"closed","sticky":false,"template":"","format":"standard","meta":{"_bbp_topic_count":0,"_bbp_reply_count":0,"_bbp_total_topic_count":0,"_bbp_total_reply_count":0,"_bbp_voice_count":0,"_bbp_anonymous_reply_count":0,"_bbp_topic_count_hidden":0,"_bbp_reply_count_hidden":0,"_bbp_forum_subforum_count":0,"_exactmetrics_skip_tracking":false,"_exactmetrics_sitenote_active":false,"_exactmetrics_sitenote_note":"","_exactmetrics_sitenote_category":0,"_monsterinsights_skip_tracking":false,"_monsterinsights_sitenote_active":false,"_monsterinsights_sitenote_note":"","_monsterinsights_sitenote_category":0},"categories":[9,22,21],"tags":[],"aioseo_notices":[],"_links":{"self":[{"href":"http:\/\/cafebarbantia.barbantia.es\/index.php?rest_route=\/wp\/v2\/posts\/8376"}],"collection":[{"href":"http:\/\/cafebarbantia.barbantia.es\/index.php?rest_route=\/wp\/v2\/posts"}],"about":[{"href":"http:\/\/cafebarbantia.barbantia.es\/index.php?rest_route=\/wp\/v2\/types\/post"}],"author":[{"embeddable":true,"href":"http:\/\/cafebarbantia.barbantia.es\/index.php?rest_route=\/wp\/v2\/users\/1"}],"replies":[{"embeddable":true,"href":"http:\/\/cafebarbantia.barbantia.es\/index.php?rest_route=%2Fwp%2Fv2%2Fcomments&post=8376"}],"version-history":[{"count":1,"href":"http:\/\/cafebarbantia.barbantia.es\/index.php?rest_route=\/wp\/v2\/posts\/8376\/revisions"}],"predecessor-version":[{"id":8378,"href":"http:\/\/cafebarbantia.barbantia.es\/index.php?rest_route=\/wp\/v2\/posts\/8376\/revisions\/8378"}],"wp:attachment":[{"href":"http:\/\/cafebarbantia.barbantia.es\/index.php?rest_route=%2Fwp%2Fv2%2Fmedia&parent=8376"}],"wp:term":[{"taxonomy":"category","embeddable":true,"href":"http:\/\/cafebarbantia.barbantia.es\/index.php?rest_route=%2Fwp%2Fv2%2Fcategories&post=8376"},{"taxonomy":"post_tag","embeddable":true,"href":"http:\/\/cafebarbantia.barbantia.es\/index.php?rest_route=%2Fwp%2Fv2%2Ftags&post=8376"}],"curies":[{"name":"wp","href":"https:\/\/api.w.org\/{rel}","templated":true}]}}