{"id":8568,"date":"2017-12-25T06:00:01","date_gmt":"2017-12-25T06:00:01","guid":{"rendered":"http:\/\/cafebarbantia.barbantia.es\/?p=8568"},"modified":"2017-12-10T18:24:49","modified_gmt":"2017-12-10T18:24:49","slug":"manuel-marino-del-rio-cronista-de-porto-do-son","status":"publish","type":"post","link":"http:\/\/cafebarbantia.barbantia.es\/?p=8568","title":{"rendered":"Manuel Mari\u00f1o del R\u00edo, cronista de Porto do Son"},"content":{"rendered":"<p align=\"justify\"><a href=\"http:\/\/cafebarbantia.barbantia.es\/wp-content\/uploads\/2017\/11\/O-Escritor.-Manuel_Mari\u00f1o_del_Rio.jpg\"><img decoding=\"async\" loading=\"lazy\" class=\"alignright  wp-image-8569\" alt=\"O Escritor. Manuel_Mari\u00f1o_del_Rio\" src=\"http:\/\/cafebarbantia.barbantia.es\/wp-content\/uploads\/2017\/11\/O-Escritor.-Manuel_Mari\u00f1o_del_Rio-212x300.jpg\" width=\"170\" height=\"240\" srcset=\"http:\/\/cafebarbantia.barbantia.es\/wp-content\/uploads\/2017\/11\/O-Escritor.-Manuel_Mari\u00f1o_del_Rio-212x300.jpg 212w, http:\/\/cafebarbantia.barbantia.es\/wp-content\/uploads\/2017\/11\/O-Escritor.-Manuel_Mari\u00f1o_del_Rio.jpg 346w\" sizes=\"(max-width: 170px) 100vw, 170px\" \/><\/a><em><strong>Pastor Rodr\u00edguez. <\/strong><\/em>Pouco de Porto do Son lle ficou alleo a Manuel Mari\u00f1o del R\u00edo, nado nesa vila en 1955. As\u00ed, sobre a cultura mar\u00edtima: <i>A industria derivada da pesca no concello de Porto do Son<\/i> (1996), sobre os asentamentos conserveiros no municipio do s. XVIII ata comezos do XX; <i>A carpinter\u00eda de ribeira en Porto do Son <\/i>(1994), na que a trav\u00e9s do traballo coti\u00e1n dun carpinteiro de ribeira explica a construci\u00f3n dos barcos de pesca, a ferramenta dun estaleiro e a fasqu\u00eda dos barcos; complementa este eido con artigos como <i>&#8220;Constructores de barcos desde hace cien a\u00f1os&#8221;<\/i> (1991)<!--more-->, <i>&#8220;El &#8216;Mar\u00eda Teresa&#8217; y el origen de la relaci\u00f3n comercial entre O Son y Vigo&#8221; <\/i>(1991) ou <i>&#8220;La villa de Porto do Son fue pionera en la industria de elaboraci\u00f3n de ropa de aguas&#8221;<\/i> (1991), en <i>La Voz de Galicia<\/i>; sen esquecer <i>O balandro Mar\u00eda Teresa e Porto do Son no s\u00e9culo XX<\/i> (2006), e <i>&#8220;Recolleita de argazo nas r\u00edas galegas&#8221;<\/i> (2012). Noutros traballos aborda a riqueza etnogr\u00e1fica da s\u00faa vila: <i>Lembranzas do Antroido en Porto do Son <\/i>(1992, con Jos\u00e9 Manuel Mari\u00f1o Ventoso), <i>Usos, tradici\u00f3ns e costumes de Porto do Son <\/i>(1994), <i>Os cruceiros de Porto do Son <\/i>(2005), e <i>Lembranzas de Porto do Son<\/i> (2006). Publicou sobre arte relixiosa e confrar\u00edas: <i>A capela da Atalaia <\/i>(2006), <i>&#8220;Exvotos mari\u00f1eiros nos templos de Porto do Son&#8221;<\/i> (2010), etc. Outros temas: <i>&#8220;Simbolox\u00eda dos elementos ornamentais dos h\u00f3rreos da pen\u00ednsula do Barbanza&#8221;<\/i> (2010) e <i>&#8220;As fontes na bisbarra do Barbanza&#8221; <\/i>(2013), nos anuarios <i>Barbantia<\/i>; sobre arte rupestre sonense e historia contempor\u00e1nea de Porto do Son. Unha ampla bibliograf\u00eda ao servizo da cultura do Barbanza.<\/p>\n","protected":false},"excerpt":{"rendered":"<p>Pastor Rodr\u00edguez. Pouco de Porto do Son lle ficou alleo a Manuel Mari\u00f1o del R\u00edo, nado nesa vila en 1955. As\u00ed, sobre a cultura mar\u00edtima: A industria derivada da pesca no concello de Porto do Son (1996), sobre os asentamentos conserveiros no municipio do s. XVIII ata comezos do XX; A carpinter\u00eda de ribeira en &hellip; <a href=\"http:\/\/cafebarbantia.barbantia.es\/?p=8568\" class=\"more-link\">Seguir lendo <span class=\"screen-reader-text\">Manuel Mari\u00f1o del R\u00edo, cronista de Porto do Son<\/span> <span class=\"meta-nav\">&rarr;<\/span><\/a><\/p>\n","protected":false},"author":1,"featured_media":0,"comment_status":"open","ping_status":"closed","sticky":false,"template":"","format":"standard","meta":{"_bbp_topic_count":0,"_bbp_reply_count":0,"_bbp_total_topic_count":0,"_bbp_total_reply_count":0,"_bbp_voice_count":0,"_bbp_anonymous_reply_count":0,"_bbp_topic_count_hidden":0,"_bbp_reply_count_hidden":0,"_bbp_forum_subforum_count":0,"_exactmetrics_skip_tracking":false,"_exactmetrics_sitenote_active":false,"_exactmetrics_sitenote_note":"","_exactmetrics_sitenote_category":0,"_monsterinsights_skip_tracking":false,"_monsterinsights_sitenote_active":false,"_monsterinsights_sitenote_note":"","_monsterinsights_sitenote_category":0},"categories":[7,9,37],"tags":[],"aioseo_notices":[],"_links":{"self":[{"href":"http:\/\/cafebarbantia.barbantia.es\/index.php?rest_route=\/wp\/v2\/posts\/8568"}],"collection":[{"href":"http:\/\/cafebarbantia.barbantia.es\/index.php?rest_route=\/wp\/v2\/posts"}],"about":[{"href":"http:\/\/cafebarbantia.barbantia.es\/index.php?rest_route=\/wp\/v2\/types\/post"}],"author":[{"embeddable":true,"href":"http:\/\/cafebarbantia.barbantia.es\/index.php?rest_route=\/wp\/v2\/users\/1"}],"replies":[{"embeddable":true,"href":"http:\/\/cafebarbantia.barbantia.es\/index.php?rest_route=%2Fwp%2Fv2%2Fcomments&post=8568"}],"version-history":[{"count":2,"href":"http:\/\/cafebarbantia.barbantia.es\/index.php?rest_route=\/wp\/v2\/posts\/8568\/revisions"}],"predecessor-version":[{"id":8622,"href":"http:\/\/cafebarbantia.barbantia.es\/index.php?rest_route=\/wp\/v2\/posts\/8568\/revisions\/8622"}],"wp:attachment":[{"href":"http:\/\/cafebarbantia.barbantia.es\/index.php?rest_route=%2Fwp%2Fv2%2Fmedia&parent=8568"}],"wp:term":[{"taxonomy":"category","embeddable":true,"href":"http:\/\/cafebarbantia.barbantia.es\/index.php?rest_route=%2Fwp%2Fv2%2Fcategories&post=8568"},{"taxonomy":"post_tag","embeddable":true,"href":"http:\/\/cafebarbantia.barbantia.es\/index.php?rest_route=%2Fwp%2Fv2%2Ftags&post=8568"}],"curies":[{"name":"wp","href":"https:\/\/api.w.org\/{rel}","templated":true}]}}