{"id":8571,"date":"2017-12-19T06:00:15","date_gmt":"2017-12-19T06:00:15","guid":{"rendered":"http:\/\/cafebarbantia.barbantia.es\/?p=8571"},"modified":"2017-12-01T12:59:45","modified_gmt":"2017-12-01T12:59:45","slug":"memoria-sempre","status":"publish","type":"post","link":"http:\/\/cafebarbantia.barbantia.es\/?p=8571","title":{"rendered":"Memoria sempre"},"content":{"rendered":"<p lang=\"gl-ES\" align=\"justify\"><span style=\"font-size: medium;\"><a href=\"http:\/\/cafebarbantia.barbantia.es\/wp-content\/uploads\/2017\/11\/descarga2.jpg\"><img decoding=\"async\" loading=\"lazy\" class=\"alignright size-full wp-image-8572\" alt=\"descarga\" src=\"http:\/\/cafebarbantia.barbantia.es\/wp-content\/uploads\/2017\/11\/descarga2.jpg\" width=\"189\" height=\"267\" \/><\/a><em><strong>Xos\u00e9 Manuel Lobato. <\/strong><\/em>Acaso, cando non queremos asumir responsabilidades, non \u00e9 bo ter unha casa en estado ruinoso para culpabilizala de todo aquilo que fixemos. Acaso, non desacouga e doe o feito de esquecer ou mesmo ignorar aquilo de onde vimos. O noso pasado debe de estar e co\u00f1ecerse no presente para visualizar un futuro sen nubeiros sobre terra queimada. A\u00ed atr\u00e1s comezou na vila de Rianxo, un <\/span><span style=\"font-size: medium;\"><b>Ciclo sobre a memoria hist\u00f3rica, <\/b><\/span><span style=\"font-size: medium;\">dende novembro e ata maio: diversas actividades e conferencias forman parte deste evento tan necesario. Os actos est\u00e1n organizados pola UNED s\u00e9nior, aula de Rianxo, coa colaboraci\u00f3n do concello rianxeiro.<!--more--><\/span><\/p>\n<p lang=\"gl-ES\" align=\"justify\"><span style=\"font-size: medium;\">Varios ser\u00e1n os especialistas que falar\u00e1n do tema. Destacar, entre outros, a Carlos Cimadevila, Ant\u00f3n Vilari\u00f1o, Miguel Somoza, Xos\u00e9 R. Brea, Xos\u00e9 Lu\u00eds Axeitos, Xes\u00fas Santos, Lu\u00eds Bar\u00e1, e o mesmo Bernardo M\u00e1iz, que o pasado s\u00e1bado ofreceu unha conferencia intitulada; <\/span><span style=\"font-size: medium;\"><i>Por que se sublevaron os militares no 36. A resistencia popular en Galicia.<\/i><\/span><\/p>\n<p lang=\"gl-ES\" align=\"justify\"><span style=\"font-size: medium;\">O programa remata en maio cunha homenaxe a todas esas mulleres sobre as que se exerceu alg\u00fan tipo de represalia. Ser\u00e1n lembradas nunha mesa redonda coordinada pola concelleira de cultura, Raquel Garc\u00eda, coa participaci\u00f3n de Monserrat Fajardo, Fernanda Cedr\u00f3n e Aurora Marco.<\/span><\/p>\n<p lang=\"gl-ES\" align=\"justify\"><span style=\"font-size: medium;\">Os tempos son chegados, na hora meiga o medo esvaeceu, nese intre o terror dos vencidos sofre a metamorfose da vida, airear a s\u00faa versi\u00f3n dos feitos achega folgos de esperanza. Actuaci\u00f3ns e feitos dunha gada\u00f1a intransixente e indiscriminada que segaba vidas sen m\u00e1is motivo que as ideas, envexas ou algo tan irracional como ser dun sangue diferente ou vencellos de nacenza. <\/span><\/p>\n<p lang=\"gl-ES\" align=\"justify\"><span style=\"font-size: medium;\"><i>Xustiza, Memoria e Verdade, <\/i><\/span><span style=\"font-size: medium;\">forman a gran ara verbal deste Ciclo, para disertar nos vindeiros meses en Rianxo; tres verbas nunha encrucillada de complexo diagn\u00f3stico, mais necesarias, para un tratamento que non debe contemplar o esquecemento. <\/span><\/p>\n<p lang=\"gl-ES\" align=\"justify\"><span style=\"font-size: medium;\">Ansiosos e seguros agardamos que a liberdade de expresi\u00f3n que debe presidir este Ciclo sexa o estandarte da rigorosidade nun remu\u00ed\u00f1o de argumentos fiables, para que a liberdade de pensamento nunca se coarte por datos err\u00f3neos. <\/span><\/p>\n","protected":false},"excerpt":{"rendered":"<p>Xos\u00e9 Manuel Lobato. Acaso, cando non queremos asumir responsabilidades, non \u00e9 bo ter unha casa en estado ruinoso para culpabilizala de todo aquilo que fixemos. Acaso, non desacouga e doe o feito de esquecer ou mesmo ignorar aquilo de onde vimos. O noso pasado debe de estar e co\u00f1ecerse no presente para visualizar un futuro &hellip; <a href=\"http:\/\/cafebarbantia.barbantia.es\/?p=8571\" class=\"more-link\">Seguir lendo <span class=\"screen-reader-text\">Memoria sempre<\/span> <span class=\"meta-nav\">&rarr;<\/span><\/a><\/p>\n","protected":false},"author":1,"featured_media":0,"comment_status":"open","ping_status":"closed","sticky":false,"template":"","format":"standard","meta":{"_bbp_topic_count":0,"_bbp_reply_count":0,"_bbp_total_topic_count":0,"_bbp_total_reply_count":0,"_bbp_voice_count":0,"_bbp_anonymous_reply_count":0,"_bbp_topic_count_hidden":0,"_bbp_reply_count_hidden":0,"_bbp_forum_subforum_count":0,"_exactmetrics_skip_tracking":false,"_exactmetrics_sitenote_active":false,"_exactmetrics_sitenote_note":"","_exactmetrics_sitenote_category":0,"_monsterinsights_skip_tracking":false,"_monsterinsights_sitenote_active":false,"_monsterinsights_sitenote_note":"","_monsterinsights_sitenote_category":0},"categories":[7,44],"tags":[],"aioseo_notices":[],"_links":{"self":[{"href":"http:\/\/cafebarbantia.barbantia.es\/index.php?rest_route=\/wp\/v2\/posts\/8571"}],"collection":[{"href":"http:\/\/cafebarbantia.barbantia.es\/index.php?rest_route=\/wp\/v2\/posts"}],"about":[{"href":"http:\/\/cafebarbantia.barbantia.es\/index.php?rest_route=\/wp\/v2\/types\/post"}],"author":[{"embeddable":true,"href":"http:\/\/cafebarbantia.barbantia.es\/index.php?rest_route=\/wp\/v2\/users\/1"}],"replies":[{"embeddable":true,"href":"http:\/\/cafebarbantia.barbantia.es\/index.php?rest_route=%2Fwp%2Fv2%2Fcomments&post=8571"}],"version-history":[{"count":1,"href":"http:\/\/cafebarbantia.barbantia.es\/index.php?rest_route=\/wp\/v2\/posts\/8571\/revisions"}],"predecessor-version":[{"id":8573,"href":"http:\/\/cafebarbantia.barbantia.es\/index.php?rest_route=\/wp\/v2\/posts\/8571\/revisions\/8573"}],"wp:attachment":[{"href":"http:\/\/cafebarbantia.barbantia.es\/index.php?rest_route=%2Fwp%2Fv2%2Fmedia&parent=8571"}],"wp:term":[{"taxonomy":"category","embeddable":true,"href":"http:\/\/cafebarbantia.barbantia.es\/index.php?rest_route=%2Fwp%2Fv2%2Fcategories&post=8571"},{"taxonomy":"post_tag","embeddable":true,"href":"http:\/\/cafebarbantia.barbantia.es\/index.php?rest_route=%2Fwp%2Fv2%2Ftags&post=8571"}],"curies":[{"name":"wp","href":"https:\/\/api.w.org\/{rel}","templated":true}]}}