{"id":8637,"date":"2017-12-27T06:00:06","date_gmt":"2017-12-27T06:00:06","guid":{"rendered":"http:\/\/cafebarbantia.barbantia.es\/?p=8637"},"modified":"2017-12-27T10:16:36","modified_gmt":"2017-12-27T10:16:36","slug":"o-tempo-da-imaxinacion","status":"publish","type":"post","link":"http:\/\/cafebarbantia.barbantia.es\/?p=8637","title":{"rendered":"O tempo da imaxinaci\u00f3n"},"content":{"rendered":"<p style=\"text-align: justify;\"><a href=\"http:\/\/cafebarbantia.barbantia.es\/wp-content\/uploads\/2017\/12\/8434986-una-persona-de-dibujos-animados-ejecuta-una-carrera-contra-el-reloj-en-un-tiempo-en-un-dia-ajetreado.jpg\"><img decoding=\"async\" loading=\"lazy\" class=\"size-medium wp-image-8638 alignright\" alt=\"8434986-una-persona-de-dibujos-animados-ejecuta-una-carrera-contra-el-reloj-en-un-tiempo-en-un-dia-ajetreado\" src=\"http:\/\/cafebarbantia.barbantia.es\/wp-content\/uploads\/2017\/12\/8434986-una-persona-de-dibujos-animados-ejecuta-una-carrera-contra-el-reloj-en-un-tiempo-en-un-dia-ajetreado-300x294.jpg\" width=\"300\" height=\"294\" srcset=\"http:\/\/cafebarbantia.barbantia.es\/wp-content\/uploads\/2017\/12\/8434986-una-persona-de-dibujos-animados-ejecuta-una-carrera-contra-el-reloj-en-un-tiempo-en-un-dia-ajetreado-300x294.jpg 300w, http:\/\/cafebarbantia.barbantia.es\/wp-content\/uploads\/2017\/12\/8434986-una-persona-de-dibujos-animados-ejecuta-una-carrera-contra-el-reloj-en-un-tiempo-en-un-dia-ajetreado-1024x1003.jpg 1024w, http:\/\/cafebarbantia.barbantia.es\/wp-content\/uploads\/2017\/12\/8434986-una-persona-de-dibujos-animados-ejecuta-una-carrera-contra-el-reloj-en-un-tiempo-en-un-dia-ajetreado-900x882.jpg 900w, http:\/\/cafebarbantia.barbantia.es\/wp-content\/uploads\/2017\/12\/8434986-una-persona-de-dibujos-animados-ejecuta-una-carrera-contra-el-reloj-en-un-tiempo-en-un-dia-ajetreado.jpg 1200w\" sizes=\"(max-width: 300px) 100vw, 300px\" \/><\/a><em><strong>X. Ricardo Losada.\u00a0<\/strong><\/em>Hai pouco vin unha pel\u00edcula arxentina sobre un escritor desa nacionalidade ga\u00f1ador do premio Nobel de Literatura que, despois de moitos anos f\u00f3ra, volve \u00e1 s\u00faa vila natal. \u00c9 unha das fantas\u00edas m\u00e1is recorrentes da mi\u00f1a imaxinaci\u00f3n desde hai moitos anos. Non me chamedes eg\u00f3latra ou iluso antes de saber que a fantas\u00eda non consiste en obter o premio Nobel (ata as fantas\u00edas te\u00f1en sentido do rid\u00edculo), sen\u00f3n en volver \u00e1 mi\u00f1a vila natal, Rianxo, despois de estar moitos anos f\u00f3ra. <!--more-->Se xa na imaxinaci\u00f3n \u00e9 unha experiencia marabillosa, na realidade creo que ser\u00eda sublime, a\u00ednda que nunca desexase convertela en realidade.<\/p>\n<p style=\"text-align: justify;\">\u00a0\u00a0\u00a0\u00a0 Supo\u00f1o que un psic\u00f3logo poder\u00eda facer con esa fantas\u00eda moitas conxecturas sobre a mi\u00f1a personalidade. De que sexa tan pracenteira, quizais puidese deducir que tiven unha infancia feliz, mesmo que te\u00f1o certo complexo de Peter Pan, e de que esa ficci\u00f3n precise de algo tan doloroso e inimaxinable para min como estar moito tempo f\u00f3ra de Rianxo, poder\u00eda deducir que odio a incerteza e amo a rutina. Kant, por exemplo, un dos m\u00e1is grandes fil\u00f3sofos da historia, nunca sa\u00edu de K\u00f6ningsberg, a s\u00faa cidade natal, e era tan puntual e rutineiro que os veci\u00f1os pu\u00f1an os reloxos en hora cando o v\u00edan pasar. Pero ese psic\u00f3logo tam\u00e9n poder\u00eda deducir da mi\u00f1a personalidade algo que a min me enche m\u00e1is: o af\u00e1n de buscar novidades na repetici\u00f3n, de facer aparentemente sempre o mesmo, pero interiormente sempre distinto. <a href=\"http:\/\/cafebarbantia.barbantia.es\/wp-content\/uploads\/2017\/12\/caricatura-kant.jpg\"><img decoding=\"async\" loading=\"lazy\" class=\"size-medium wp-image-8639 alignleft\" alt=\"caricatura-kant\" src=\"http:\/\/cafebarbantia.barbantia.es\/wp-content\/uploads\/2017\/12\/caricatura-kant-234x300.jpg\" width=\"234\" height=\"300\" srcset=\"http:\/\/cafebarbantia.barbantia.es\/wp-content\/uploads\/2017\/12\/caricatura-kant-234x300.jpg 234w, http:\/\/cafebarbantia.barbantia.es\/wp-content\/uploads\/2017\/12\/caricatura-kant.jpg 312w\" sizes=\"(max-width: 234px) 100vw, 234px\" \/><\/a>Un d\u00eda un londiniense foi a unha clase de Kant na que falaba de Inglaterra e quedou abraiado dos seus co\u00f1ecementos sobre Londres. Supo\u00f1endo que vivira al\u00ed moitos anos, preguntoulle cando estivera, e Kant respondeulle <i>Nunca<\/i>. Xa vedes. Mentres os veci\u00f1os pu\u00f1an os reloxos en hora xerm\u00e1nica, Kant paseaba en hora inglesa.<\/p>\n<p style=\"text-align: justify;\">\u00a0\u00a0\u00a0\u00a0 Non estou dicindo que sexa mellor unha cousa c\u00e1 outra. Cada un ten a s\u00faa tendencia vital e a ela debe encomendarse. O importante \u00e9 intentar saber como \u00e9 cada quen por dentro, e evitar ser tendencioso. Non se pode contar a an\u00e9cdota de Kant e os reloxos dos veci\u00f1os de K\u00f6nignsberg, por exemplo, para insinuar que Kant era extremadamente puntual e rutineiro, sen contar deseguido que cando viv\u00eda nese Londres no que nunca estivo o seu maior pracer era chegar sempre tarde.<\/p>\n","protected":false},"excerpt":{"rendered":"<p>X. Ricardo Losada.\u00a0Hai pouco vin unha pel\u00edcula arxentina sobre un escritor desa nacionalidade ga\u00f1ador do premio Nobel de Literatura que, despois de moitos anos f\u00f3ra, volve \u00e1 s\u00faa vila natal. \u00c9 unha das fantas\u00edas m\u00e1is recorrentes da mi\u00f1a imaxinaci\u00f3n desde hai moitos anos. Non me chamedes eg\u00f3latra ou iluso antes de saber que a fantas\u00eda &hellip; <a href=\"http:\/\/cafebarbantia.barbantia.es\/?p=8637\" class=\"more-link\">Seguir lendo <span class=\"screen-reader-text\">O tempo da imaxinaci\u00f3n<\/span> <span class=\"meta-nav\">&rarr;<\/span><\/a><\/p>\n","protected":false},"author":1,"featured_media":0,"comment_status":"open","ping_status":"closed","sticky":false,"template":"","format":"standard","meta":{"_bbp_topic_count":0,"_bbp_reply_count":0,"_bbp_total_topic_count":0,"_bbp_total_reply_count":0,"_bbp_voice_count":0,"_bbp_anonymous_reply_count":0,"_bbp_topic_count_hidden":0,"_bbp_reply_count_hidden":0,"_bbp_forum_subforum_count":0,"_exactmetrics_skip_tracking":false,"_exactmetrics_sitenote_active":false,"_exactmetrics_sitenote_note":"","_exactmetrics_sitenote_category":0,"_monsterinsights_skip_tracking":false,"_monsterinsights_sitenote_active":false,"_monsterinsights_sitenote_note":"","_monsterinsights_sitenote_category":0},"categories":[7,9,26],"tags":[],"aioseo_notices":[],"_links":{"self":[{"href":"http:\/\/cafebarbantia.barbantia.es\/index.php?rest_route=\/wp\/v2\/posts\/8637"}],"collection":[{"href":"http:\/\/cafebarbantia.barbantia.es\/index.php?rest_route=\/wp\/v2\/posts"}],"about":[{"href":"http:\/\/cafebarbantia.barbantia.es\/index.php?rest_route=\/wp\/v2\/types\/post"}],"author":[{"embeddable":true,"href":"http:\/\/cafebarbantia.barbantia.es\/index.php?rest_route=\/wp\/v2\/users\/1"}],"replies":[{"embeddable":true,"href":"http:\/\/cafebarbantia.barbantia.es\/index.php?rest_route=%2Fwp%2Fv2%2Fcomments&post=8637"}],"version-history":[{"count":4,"href":"http:\/\/cafebarbantia.barbantia.es\/index.php?rest_route=\/wp\/v2\/posts\/8637\/revisions"}],"predecessor-version":[{"id":8669,"href":"http:\/\/cafebarbantia.barbantia.es\/index.php?rest_route=\/wp\/v2\/posts\/8637\/revisions\/8669"}],"wp:attachment":[{"href":"http:\/\/cafebarbantia.barbantia.es\/index.php?rest_route=%2Fwp%2Fv2%2Fmedia&parent=8637"}],"wp:term":[{"taxonomy":"category","embeddable":true,"href":"http:\/\/cafebarbantia.barbantia.es\/index.php?rest_route=%2Fwp%2Fv2%2Fcategories&post=8637"},{"taxonomy":"post_tag","embeddable":true,"href":"http:\/\/cafebarbantia.barbantia.es\/index.php?rest_route=%2Fwp%2Fv2%2Ftags&post=8637"}],"curies":[{"name":"wp","href":"https:\/\/api.w.org\/{rel}","templated":true}]}}