{"id":8657,"date":"2018-01-16T06:00:36","date_gmt":"2018-01-16T06:00:36","guid":{"rendered":"http:\/\/cafebarbantia.barbantia.es\/?p=8657"},"modified":"2018-01-07T13:43:00","modified_gmt":"2018-01-07T13:43:00","slug":"a-ollada-da-nena-na-praia","status":"publish","type":"post","link":"http:\/\/cafebarbantia.barbantia.es\/?p=8657","title":{"rendered":"A ollada da \u00abNena na praia\u00bb"},"content":{"rendered":"<p style=\"text-align: justify;\"><a href=\"http:\/\/cafebarbantia.barbantia.es\/wp-content\/uploads\/2017\/12\/BD21C3F3_214851.jpg\"><img decoding=\"async\" loading=\"lazy\" class=\"alignright size-medium wp-image-8658\" alt=\"BD21C3F3_214851\" src=\"http:\/\/cafebarbantia.barbantia.es\/wp-content\/uploads\/2017\/12\/BD21C3F3_214851-300x168.jpg\" width=\"300\" height=\"168\" srcset=\"http:\/\/cafebarbantia.barbantia.es\/wp-content\/uploads\/2017\/12\/BD21C3F3_214851-300x168.jpg 300w, http:\/\/cafebarbantia.barbantia.es\/wp-content\/uploads\/2017\/12\/BD21C3F3_214851.jpg 900w\" sizes=\"(max-width: 300px) 100vw, 300px\" \/><\/a><em><strong>Antonio Pi\u00f1eiro.\u00a0<\/strong><\/em>Antonio P\u00e9rez est\u00e1 xa inmerso no seu pr\u00f3ximo proxecto art\u00edstico. O taller de Ribeira, sen que nos decat\u00e1se-mos, hai tempo que est\u00e1 a botar os fumes crom\u00e1ticos da s\u00faa ardencia. S\u00f3ubeno nesta mi\u00f1a \u00faltima visita. Nin de lonxe dar\u00eda en imaxinar o que estaba a piques de me amosar. No medio da conversa sa\u00edu un grupo de figuras de nenos. <!--more-->Unhas augadas fermos\u00edsimas, xa de por si suficientes para encher pracenteiramente a ma\u00f1\u00e1, e de entre as que escoll\u00edn esta nena na praia pola s\u00faa delicada, exquisita e fresqu\u00edsima factura.<\/p>\n<div id=\"ad_RobaPaginasMobileTEXTO_DETALLE\" itemscope=\"\" itemtype=\"https:\/\/schema.org\/WPAdBlock\" style=\"text-align: justify;\" data-url=\"\/4900\/webm.EXT.LAVOZDEGALICIA\/edicion\/\/barbanza\" data-mapping=\"ROBAMOBILE\" data-sizes=\"[[300,250],[300,300],[350, 300],[300,600],[350, 600]]\" data-param=\"pos\" data-format=\"mobile\" data-targeting=\"robapaginas\"><span style=\"font-size: 16px;\">Antonio tende a superarse coa prontitude, no toque r\u00e1pido. \u00c9 un gran captador. Tam\u00e9n un gran debuxante. Xa se ten dito que \u00e9 o debuxante da alma mari\u00f1eira. O pintor da esencia ribeir\u00e1. Sempre que penso naquela Ribeira venme un grupo de pet\u00eds na praia. Non sei por que, mais a el semella pasarlle o mesmo.<\/span><\/div>\n<p style=\"text-align: justify;\">Desta volta quixen volver experimentar coa augada \u00ad -adiantou-. A\u00ed a sensaci\u00f3n de bosquexo, de espontaneidade, de toque, malia que conte\u00f1a toda unha historia al\u00e9n do instante, que tam\u00e9n o encadre diferente contrib\u00fae a reforzar. A\u00ed a mestr\u00eda, da que quixera destacar esta vez, ao socairo do dito, a modelaxe da forma.\u00a0Esa caracter\u00edstica notable que atopamos nos cadros de Antonio e que, a car\u00f3n das outras, os fan indiscutiblemente reco\u00f1ecibles. En troques de as pintar, semella que Antonio toca as figuras. Coma se os seus dedos fosen o ar que as ondula. Pintar o ar arredor das formas. Dic\u00edao Monet. Quero pintar o ar no cal se atopa a ponte, a casa, o barco. \u00c9 a modelaxe coa que Antonio lle d\u00e1 o car\u00e1cter aos seus \u00f3leos, acuarelas, pasteis, gravados, carb\u00f3ns, debuxos. Estabamos falando diso, da modelaxe, da forma; tam\u00e9n das posibilidades da cor plana, cando foi el e sacou dun recanto do taller un cartafol de artista. Aqu\u00ed te\u00f1o o vindeiro proxecto. Abriuno. Ao primeiro un ocre, despois unha colaxe amarela, vermella, verde, pol\u00edcroma, seguida de imaxes coma sa\u00eddas dun curro dos so\u00f1os, os tempos, as eternidades. Axugar nunha idea as orixes da nosa arte coa pl\u00e1stica actual. Poder\u00eda ser iso, unha mestura, unha hibridaci\u00f3n, mais quedei pampo. Diante de min unha serie fascinante de variaci\u00f3ns sobre a mesma peza.<\/p>\n<p style=\"text-align: justify;\">O tema ic\u00f3nico pasado polas linguaxes da nosa pl\u00e1stica. Non podo dicir m\u00e1is. Est\u00e1balle a adiantar que vai ser unha gran sorpresa, que vai causar sensaci\u00f3n, cando a nena da praia, dende a outra esquina, volveu reclamar para si a s\u00faa parte da presenza, ollando para o seu mar inconcreto, pr\u00f3ximo e inmenso, si, coma dicindo que o secreto desa vindeira obra est\u00e1 nesa ollada: mergullar a visi \u00f3n no misterio do ar e da pedra que \u00e9 o cota\u00f1o mitol\u00f3xico galego, a maxia das s\u00faas formas, e que deixo ac\u00f3 medio coma adivi\u00f1a porque estou certo de que tam\u00e9n polo intre da revelaci\u00f3n ficar\u00e1n vostedes igual de admirados.<\/p>\n","protected":false},"excerpt":{"rendered":"<p>Antonio Pi\u00f1eiro.\u00a0Antonio P\u00e9rez est\u00e1 xa inmerso no seu pr\u00f3ximo proxecto art\u00edstico. O taller de Ribeira, sen que nos decat\u00e1se-mos, hai tempo que est\u00e1 a botar os fumes crom\u00e1ticos da s\u00faa ardencia. S\u00f3ubeno nesta mi\u00f1a \u00faltima visita. Nin de lonxe dar\u00eda en imaxinar o que estaba a piques de me amosar. No medio da conversa sa\u00edu &hellip; <a href=\"http:\/\/cafebarbantia.barbantia.es\/?p=8657\" class=\"more-link\">Seguir lendo <span class=\"screen-reader-text\">A ollada da \u00abNena na praia\u00bb<\/span> <span class=\"meta-nav\">&rarr;<\/span><\/a><\/p>\n","protected":false},"author":1,"featured_media":0,"comment_status":"open","ping_status":"closed","sticky":false,"template":"","format":"standard","meta":{"_bbp_topic_count":0,"_bbp_reply_count":0,"_bbp_total_topic_count":0,"_bbp_total_reply_count":0,"_bbp_voice_count":0,"_bbp_anonymous_reply_count":0,"_bbp_topic_count_hidden":0,"_bbp_reply_count_hidden":0,"_bbp_forum_subforum_count":0,"_exactmetrics_skip_tracking":false,"_exactmetrics_sitenote_active":false,"_exactmetrics_sitenote_note":"","_exactmetrics_sitenote_category":0,"_monsterinsights_skip_tracking":false,"_monsterinsights_sitenote_active":false,"_monsterinsights_sitenote_note":"","_monsterinsights_sitenote_category":0},"categories":[35,4],"tags":[],"aioseo_notices":[],"_links":{"self":[{"href":"http:\/\/cafebarbantia.barbantia.es\/index.php?rest_route=\/wp\/v2\/posts\/8657"}],"collection":[{"href":"http:\/\/cafebarbantia.barbantia.es\/index.php?rest_route=\/wp\/v2\/posts"}],"about":[{"href":"http:\/\/cafebarbantia.barbantia.es\/index.php?rest_route=\/wp\/v2\/types\/post"}],"author":[{"embeddable":true,"href":"http:\/\/cafebarbantia.barbantia.es\/index.php?rest_route=\/wp\/v2\/users\/1"}],"replies":[{"embeddable":true,"href":"http:\/\/cafebarbantia.barbantia.es\/index.php?rest_route=%2Fwp%2Fv2%2Fcomments&post=8657"}],"version-history":[{"count":1,"href":"http:\/\/cafebarbantia.barbantia.es\/index.php?rest_route=\/wp\/v2\/posts\/8657\/revisions"}],"predecessor-version":[{"id":8659,"href":"http:\/\/cafebarbantia.barbantia.es\/index.php?rest_route=\/wp\/v2\/posts\/8657\/revisions\/8659"}],"wp:attachment":[{"href":"http:\/\/cafebarbantia.barbantia.es\/index.php?rest_route=%2Fwp%2Fv2%2Fmedia&parent=8657"}],"wp:term":[{"taxonomy":"category","embeddable":true,"href":"http:\/\/cafebarbantia.barbantia.es\/index.php?rest_route=%2Fwp%2Fv2%2Fcategories&post=8657"},{"taxonomy":"post_tag","embeddable":true,"href":"http:\/\/cafebarbantia.barbantia.es\/index.php?rest_route=%2Fwp%2Fv2%2Ftags&post=8657"}],"curies":[{"name":"wp","href":"https:\/\/api.w.org\/{rel}","templated":true}]}}