{"id":8683,"date":"2018-01-28T06:00:52","date_gmt":"2018-01-28T06:00:52","guid":{"rendered":"http:\/\/cafebarbantia.barbantia.es\/?p=8683"},"modified":"2018-01-17T21:53:21","modified_gmt":"2018-01-17T21:53:21","slug":"asedio-irmandino","status":"publish","type":"post","link":"http:\/\/cafebarbantia.barbantia.es\/?p=8683","title":{"rendered":"Asedio irmandi\u00f1o"},"content":{"rendered":"<p style=\"text-align: justify;\"><em><strong><a href=\"http:\/\/cafebarbantia.barbantia.es\/wp-content\/uploads\/2018\/01\/Don-Pedro-\u00c1lvarez-de-Sotomayor.jpg\"><img decoding=\"async\" loading=\"lazy\" class=\"alignright size-medium wp-image-8747\" alt=\"Don Pedro \u00c1lvarez de Sotomayor\" src=\"http:\/\/cafebarbantia.barbantia.es\/wp-content\/uploads\/2018\/01\/Don-Pedro-\u00c1lvarez-de-Sotomayor-254x300.jpg\" width=\"254\" height=\"300\" srcset=\"http:\/\/cafebarbantia.barbantia.es\/wp-content\/uploads\/2018\/01\/Don-Pedro-\u00c1lvarez-de-Sotomayor-254x300.jpg 254w, http:\/\/cafebarbantia.barbantia.es\/wp-content\/uploads\/2018\/01\/Don-Pedro-\u00c1lvarez-de-Sotomayor.jpg 483w\" sizes=\"(max-width: 254px) 100vw, 254px\" \/><\/a>Domingo Regueira.\u00a0<\/strong><\/em>Unha charanga con aire marcial aparece pola Arrochela arrastrando tras de si unha nube de po que envolve d\u00faas ringleiras de irregulares.\u00a0Encabezan as mesnadas Xo\u00e1n de Santiago (principal dos irmandi\u00f1os), e Estevo de Xunqueiras amo de canto crece no seu feudo.\u00a0\u00a0No Eit\u00f3n, fronte o Castelo da Mitra compostel\u00e1n, os sufridos veci\u00f1os, sedentos de xustiza, braman contra os depravados ocupas.\u00a0Pandeiros, bombos, aturuxos, cunchas e tintinar de ferros atronan na explanada.\u00a0Foise o medo, e agora os verros, insultos e maldici\u00f3ns, voan coma frechas envelenadas cara aos malfeitores.<!--more--><\/p>\n<p style=\"text-align: justify;\">\u2013Desghrasiados fillos de pendangas, de frades e cortes\u00e1ns! Non vos chegaba co qui\u00f1\u00f3n que lles quitabades aos mari\u00f1eiros, que nos levabades porcos e ghali\u00f1as. Fillos adultos de cabras! Violadores de porcas, burras e ladrillos!<\/p>\n<p style=\"text-align: justify;\">\u2014Ai muller, ladrillos&#8230;!<\/p>\n<p style=\"text-align: justify;\">\u2014Que lle queres?, esgotei o vocabulario.<\/p>\n<p style=\"text-align: justify;\">\u2014Ch\u00e1malles&#8230; concupiscentes fillos de \u00edncubos, s\u00facubos e di\u00e1conos do rom\u00e1nico er\u00f3tico.<\/p>\n<p style=\"text-align: justify;\">\u2014Ah!, Rep\u00edtemo!<\/p>\n<p style=\"text-align: justify;\">As mulleres corren tras dos meni\u00f1os para que non os pisen os cabalos. As aboas am\u00f3sanlles enxivas, caries e piorreas e, co pu\u00f1o no aire, fanlles o tirarrollas. Outras chocan as pedras, insinu\u00e1ndolles como lles van machucar os reprodutores.<\/p>\n<p style=\"text-align: justify;\">Os ousados foraxidos, ocupas do Castelo, disimulan o medo pero, en troques, sopesan a fuxida polo mar.<\/p>\n<p style=\"text-align: justify;\">Xo\u00e1n de Santiago consulta co de Xunqueiras pediren axuda a Madruga que estaba na Pobra con d\u00faas naves de 50 homes.<\/p>\n<p style=\"text-align: justify;\">Ao pouco aparecen por punta Cab\u00edo uns brancos velames, e a chusma estoupa en sonoras bramadas.<\/p>\n<p style=\"text-align: justify;\">Fondeados na r\u00eda da Pedra do Lobo, Madruga relouca por estrear as bombardas que <i>\u00ablle quitara a unhas naves holandesas fondeadas na r\u00eda de Vigo, mentres nas festas do Berb\u00e9s distra\u00edan a s\u00faa tripulaci\u00f3n con carreiras de sacos, cuca\u00f1as e outras parvadas\u201d.<\/i><\/p>\n<p style=\"text-align: justify;\">\u2014R\u00e9ndete Di\u00e1\u00f1ez e non vos pasar\u00e1 nada! \u2014gritou Xan de Santiago.<\/p>\n<p style=\"text-align: justify;\">\u2013O dia\u00f1o te trouxo e o dia\u00f1o te arrastrar\u00e1 aos avernos, picheleiro! \u2014respondeulle o Di\u00e1\u00f1ez.<\/p>\n<p style=\"text-align: justify;\">\u2014Voto a Br\u00edos! \u2014berrou Madruga dende a nave.<\/p>\n<p style=\"text-align: justify;\">\u2013Vota a t\u00faa nai, bastardo! \u2014contestou o xefe dos insurrectos.<\/p>\n<p style=\"text-align: justify;\">S\u00f3 foron precisos dous disparos para que un terror paranormal invadise a explanada. Veci\u00f1os, cans, porcos e soldados atu\u00edan as corredoiras.<\/p>\n<p style=\"text-align: justify;\">Os bandidos, pampos, baixaron apertando as perni\u00f1as.<\/p>\n<p style=\"text-align: justify;\">Salta na Praia o artilleiro Madruga e c\u00e1ntalle a charanga:<\/p>\n<p style=\"text-align: justify;\">\u201c Viva a palma, viva a flor,<\/p>\n<p style=\"text-align: justify;\">viva don Pedro Madruga,<\/p>\n<p style=\"text-align: justify;\">don Pedro \u00c1lvarez de Soutomaior\u201d.<\/p>\n","protected":false},"excerpt":{"rendered":"<p>Domingo Regueira.\u00a0Unha charanga con aire marcial aparece pola Arrochela arrastrando tras de si unha nube de po que envolve d\u00faas ringleiras de irregulares.\u00a0Encabezan as mesnadas Xo\u00e1n de Santiago (principal dos irmandi\u00f1os), e Estevo de Xunqueiras amo de canto crece no seu feudo.\u00a0\u00a0No Eit\u00f3n, fronte o Castelo da Mitra compostel\u00e1n, os sufridos veci\u00f1os, sedentos de xustiza, &hellip; <a href=\"http:\/\/cafebarbantia.barbantia.es\/?p=8683\" class=\"more-link\">Seguir lendo <span class=\"screen-reader-text\">Asedio irmandi\u00f1o<\/span> <span class=\"meta-nav\">&rarr;<\/span><\/a><\/p>\n","protected":false},"author":1,"featured_media":0,"comment_status":"open","ping_status":"closed","sticky":false,"template":"","format":"standard","meta":{"_bbp_topic_count":0,"_bbp_reply_count":0,"_bbp_total_topic_count":0,"_bbp_total_reply_count":0,"_bbp_voice_count":0,"_bbp_anonymous_reply_count":0,"_bbp_topic_count_hidden":0,"_bbp_reply_count_hidden":0,"_bbp_forum_subforum_count":0,"_exactmetrics_skip_tracking":false,"_exactmetrics_sitenote_active":false,"_exactmetrics_sitenote_note":"","_exactmetrics_sitenote_category":0,"_monsterinsights_skip_tracking":false,"_monsterinsights_sitenote_active":false,"_monsterinsights_sitenote_note":"","_monsterinsights_sitenote_category":0},"categories":[68,9],"tags":[],"aioseo_notices":[],"_links":{"self":[{"href":"http:\/\/cafebarbantia.barbantia.es\/index.php?rest_route=\/wp\/v2\/posts\/8683"}],"collection":[{"href":"http:\/\/cafebarbantia.barbantia.es\/index.php?rest_route=\/wp\/v2\/posts"}],"about":[{"href":"http:\/\/cafebarbantia.barbantia.es\/index.php?rest_route=\/wp\/v2\/types\/post"}],"author":[{"embeddable":true,"href":"http:\/\/cafebarbantia.barbantia.es\/index.php?rest_route=\/wp\/v2\/users\/1"}],"replies":[{"embeddable":true,"href":"http:\/\/cafebarbantia.barbantia.es\/index.php?rest_route=%2Fwp%2Fv2%2Fcomments&post=8683"}],"version-history":[{"count":2,"href":"http:\/\/cafebarbantia.barbantia.es\/index.php?rest_route=\/wp\/v2\/posts\/8683\/revisions"}],"predecessor-version":[{"id":8748,"href":"http:\/\/cafebarbantia.barbantia.es\/index.php?rest_route=\/wp\/v2\/posts\/8683\/revisions\/8748"}],"wp:attachment":[{"href":"http:\/\/cafebarbantia.barbantia.es\/index.php?rest_route=%2Fwp%2Fv2%2Fmedia&parent=8683"}],"wp:term":[{"taxonomy":"category","embeddable":true,"href":"http:\/\/cafebarbantia.barbantia.es\/index.php?rest_route=%2Fwp%2Fv2%2Fcategories&post=8683"},{"taxonomy":"post_tag","embeddable":true,"href":"http:\/\/cafebarbantia.barbantia.es\/index.php?rest_route=%2Fwp%2Fv2%2Ftags&post=8683"}],"curies":[{"name":"wp","href":"https:\/\/api.w.org\/{rel}","templated":true}]}}