{"id":8724,"date":"2018-01-17T06:00:50","date_gmt":"2018-01-17T06:00:50","guid":{"rendered":"http:\/\/cafebarbantia.barbantia.es\/?p=8724"},"modified":"2018-01-07T13:51:32","modified_gmt":"2018-01-07T13:51:32","slug":"marcas-de-orgullo","status":"publish","type":"post","link":"http:\/\/cafebarbantia.barbantia.es\/?p=8724","title":{"rendered":"Marcas de orgullo"},"content":{"rendered":"<figure id=\"attachment_8725\" aria-describedby=\"caption-attachment-8725\" style=\"width: 300px\" class=\"wp-caption alignleft\"><a href=\"http:\/\/cafebarbantia.barbantia.es\/wp-content\/uploads\/2018\/01\/matalobos.jpg\"><img decoding=\"async\" loading=\"lazy\" class=\"size-medium wp-image-8725\" alt=\"Matalobos\" src=\"http:\/\/cafebarbantia.barbantia.es\/wp-content\/uploads\/2018\/01\/matalobos-300x168.jpg\" width=\"300\" height=\"168\" srcset=\"http:\/\/cafebarbantia.barbantia.es\/wp-content\/uploads\/2018\/01\/matalobos-300x168.jpg 300w, http:\/\/cafebarbantia.barbantia.es\/wp-content\/uploads\/2018\/01\/matalobos.jpg 900w\" sizes=\"(max-width: 300px) 100vw, 300px\" \/><\/a><figcaption id=\"caption-attachment-8725\" class=\"wp-caption-text\">Matalobos<\/figcaption><\/figure>\n<p style=\"text-align: justify;\"><span style=\"text-align: justify;\"><em><strong>Francisco Ant. Vidal Blanco.\u00a0<\/strong><\/em>Ese sentimento de orgullo por algo ben feito, acadado ou posu\u00eddo que nos diferenza dos demais \u00e9 o que nos leva a estampar a nosa sinatura, a po\u00f1er unha marca para deixar constancia do logro. Meu bisav\u00f3 asinou un moble que gardamos na casa paterna como algo \u00fanico. Alg\u00fans artistas foron m\u00e1is lonxe, chegando a retratarse dentro da obra, desde o Mestre Mateo<!--more--> (se \u00e9 certo que \u00e9 el e non o monarca que lle pagou) \u00f3 p\u00e9 do P\u00f3rtico da Gloria, Vel\u00e1zquez e familia no portal de Bel\u00e9n ou o Greco e o seu fillo no enterro do conde de Orgaz. Os quintos de todos os reemprazos deixaron o seu nome nos muros do cuartel e os peregrinos a Compostela que entraban pola Coru\u00f1a estampaban a s\u00faa marca nunha laxe preto da torre de H\u00e9rcules. Tam\u00e9n os presos te\u00f1en por costume tatuar nos seus corpos un signo identitario do seu paso pola cadea, como as mafias da trata de mulleres marcan \u00e1s s\u00faas secuestradas, igual que os vaqueiros marcan as reses e os pastores as ovellas.<\/span><\/p>\n<div id=\"ad_RobaPaginasMobileTEXTO_DETALLE\" itemscope=\"\" itemtype=\"https:\/\/schema.org\/WPAdBlock\" style=\"text-align: justify;\" data-url=\"\/4900\/webm.EXT.LAVOZDEGALICIA\/edicion\/\/barbanza\" data-mapping=\"ROBAMOBILE\" data-sizes=\"[[300,250],[300,300],[350, 300],[300,600],[350, 600]]\" data-param=\"pos\" data-format=\"mobile\" data-targeting=\"robapaginas\"><span style=\"font-size: 16px;\">Marcamos o que posu\u00edmos e o que facemos, por amor, por orgullo, por logro ou por contabilizaci\u00f3n, e igual ca os cadros, o asinado cobra valor sobre o an\u00f3nimo. Esa \u00e9 a outra funci\u00f3n da sinatura. Os canteiros po\u00f1\u00edan a s\u00faa marca para saber cantas pedras traballou cada grupo e as sen marcar non se pagaban. O amigo Xulio, orgulloso da marmelada de lim\u00f3ns da casa que fixo, mandou imprimir unhas etiquetas para po\u00f1erllas \u00f3s frascos con que nos agasallou estes d\u00edas, Melanie gravou por amor o nome de Antonio no brazo e a rapaza que nos serve as cervexas estampou o do seu neno de tres meses sobre a cicatriz da ces\u00e1rea.<\/span><\/div>\n<p style=\"text-align: justify;\"><a href=\"http:\/\/cafebarbantia.barbantia.es\/wp-content\/uploads\/2018\/01\/firma-3.jpg\"><img decoding=\"async\" loading=\"lazy\" class=\"alignright size-medium wp-image-8726\" alt=\"firma 3\" src=\"http:\/\/cafebarbantia.barbantia.es\/wp-content\/uploads\/2018\/01\/firma-3-300x184.jpg\" width=\"300\" height=\"184\" srcset=\"http:\/\/cafebarbantia.barbantia.es\/wp-content\/uploads\/2018\/01\/firma-3-300x184.jpg 300w, http:\/\/cafebarbantia.barbantia.es\/wp-content\/uploads\/2018\/01\/firma-3.jpg 341w\" sizes=\"(max-width: 300px) 100vw, 300px\" \/><\/a>Pero non todas as persoas poden marcar o seu traballo ou as s\u00faas cousas para sempre. Estou pensando nos m\u00e9dicos, de quen se valora m\u00e1is o seu labor se non deixan marca. Ou iso era o que eu cr\u00eda ata que vin na prensa a noticia dun cirurxi\u00e1n ingl\u00e9s, quen tras facer malabarismos co bistur\u00ed, tatuou no f\u00edgado que transplantou as s\u00faas iniciais, para deixar constancia do seu traballo. Non lle bastaba o historial cl\u00ednico do doente, deixoulle a firma ben estampada. E a\u00ed xurde o problema \u00e9tico.<\/p>\n<div style=\"text-align: justify;\"><span style=\"font-size: 16px;\">O doutor, Simon Bramhall, debeu pensar que aquilo que acababa de facer era algo \u00fanico e merec\u00eda un reco\u00f1ecemento, e como unha vez posto o novo f\u00edgado no seu sitio e cosida a ferida todo quedaba como se nada, aproveitando que ti\u00f1a nas mans un l\u00e1ser de argon, que se usa para cauterizar e evitar hemorraxias, xa aproveitou para rotular o seu SB sobre o \u00f3rgano, como un Picasso \u00f3 p\u00e9 dun par de pinceladas. E que saibamos (porque non van agora a abrir a todos os operados pola s\u00faa man para saber cantos asinou) xa se ten noticia de dous doentes rubricados por el, desde o ano trece en que tivo tan narcisista idea.<\/span><\/div>\n<div id=\"ad_Roba2DetalleTEXTO_DETALLE\" itemscope=\"\" itemtype=\"https:\/\/schema.org\/WPAdBlock\" style=\"text-align: justify;\" data-url=\"\/2260323\/Roba_2_detalle\" data-mapping=\"ROBA600\" data-sizes=\"[[300,600]]\" data-param=\"\" data-format=\"double\" data-targeting=\"\" data-google-query-id=\"CNawkNj-xdgCFaWkUQodKr0Efg\">\n<div id=\"google_ads_iframe_\/2260323\/Roba_2_detalle_0__container__\"><\/div>\n<\/div>\n<p style=\"text-align: justify;\">A verdade \u00e9 que ese tipo de tatuaxes non causa danos f\u00edsicos nin limita as funci\u00f3ns do \u00f3rgano transplantado, pero \u00e9 que tampouco quere ningu\u00e9n levar a marca de ning\u00fan artista da medicina no seu corpo por moi agochada que esta vaia entre as v\u00edsceras. Imaxinade \u00f3 pai ou nai orgullosos do seu fillo que non contentos con deixarlle o apelido nos papeis do rexistro civil, quixesen asinar sobre a pel do cr\u00edo aquilo de \u00abMade by Pepi\u00f1o &amp; Pepi\u00f1a\u00bb. Non creo que \u00f3 cr\u00edo lle gustase moito.<\/p>\n","protected":false},"excerpt":{"rendered":"<p>Francisco Ant. Vidal Blanco.\u00a0Ese sentimento de orgullo por algo ben feito, acadado ou posu\u00eddo que nos diferenza dos demais \u00e9 o que nos leva a estampar a nosa sinatura, a po\u00f1er unha marca para deixar constancia do logro. Meu bisav\u00f3 asinou un moble que gardamos na casa paterna como algo \u00fanico. Alg\u00fans artistas foron m\u00e1is &hellip; <a href=\"http:\/\/cafebarbantia.barbantia.es\/?p=8724\" class=\"more-link\">Seguir lendo <span class=\"screen-reader-text\">Marcas de orgullo<\/span> <span class=\"meta-nav\">&rarr;<\/span><\/a><\/p>\n","protected":false},"author":1,"featured_media":0,"comment_status":"open","ping_status":"closed","sticky":false,"template":"","format":"standard","meta":{"_bbp_topic_count":0,"_bbp_reply_count":0,"_bbp_total_topic_count":0,"_bbp_total_reply_count":0,"_bbp_voice_count":0,"_bbp_anonymous_reply_count":0,"_bbp_topic_count_hidden":0,"_bbp_reply_count_hidden":0,"_bbp_forum_subforum_count":0,"_exactmetrics_skip_tracking":false,"_exactmetrics_sitenote_active":false,"_exactmetrics_sitenote_note":"","_exactmetrics_sitenote_category":0,"_monsterinsights_skip_tracking":false,"_monsterinsights_sitenote_active":false,"_monsterinsights_sitenote_note":"","_monsterinsights_sitenote_category":0},"categories":[7,52,9],"tags":[],"aioseo_notices":[],"_links":{"self":[{"href":"http:\/\/cafebarbantia.barbantia.es\/index.php?rest_route=\/wp\/v2\/posts\/8724"}],"collection":[{"href":"http:\/\/cafebarbantia.barbantia.es\/index.php?rest_route=\/wp\/v2\/posts"}],"about":[{"href":"http:\/\/cafebarbantia.barbantia.es\/index.php?rest_route=\/wp\/v2\/types\/post"}],"author":[{"embeddable":true,"href":"http:\/\/cafebarbantia.barbantia.es\/index.php?rest_route=\/wp\/v2\/users\/1"}],"replies":[{"embeddable":true,"href":"http:\/\/cafebarbantia.barbantia.es\/index.php?rest_route=%2Fwp%2Fv2%2Fcomments&post=8724"}],"version-history":[{"count":1,"href":"http:\/\/cafebarbantia.barbantia.es\/index.php?rest_route=\/wp\/v2\/posts\/8724\/revisions"}],"predecessor-version":[{"id":8727,"href":"http:\/\/cafebarbantia.barbantia.es\/index.php?rest_route=\/wp\/v2\/posts\/8724\/revisions\/8727"}],"wp:attachment":[{"href":"http:\/\/cafebarbantia.barbantia.es\/index.php?rest_route=%2Fwp%2Fv2%2Fmedia&parent=8724"}],"wp:term":[{"taxonomy":"category","embeddable":true,"href":"http:\/\/cafebarbantia.barbantia.es\/index.php?rest_route=%2Fwp%2Fv2%2Fcategories&post=8724"},{"taxonomy":"post_tag","embeddable":true,"href":"http:\/\/cafebarbantia.barbantia.es\/index.php?rest_route=%2Fwp%2Fv2%2Ftags&post=8724"}],"curies":[{"name":"wp","href":"https:\/\/api.w.org\/{rel}","templated":true}]}}