{"id":8841,"date":"2018-02-20T06:00:28","date_gmt":"2018-02-20T06:00:28","guid":{"rendered":"http:\/\/cafebarbantia.barbantia.es\/?p=8841"},"modified":"2018-02-07T09:26:59","modified_gmt":"2018-02-07T09:26:59","slug":"galicia-e-os-galegos-na-poesia-castela-lxxix-pio-baroja","status":"publish","type":"post","link":"http:\/\/cafebarbantia.barbantia.es\/?p=8841","title":{"rendered":"Galicia e os galegos na poes\u00eda castel\u00e1 LXXIX. P\u00edo Baroja"},"content":{"rendered":"<p style=\"text-align: justify;\"><i><b><a href=\"http:\/\/cafebarbantia.barbantia.es\/wp-content\/uploads\/2018\/02\/636591.jpg\"><img decoding=\"async\" loading=\"lazy\" class=\"alignleft size-full wp-image-8842\" alt=\"636591\" src=\"http:\/\/cafebarbantia.barbantia.es\/wp-content\/uploads\/2018\/02\/636591.jpg\" width=\"187\" height=\"266\" \/><\/a>Rom\u00e1n Ar\u00e9n. <\/b><\/i>Baroja \u00e9, para case todos, un gran novelista, o autor de <i>La busca <\/i>ou de <i>Zalaca\u00edn el aventurero,<\/i> pero foi tam\u00e9n autor de bos contos (<i>Vidas sombr\u00edas, <\/i>1900), antisemita, bi\u00f3grafo e poeta, si, poeta, autor de <i>Canciones del suburbio<\/i> que, eu conf\u00e9soo agora, lin sempre con pracer. Poes\u00eda grotesca, popular e expresionista, pero non \u201ccastiza\u201d, pois os arrabaldes, a miseria est\u00e1n para Madrid e para Par\u00eds. Non ti\u00f1a boa opini\u00f3n dos curas, das moscas, de moitos vascos e dos galegos. (\u00a1Qu\u00e9 gente! Casares Quiroga no tiene siquiera la malicia y la suspicacia del aldeano gallego\u201d). \u201cLos portugueses y gallegos, ro\u00f1osos y disciplinados y un tanto serviles\u201d. <!--more-->Fixo a semblanza de galegos ilustres e deixounos esta estampa brutal e burlona da Galicia de Madrid:<\/p>\n<p style=\"text-align: justify;\">&#8230;En un sitio donde hay \u00e1rboles,\/ todo ya de gente lleno,\/ sobre una mesa se ven\/ dos hombres; uno, un gaitero;\/ el otro toca el tambor\/ con un redoble de estruendo.\/ El p\u00fablico baila en torno,\/ formando un extenso ruedo,\/ y se oye hablar a la gente\/ en leon\u00e9s y en gallego&#8230;\/\/ Yo bailo con una moza\/ gallega, del Cudillero&#8230;\/ y el otro salta furioso\/ con otra de Mondo\u00f1edo\u2026<\/p>\n<p style=\"text-align: justify;\">O poema tit\u00falase \u201cEl ratapl\u00e1n\u201d.<\/p>\n","protected":false},"excerpt":{"rendered":"<p>Rom\u00e1n Ar\u00e9n. Baroja \u00e9, para case todos, un gran novelista, o autor de La busca ou de Zalaca\u00edn el aventurero, pero foi tam\u00e9n autor de bos contos (Vidas sombr\u00edas, 1900), antisemita, bi\u00f3grafo e poeta, si, poeta, autor de Canciones del suburbio que, eu conf\u00e9soo agora, lin sempre con pracer. Poes\u00eda grotesca, popular e expresionista, pero &hellip; <a href=\"http:\/\/cafebarbantia.barbantia.es\/?p=8841\" class=\"more-link\">Seguir lendo <span class=\"screen-reader-text\">Galicia e os galegos na poes\u00eda castel\u00e1 LXXIX. P\u00edo Baroja<\/span> <span class=\"meta-nav\">&rarr;<\/span><\/a><\/p>\n","protected":false},"author":1,"featured_media":0,"comment_status":"open","ping_status":"closed","sticky":false,"template":"","format":"standard","meta":{"_bbp_topic_count":0,"_bbp_reply_count":0,"_bbp_total_topic_count":0,"_bbp_total_reply_count":0,"_bbp_voice_count":0,"_bbp_anonymous_reply_count":0,"_bbp_topic_count_hidden":0,"_bbp_reply_count_hidden":0,"_bbp_forum_subforum_count":0,"_exactmetrics_skip_tracking":false,"_exactmetrics_sitenote_active":false,"_exactmetrics_sitenote_note":"","_exactmetrics_sitenote_category":0,"_monsterinsights_skip_tracking":false,"_monsterinsights_sitenote_active":false,"_monsterinsights_sitenote_note":"","_monsterinsights_sitenote_category":0},"categories":[7,10,28],"tags":[],"aioseo_notices":[],"_links":{"self":[{"href":"http:\/\/cafebarbantia.barbantia.es\/index.php?rest_route=\/wp\/v2\/posts\/8841"}],"collection":[{"href":"http:\/\/cafebarbantia.barbantia.es\/index.php?rest_route=\/wp\/v2\/posts"}],"about":[{"href":"http:\/\/cafebarbantia.barbantia.es\/index.php?rest_route=\/wp\/v2\/types\/post"}],"author":[{"embeddable":true,"href":"http:\/\/cafebarbantia.barbantia.es\/index.php?rest_route=\/wp\/v2\/users\/1"}],"replies":[{"embeddable":true,"href":"http:\/\/cafebarbantia.barbantia.es\/index.php?rest_route=%2Fwp%2Fv2%2Fcomments&post=8841"}],"version-history":[{"count":1,"href":"http:\/\/cafebarbantia.barbantia.es\/index.php?rest_route=\/wp\/v2\/posts\/8841\/revisions"}],"predecessor-version":[{"id":8843,"href":"http:\/\/cafebarbantia.barbantia.es\/index.php?rest_route=\/wp\/v2\/posts\/8841\/revisions\/8843"}],"wp:attachment":[{"href":"http:\/\/cafebarbantia.barbantia.es\/index.php?rest_route=%2Fwp%2Fv2%2Fmedia&parent=8841"}],"wp:term":[{"taxonomy":"category","embeddable":true,"href":"http:\/\/cafebarbantia.barbantia.es\/index.php?rest_route=%2Fwp%2Fv2%2Fcategories&post=8841"},{"taxonomy":"post_tag","embeddable":true,"href":"http:\/\/cafebarbantia.barbantia.es\/index.php?rest_route=%2Fwp%2Fv2%2Ftags&post=8841"}],"curies":[{"name":"wp","href":"https:\/\/api.w.org\/{rel}","templated":true}]}}