{"id":8878,"date":"2018-03-03T06:00:30","date_gmt":"2018-03-03T06:00:30","guid":{"rendered":"http:\/\/cafebarbantia.barbantia.es\/?p=8878"},"modified":"2018-02-25T18:37:18","modified_gmt":"2018-02-25T18:37:18","slug":"hai-librarias-en-nixeria","status":"publish","type":"post","link":"http:\/\/cafebarbantia.barbantia.es\/?p=8878","title":{"rendered":"\u00bfHai librar\u00edas en Nixeria?"},"content":{"rendered":"<p style=\"text-align: justify;\"><em><strong><a href=\"http:\/\/cafebarbantia.barbantia.es\/wp-content\/uploads\/2018\/02\/BF17E16F1_201438.jpg\"><img decoding=\"async\" loading=\"lazy\" class=\"alignright size-medium wp-image-8879\" alt=\"BF17E16F1_201438\" src=\"http:\/\/cafebarbantia.barbantia.es\/wp-content\/uploads\/2018\/02\/BF17E16F1_201438-300x168.jpg\" width=\"300\" height=\"168\" srcset=\"http:\/\/cafebarbantia.barbantia.es\/wp-content\/uploads\/2018\/02\/BF17E16F1_201438-300x168.jpg 300w, http:\/\/cafebarbantia.barbantia.es\/wp-content\/uploads\/2018\/02\/BF17E16F1_201438.jpg 900w\" sizes=\"(max-width: 300px) 100vw, 300px\" \/><\/a>Francisco Ant. Vidal Blanco.\u00a0<\/strong><\/em>\u00c9 unha condici\u00f3n propia de camanduleiros pensar que todos os pobres son analfabetos, que os oficios te\u00f1en categor\u00eda en relaci\u00f3n \u00f3 salario percibido ou que todos os inferiores son xente sen alma. Unha actitude tan arcaica que m\u00e1is ben parece propia do pensamento de Juan Gin\u00e9s de Sep\u00falveda<!--more-->, aquel sacerdote que discut\u00eda no s\u00e9culo XVI con Bartolom\u00e9 de las Casas asegurando que os indios eran pouco m\u00e1is ca animais de carga.<\/p>\n<p style=\"text-align: justify;\">No edificio do lado vive un negro. Un mozo que traballa en algo da construci\u00f3n, con quen me sa\u00fado todos os d\u00edas desde que en certa ocasi\u00f3n coincidimos na cafeter\u00eda do barrio e discutimos sobre un gol que non foi e el defend\u00eda. Hoxe deume por pensar como empezar\u00eda el este par\u00e1grafo: \u00abNo edificio do lado vive un branco\u00bb. Non, non soa tan pexorativo. Pero o que m\u00e1is me preocupa, m\u00e1is a\u00ednda que chamarlle negro, negri\u00f1o ou niger \u00e9 o pouco que sei del e da s\u00faa vida. En comparaci\u00f3n, eu son un ignorante \u00f3 seu lado, \u00f3 lado de quen sabe sobre o meu pa\u00eds moito m\u00e1is do que eu do seu. Ou peor a\u00ednda, do pouco que me molesto por saber del, como se este veci\u00f1o fose menos importante ca un n\u00f3rdico que vive de rendas. \u00c1 fin este mozo est\u00e1 cotizando para que non quebre a caixa das pensi\u00f3ns.<\/p>\n<div style=\"text-align: justify;\"><\/div>\n<p style=\"text-align: justify;\">Por non saber non sei de onde \u00e9, se chegou en patera ou en avi\u00f3n, se ten estudios, a que se dedicaban os seus pa\u00eds, se ten familia ou non, aqu\u00ed ou al\u00f3. V\u00e9xoo como unha nota de cor na barra da cafeter\u00eda, a pesares de que son consciente de que detr\u00e1s del hai toda unha vida, unhas arelas tan duras, l\u00edcitas e importantes como as de tantos familiares meus que viviron noutros pa\u00edses para que a familia que quedaba na terra puidese levar unha vida digna. Familiares que me te\u00f1en contado de profesores americanos tan incultos que pensan que a pen\u00ednsula ib\u00e9rica cadra en \u00c1frica ou que nunca o\u00edron falar de Leinchestein nin de Andorra.<\/p>\n<p style=\"text-align: justify;\">Estoutro d\u00eda a escritora nixeriana Chimamanda Ngozi sentiuse ofendida durante unha entrevista en Francia, diante dunha nutrida audiencia, na que a entrevistadora lle preguntou (seguramente con ret\u00f3rica) se en Nixeria hab\u00eda librar\u00edas. A escritora, con moita calma veu a responderlle que con aquela pregunta xa se decataba da pobre idea que os franceses (eu dir\u00eda os europeos) te\u00f1en do seu pa\u00eds, que o ven como algo diferente e s\u00f3 co\u00f1ecen os casos de violencia ou os actos terroristas de Boko Haram.<\/p>\n<div style=\"text-align: justify;\"><\/div>\n<p style=\"text-align: justify;\"><a href=\"http:\/\/cafebarbantia.barbantia.es\/wp-content\/uploads\/2018\/02\/African_migrants.jpg\"><img decoding=\"async\" loading=\"lazy\" class=\"alignleft size-medium wp-image-8880\" alt=\"African_migrants\" src=\"http:\/\/cafebarbantia.barbantia.es\/wp-content\/uploads\/2018\/02\/African_migrants-236x300.jpg\" width=\"236\" height=\"300\" srcset=\"http:\/\/cafebarbantia.barbantia.es\/wp-content\/uploads\/2018\/02\/African_migrants-236x300.jpg 236w, http:\/\/cafebarbantia.barbantia.es\/wp-content\/uploads\/2018\/02\/African_migrants.jpg 276w\" sizes=\"(max-width: 236px) 100vw, 236px\" \/><\/a>Chimamanda, que \u00e9 unha autora nova (40 anos) cun curr\u00edculo impresionante, tivo que explicarlle que ela escribe para os nixerianos en raz\u00f3n das s\u00faas vivencias, e os nixerianos len os seus libros, a\u00ednda que tam\u00e9n est\u00e1 moi agradecida de que a s\u00faa obra sexa traducida e lida en todo o mundo. Tivo que explicarlle que al\u00ed, no coraz\u00f3n de \u00c1frica, hai librar\u00edas como no resto dos pa\u00edses, a\u00ednda que, desgraciadamente, igual ca en Europa e Am\u00e9rica, as librar\u00edas non est\u00e1n pasando polo mellor momento. Lamentouse de que en pleno 2018, con Internet e toda a rede de interconexi\u00f3n mundial existente, algu\u00e9n te\u00f1a que preguntar algo as\u00ed, o que denota o pouco que o norte se molesta por saber do sur.<\/p>\n<div id=\"ad_Roba2DetalleTEXTO_DETALLE\" itemscope=\"\" itemtype=\"https:\/\/schema.org\/WPAdBlock\" data-url=\"\/2260323\/Roba_2_detalle\" data-mapping=\"ROBA600\" data-sizes=\"[[300,600]]\" data-param=\"\" data-format=\"double\" data-targeting=\"\" data-google-query-id=\"COPUwsebpdkCFbEw0wodOf8O6Q\">\n<div id=\"google_ads_iframe_\/2260323\/Roba_2_detalle_0__container__\" style=\"text-align: justify;\"><span style=\"font-size: 16px;\">Por iso, esta tarde irei \u00e1 cafeter\u00eda do barrio, agardarei polo meu veci\u00f1o, e tratarei de saber algo m\u00e1is ca que \u00c1frica ten paisaxes fermos\u00edsimas, animais sorprendentes, aldeas e incomprensibles pelexas entre clans e tribos, que \u00e9 o \u00fanico que nos contan nos informativos e nos documentais.<\/span><\/div>\n<\/div>\n","protected":false},"excerpt":{"rendered":"<p>Francisco Ant. Vidal Blanco.\u00a0\u00c9 unha condici\u00f3n propia de camanduleiros pensar que todos os pobres son analfabetos, que os oficios te\u00f1en categor\u00eda en relaci\u00f3n \u00f3 salario percibido ou que todos os inferiores son xente sen alma. Unha actitude tan arcaica que m\u00e1is ben parece propia do pensamento de Juan Gin\u00e9s de Sep\u00falveda<\/p>\n","protected":false},"author":1,"featured_media":0,"comment_status":"open","ping_status":"closed","sticky":false,"template":"","format":"standard","meta":{"_bbp_topic_count":0,"_bbp_reply_count":0,"_bbp_total_topic_count":0,"_bbp_total_reply_count":0,"_bbp_voice_count":0,"_bbp_anonymous_reply_count":0,"_bbp_topic_count_hidden":0,"_bbp_reply_count_hidden":0,"_bbp_forum_subforum_count":0,"_exactmetrics_skip_tracking":false,"_exactmetrics_sitenote_active":false,"_exactmetrics_sitenote_note":"","_exactmetrics_sitenote_category":0,"_monsterinsights_skip_tracking":false,"_monsterinsights_sitenote_active":false,"_monsterinsights_sitenote_note":"","_monsterinsights_sitenote_category":0},"categories":[7,52,9],"tags":[],"aioseo_notices":[],"_links":{"self":[{"href":"http:\/\/cafebarbantia.barbantia.es\/index.php?rest_route=\/wp\/v2\/posts\/8878"}],"collection":[{"href":"http:\/\/cafebarbantia.barbantia.es\/index.php?rest_route=\/wp\/v2\/posts"}],"about":[{"href":"http:\/\/cafebarbantia.barbantia.es\/index.php?rest_route=\/wp\/v2\/types\/post"}],"author":[{"embeddable":true,"href":"http:\/\/cafebarbantia.barbantia.es\/index.php?rest_route=\/wp\/v2\/users\/1"}],"replies":[{"embeddable":true,"href":"http:\/\/cafebarbantia.barbantia.es\/index.php?rest_route=%2Fwp%2Fv2%2Fcomments&post=8878"}],"version-history":[{"count":1,"href":"http:\/\/cafebarbantia.barbantia.es\/index.php?rest_route=\/wp\/v2\/posts\/8878\/revisions"}],"predecessor-version":[{"id":8881,"href":"http:\/\/cafebarbantia.barbantia.es\/index.php?rest_route=\/wp\/v2\/posts\/8878\/revisions\/8881"}],"wp:attachment":[{"href":"http:\/\/cafebarbantia.barbantia.es\/index.php?rest_route=%2Fwp%2Fv2%2Fmedia&parent=8878"}],"wp:term":[{"taxonomy":"category","embeddable":true,"href":"http:\/\/cafebarbantia.barbantia.es\/index.php?rest_route=%2Fwp%2Fv2%2Fcategories&post=8878"},{"taxonomy":"post_tag","embeddable":true,"href":"http:\/\/cafebarbantia.barbantia.es\/index.php?rest_route=%2Fwp%2Fv2%2Ftags&post=8878"}],"curies":[{"name":"wp","href":"https:\/\/api.w.org\/{rel}","templated":true}]}}