{"id":8912,"date":"2018-03-25T06:00:51","date_gmt":"2018-03-25T06:00:51","guid":{"rendered":"http:\/\/cafebarbantia.barbantia.es\/?p=8912"},"modified":"2018-03-17T11:20:44","modified_gmt":"2018-03-17T11:20:44","slug":"alen-dos-barqueiros","status":"publish","type":"post","link":"http:\/\/cafebarbantia.barbantia.es\/?p=8912","title":{"rendered":"Al\u00e9n dos Barqueiros"},"content":{"rendered":"<p lang=\"gl-ES\" style=\"text-align: justify;\"><span style=\"font-family: 'Times New Roman', serif;\"><span style=\"font-size: large;\"><em><strong><a href=\"http:\/\/cafebarbantia.barbantia.es\/wp-content\/uploads\/2018\/02\/anxomuin-os-ulin_1.jpg\"><img decoding=\"async\" loading=\"lazy\" class=\"alignright size-medium wp-image-8913\" alt=\"anxomuin-os-ulin_1\" src=\"http:\/\/cafebarbantia.barbantia.es\/wp-content\/uploads\/2018\/02\/anxomuin-os-ulin_1-206x300.jpg\" width=\"206\" height=\"300\" srcset=\"http:\/\/cafebarbantia.barbantia.es\/wp-content\/uploads\/2018\/02\/anxomuin-os-ulin_1-206x300.jpg 206w, http:\/\/cafebarbantia.barbantia.es\/wp-content\/uploads\/2018\/02\/anxomuin-os-ulin_1.jpg 550w\" sizes=\"(max-width: 206px) 100vw, 206px\" \/><\/a>Oliveira Casal.\u00a0<\/strong><\/em>\u00c1s voltas anda no prelo a editorial c\u00e1ntabra Fanes coa primeira novela de Anxo Mu\u00ed\u00f1os. Hai un par de anos lemos con deleite literario e ideol\u00f3xico \u201cUlin\u201d, poemario inici\u00e1tico do autor de Tarago\u00f1a en edici\u00f3n biling\u00fce. O personaxe protagonista, Ingemar Westterstrom, non dubida en iniciar unha singradura espiritual e f\u00edsica, de co\u00f1ecemento e aventura, que o vai vir traendo da Grande Canle do r\u00edo Gota \u00e1s beiras do Teixo. S\u00f3 ti\u00f1a sa\u00eddo de Suecia para achegarse ao encontro cos xitanos do mar, os mari\u00f1eiros galegos.<!--more--> Aquela primeira transgresi\u00f3n fronteiriza atendera unicamente \u00e1 s\u00faa tenacidade en perfeccionar o sotaque da lusofon\u00eda. Outras motivaci\u00f3ns obr\u00edgano agora. Corre o outono de 1939. A aviaci\u00f3n alem\u00e1 bombardeou xa Guernica.<\/span><\/span><\/p>\n<p lang=\"gl-ES\" style=\"text-align: justify;\"><span style=\"font-family: 'Times New Roman', serif;\"><span style=\"font-size: large;\">Ingemar, o escandinavo errante, comeza unha viaxe xeogr\u00e1fica contraria \u00e1 do autor. Anxo Mu\u00ed\u00f1os sae do Porto de Tarago\u00f1a decidido a dar forma e contido a un traballo de campo que nunha primeira intenci\u00f3n abranguer\u00eda os barqueiros do Mi\u00f1o e do Sil. A empresa ir\u00e1 medrando en af\u00e1n e extensi\u00f3n. Na s\u00faa skepparkista atesoura xa anos de vida mari\u00f1a e mari\u00f1eira. Tam\u00e9n estudos de n\u00e1utica. E as lecturas, claro: sempre intentando a fuxida do c\u00e1rcere idealista, da recorrente racionalizaci\u00f3n occidental. No caix\u00f3n da bit\u00e1cora, Jung. Unha vida, moitas vidas. Zume de ausencias. O viaxeiro \u00e9 sempre un fuxitivo, un inconformista. Anxo comeza as pescudas, as entrevistas.<\/span><\/span><\/p>\n<p lang=\"gl-ES\" style=\"text-align: justify;\"><span style=\"font-family: 'Times New Roman', serif;\"><span style=\"font-size: large;\">Simbolismo mitol\u00f3xico da Grande Canle de Gotemburgo. Revisi\u00f3n transformadora dos recordos. Anxo patroneando o barco que atravesa a r\u00eda con Emilio Cao, Ux\u00edo Novoneyra e Pascual Abalo a bordo. Unha viaxe sentimental polo mar. Amizade. Arousa \u00e9 Gotemburgo, que \u00e9 tam\u00e9n a Godenholm de J\u00fcnguer. A quilla arrampla co Leviat\u00e1n hobbesiano e fai dos tripulantes bos salvaxes que declaman lances gavieros e convocan gha\u00e7afellos. Os dedos de Emilio tanguen Fonte do Ara\u00f1o na arpa. Todo \u00e9 simplemente lembranza na construci\u00f3n do eu, da identidade. Arqueolox\u00eda autodidacta do saber. Se a peneira non vira o consultante non ten o ar. Solpor. Unha lanchi\u00f1a rianxeira engaiolada nun arrecife c\u00f3smico de vangarda rianxeira.<\/span><\/span><\/p>\n<p lang=\"gl-ES\">\n","protected":false},"excerpt":{"rendered":"<p>Oliveira Casal.\u00a0\u00c1s voltas anda no prelo a editorial c\u00e1ntabra Fanes coa primeira novela de Anxo Mu\u00ed\u00f1os. Hai un par de anos lemos con deleite literario e ideol\u00f3xico \u201cUlin\u201d, poemario inici\u00e1tico do autor de Tarago\u00f1a en edici\u00f3n biling\u00fce. O personaxe protagonista, Ingemar Westterstrom, non dubida en iniciar unha singradura espiritual e f\u00edsica, de co\u00f1ecemento e aventura, &hellip; <a href=\"http:\/\/cafebarbantia.barbantia.es\/?p=8912\" class=\"more-link\">Seguir lendo <span class=\"screen-reader-text\">Al\u00e9n dos Barqueiros<\/span> <span class=\"meta-nav\">&rarr;<\/span><\/a><\/p>\n","protected":false},"author":1,"featured_media":0,"comment_status":"open","ping_status":"closed","sticky":false,"template":"","format":"standard","meta":{"_bbp_topic_count":0,"_bbp_reply_count":0,"_bbp_total_topic_count":0,"_bbp_total_reply_count":0,"_bbp_voice_count":0,"_bbp_anonymous_reply_count":0,"_bbp_topic_count_hidden":0,"_bbp_reply_count_hidden":0,"_bbp_forum_subforum_count":0,"_exactmetrics_skip_tracking":false,"_exactmetrics_sitenote_active":false,"_exactmetrics_sitenote_note":"","_exactmetrics_sitenote_category":0,"_monsterinsights_skip_tracking":false,"_monsterinsights_sitenote_active":false,"_monsterinsights_sitenote_note":"","_monsterinsights_sitenote_category":0},"categories":[7,50,10],"tags":[],"aioseo_notices":[],"_links":{"self":[{"href":"http:\/\/cafebarbantia.barbantia.es\/index.php?rest_route=\/wp\/v2\/posts\/8912"}],"collection":[{"href":"http:\/\/cafebarbantia.barbantia.es\/index.php?rest_route=\/wp\/v2\/posts"}],"about":[{"href":"http:\/\/cafebarbantia.barbantia.es\/index.php?rest_route=\/wp\/v2\/types\/post"}],"author":[{"embeddable":true,"href":"http:\/\/cafebarbantia.barbantia.es\/index.php?rest_route=\/wp\/v2\/users\/1"}],"replies":[{"embeddable":true,"href":"http:\/\/cafebarbantia.barbantia.es\/index.php?rest_route=%2Fwp%2Fv2%2Fcomments&post=8912"}],"version-history":[{"count":1,"href":"http:\/\/cafebarbantia.barbantia.es\/index.php?rest_route=\/wp\/v2\/posts\/8912\/revisions"}],"predecessor-version":[{"id":8914,"href":"http:\/\/cafebarbantia.barbantia.es\/index.php?rest_route=\/wp\/v2\/posts\/8912\/revisions\/8914"}],"wp:attachment":[{"href":"http:\/\/cafebarbantia.barbantia.es\/index.php?rest_route=%2Fwp%2Fv2%2Fmedia&parent=8912"}],"wp:term":[{"taxonomy":"category","embeddable":true,"href":"http:\/\/cafebarbantia.barbantia.es\/index.php?rest_route=%2Fwp%2Fv2%2Fcategories&post=8912"},{"taxonomy":"post_tag","embeddable":true,"href":"http:\/\/cafebarbantia.barbantia.es\/index.php?rest_route=%2Fwp%2Fv2%2Ftags&post=8912"}],"curies":[{"name":"wp","href":"https:\/\/api.w.org\/{rel}","templated":true}]}}