{"id":8918,"date":"2018-03-20T06:00:03","date_gmt":"2018-03-20T06:00:03","guid":{"rendered":"http:\/\/cafebarbantia.barbantia.es\/?p=8918"},"modified":"2018-02-28T08:17:21","modified_gmt":"2018-02-28T08:17:21","slug":"a-voz-do-progreso","status":"publish","type":"post","link":"http:\/\/cafebarbantia.barbantia.es\/?p=8918","title":{"rendered":"A voz do progreso"},"content":{"rendered":"<p align=\"justify\"><em><strong><a href=\"http:\/\/cafebarbantia.barbantia.es\/wp-content\/uploads\/2018\/02\/O-Andel.-De_Maria_Vinyals_a_Maria_Lluria.jpg\"><img decoding=\"async\" loading=\"lazy\" class=\"alignleft size-medium wp-image-8919\" alt=\"O Andel. De_Maria_Vinyals_a_Maria_Lluria\" src=\"http:\/\/cafebarbantia.barbantia.es\/wp-content\/uploads\/2018\/02\/O-Andel.-De_Maria_Vinyals_a_Maria_Lluria-259x300.jpg\" width=\"259\" height=\"300\" srcset=\"http:\/\/cafebarbantia.barbantia.es\/wp-content\/uploads\/2018\/02\/O-Andel.-De_Maria_Vinyals_a_Maria_Lluria-259x300.jpg 259w, http:\/\/cafebarbantia.barbantia.es\/wp-content\/uploads\/2018\/02\/O-Andel.-De_Maria_Vinyals_a_Maria_Lluria-885x1024.jpg 885w, http:\/\/cafebarbantia.barbantia.es\/wp-content\/uploads\/2018\/02\/O-Andel.-De_Maria_Vinyals_a_Maria_Lluria-900x1041.jpg 900w\" sizes=\"(max-width: 259px) 100vw, 259px\" \/><\/a>Rom\u00e1n Ar\u00e9n.\u00a0<\/strong><\/em>Aurora Marco, en colaboraci\u00f3n con M\u00aa \u00c1ngela Comesa\u00f1a, pon agora o ramo a unha investigaci\u00f3n que xa comezara en 1993, no libro pioneiro <i>As precursoras<\/i>, sobre a figura de Mar\u00eda Vinyals y Ferr\u00e9s, a marquesa de Ayerbe, nacida en 1875 en Soutomaior e que co\u00f1eciamos como historiadora polo seu libro <i>El castillo del marqu\u00e9s de Mos en Sotomayor. Apuntes hist\u00f3ricos<\/i> (1904), de quen agora se nos dan a co\u00f1ecer novos aspectos: o xornalismo, a novela (<i>Rebeli\u00f3n<\/i>, 1905), a traduci\u00f3n. Unha muller que foi da aristocracia \u00e1 liberdade, o feminismo e o progreso.<!--more--> Casa en segundas nupcias co ur\u00f3logo cubano Enrique Lluria, colaborar\u00e1 en xornais tan importantes como <i>El Imparcial<\/i>, <i>Galicia<\/i>, <i>Blanco y Negro<\/i> e moitos outros, sempre en defensa das mulleres e das ideas progresistas. En 1906 foi nomeada acad\u00e9mica correspondente da Real Academia Galega. Esta muller emancipada, socialista e intelectual deixa, con todo, no misterio a data da s\u00faa morte, que parece que ocorreu en Par\u00eds na Segunda Guerra Mundial.<\/p>\n<p align=\"justify\">Biograf\u00eda exhaustiva, estudo detallado da s\u00faa obra, baseada nunha investigaci\u00f3n demorada e apoiada nunha bibliograf\u00eda moi ampla, foi complementada por unha exposici\u00f3n que se puido ver en Pontevedra nos meses finais de 2017. Nos anexos mesmo se estudan os retratos da marquesa de Ayerbe realizados por Jos\u00e9 Garnelo Alda (1866-1944) e Joaqu\u00edn Sorolla (1863-1923). Unha figura feminina m\u00e1is rescatada das sombras polo labor de Aurora Marco.<\/p>\n<p><b>MARCO, Aurora \/ COMESA\u00d1A, M\u00aa \u00c1ngela<\/b><\/p>\n<p><i>De Mar\u00eda Vinyals a Mar\u00eda Lluria. Escritora, feminista e activista social<\/i><\/p>\n<p><span style=\"font-size: small;\">Pontevedra, Museo de Pontevedra, 2017, 280 pp.<\/span><\/p>\n","protected":false},"excerpt":{"rendered":"<p>Rom\u00e1n Ar\u00e9n.\u00a0Aurora Marco, en colaboraci\u00f3n con M\u00aa \u00c1ngela Comesa\u00f1a, pon agora o ramo a unha investigaci\u00f3n que xa comezara en 1993, no libro pioneiro As precursoras, sobre a figura de Mar\u00eda Vinyals y Ferr\u00e9s, a marquesa de Ayerbe, nacida en 1875 en Soutomaior e que co\u00f1eciamos como historiadora polo seu libro El castillo del marqu\u00e9s &hellip; <a href=\"http:\/\/cafebarbantia.barbantia.es\/?p=8918\" class=\"more-link\">Seguir lendo <span class=\"screen-reader-text\">A voz do progreso<\/span> <span class=\"meta-nav\">&rarr;<\/span><\/a><\/p>\n","protected":false},"author":1,"featured_media":0,"comment_status":"open","ping_status":"closed","sticky":false,"template":"","format":"standard","meta":{"_bbp_topic_count":0,"_bbp_reply_count":0,"_bbp_total_topic_count":0,"_bbp_total_reply_count":0,"_bbp_voice_count":0,"_bbp_anonymous_reply_count":0,"_bbp_topic_count_hidden":0,"_bbp_reply_count_hidden":0,"_bbp_forum_subforum_count":0,"_exactmetrics_skip_tracking":false,"_exactmetrics_sitenote_active":false,"_exactmetrics_sitenote_note":"","_exactmetrics_sitenote_category":0,"_monsterinsights_skip_tracking":false,"_monsterinsights_sitenote_active":false,"_monsterinsights_sitenote_note":"","_monsterinsights_sitenote_category":0},"categories":[7,28],"tags":[],"aioseo_notices":[],"_links":{"self":[{"href":"http:\/\/cafebarbantia.barbantia.es\/index.php?rest_route=\/wp\/v2\/posts\/8918"}],"collection":[{"href":"http:\/\/cafebarbantia.barbantia.es\/index.php?rest_route=\/wp\/v2\/posts"}],"about":[{"href":"http:\/\/cafebarbantia.barbantia.es\/index.php?rest_route=\/wp\/v2\/types\/post"}],"author":[{"embeddable":true,"href":"http:\/\/cafebarbantia.barbantia.es\/index.php?rest_route=\/wp\/v2\/users\/1"}],"replies":[{"embeddable":true,"href":"http:\/\/cafebarbantia.barbantia.es\/index.php?rest_route=%2Fwp%2Fv2%2Fcomments&post=8918"}],"version-history":[{"count":1,"href":"http:\/\/cafebarbantia.barbantia.es\/index.php?rest_route=\/wp\/v2\/posts\/8918\/revisions"}],"predecessor-version":[{"id":8920,"href":"http:\/\/cafebarbantia.barbantia.es\/index.php?rest_route=\/wp\/v2\/posts\/8918\/revisions\/8920"}],"wp:attachment":[{"href":"http:\/\/cafebarbantia.barbantia.es\/index.php?rest_route=%2Fwp%2Fv2%2Fmedia&parent=8918"}],"wp:term":[{"taxonomy":"category","embeddable":true,"href":"http:\/\/cafebarbantia.barbantia.es\/index.php?rest_route=%2Fwp%2Fv2%2Fcategories&post=8918"},{"taxonomy":"post_tag","embeddable":true,"href":"http:\/\/cafebarbantia.barbantia.es\/index.php?rest_route=%2Fwp%2Fv2%2Ftags&post=8918"}],"curies":[{"name":"wp","href":"https:\/\/api.w.org\/{rel}","templated":true}]}}