{"id":8951,"date":"2018-03-28T06:00:00","date_gmt":"2018-03-28T06:00:00","guid":{"rendered":"http:\/\/cafebarbantia.barbantia.es\/?p=8951"},"modified":"2018-03-10T11:00:24","modified_gmt":"2018-03-10T11:00:24","slug":"galicia-e-os-galegos-na-poesia-castela-lxxxii-diego-san-jose","status":"publish","type":"post","link":"http:\/\/cafebarbantia.barbantia.es\/?p=8951","title":{"rendered":"Galicia e os galegos na poes\u00eda castel\u00e1 LXXXII. Diego San Jos\u00e9"},"content":{"rendered":"<p lang=\"gl-ES\" style=\"text-align: justify;\"><i><b><a href=\"http:\/\/cafebarbantia.barbantia.es\/wp-content\/uploads\/2018\/03\/Diego_San_Jose_de_la_Torre.jpg\"><img decoding=\"async\" loading=\"lazy\" class=\"alignleft size-medium wp-image-8953\" alt=\"Diego_San_Jose_de_la_Torre\" src=\"http:\/\/cafebarbantia.barbantia.es\/wp-content\/uploads\/2018\/03\/Diego_San_Jose_de_la_Torre-225x300.jpg\" width=\"225\" height=\"300\" srcset=\"http:\/\/cafebarbantia.barbantia.es\/wp-content\/uploads\/2018\/03\/Diego_San_Jose_de_la_Torre-225x300.jpg 225w, http:\/\/cafebarbantia.barbantia.es\/wp-content\/uploads\/2018\/03\/Diego_San_Jose_de_la_Torre-768x1024.jpg 768w, http:\/\/cafebarbantia.barbantia.es\/wp-content\/uploads\/2018\/03\/Diego_San_Jose_de_la_Torre-900x1200.jpg 900w\" sizes=\"(max-width: 225px) 100vw, 225px\" \/><\/a>Rom\u00e1n Ar\u00e9n. <\/b><\/i>Diego San Jos\u00e9 de la Torre (Madrid, 1885) foi un xornalista e narrador moi popular en Espa\u00f1a dende 1908, cando comezou a colaborar en &lt;El Globo&gt;. A cr\u00edtica sempre lle reco\u00f1eceu gran capacidade \u201ccasticista\u201d para recrear o Madrid dos s\u00e9culos XVI, XVII e XVIII, con algunha incursi\u00f3n no XIX. Ti\u00f1a axilidade narrativa, sentido hist\u00f3rico e imitava unha lingua \u201ccl\u00e1sica\u201d con moito decoro. Te\u00f1o isto por certo, a\u00ednda que s\u00f3 lle lin unha novela, <i>Cuando el mot\u00edn de las culpas,<\/i> mercada nun mercadi\u00f1o, que \u00e9 de 1919. outras novelas s\u00faas son <i>Do\u00f1a Constanza <\/i>(1914), <i>La corte del rey embrujado <\/i>(1923), <i>Una pica en Flandes <\/i>(1925) e outra ducia de novelas, ademais de m\u00e1is de sesenta novelas curtas. <!--more-->S\u00famese a isto os libros de cr\u00f3nicas, <i>Los hijos del hampa <\/i>(1910), os contos e zarzuelas, pezas teatrais como <i>El loco <\/i>(1922) e adaptaci\u00f3ns teatrais dos cl\u00e1sicos, como as que fixo de <i>La gitanilla <\/i>de Cervantes e de Ruiz de Alarc\u00f3n.<\/p>\n<p lang=\"gl-ES\" style=\"text-align: justify;\">Tam\u00e9n poeta de ra\u00edz modernista en volumes como <i>Rufianescas, Hidalgos y plebeyos <\/i>(1912) e <i>Libro de diversas trovas <\/i>(1913). pero chegou a guerra civil e a derrota republicana e Diego San Jos\u00e9 foi encarcerado na illa de San Sim\u00f3n en condici\u00f3ns moi duras, e desa experiencia naceu o libro <i>De c\u00e1rcel en c\u00e1rcel,<\/i> que non viu a luz ata 1988, grazas a Isaac D\u00edaz Pardo. Dese volume tomo o soneto dedicado a San Sim\u00f3n, onde contrasta as belezas da natureza galega coa dura vida dos presos:<\/p>\n<p lang=\"gl-ES\" style=\"text-align: justify;\"><a href=\"http:\/\/cafebarbantia.barbantia.es\/wp-content\/uploads\/2018\/03\/visd_0001JPG0B19L.jpg\"><img decoding=\"async\" loading=\"lazy\" class=\"alignright size-medium wp-image-8954\" alt=\"_visd_0001JPG0B19L\" src=\"http:\/\/cafebarbantia.barbantia.es\/wp-content\/uploads\/2018\/03\/visd_0001JPG0B19L-214x300.jpg\" width=\"214\" height=\"300\" srcset=\"http:\/\/cafebarbantia.barbantia.es\/wp-content\/uploads\/2018\/03\/visd_0001JPG0B19L-214x300.jpg 214w, http:\/\/cafebarbantia.barbantia.es\/wp-content\/uploads\/2018\/03\/visd_0001JPG0B19L.jpg 400w\" sizes=\"(max-width: 214px) 100vw, 214px\" \/><\/a>Nave en medio del mar parece anclada \/ esta isla galaica encantadora, \/ que del mismo Ed\u00e9n fue desplazada \/ por la hermosa floresta que atesora. \/ Cuando el Sol, en espl\u00e9ndida alborada \/ la suave cumbre de los montes dora, \/ y es su faz en el agua reflejada \/ parece que rendido la enamora. \/ Son mirtos centenarios y laureles \/ el palio de sus m\u00e1gicos vergeles, \/ mas, mirando a los hombres inlibertos \/ como sombras arrastran la tragedia \/ del hambre y el dolor que les asedia, \/ dij\u00e9rase que es la isla de los muertos.<\/p>\n<p lang=\"gl-ES\" style=\"text-align: justify;\">Diego San Jos\u00e9 faleceu en Redondela en 1962.<\/p>\n","protected":false},"excerpt":{"rendered":"<p>Rom\u00e1n Ar\u00e9n. Diego San Jos\u00e9 de la Torre (Madrid, 1885) foi un xornalista e narrador moi popular en Espa\u00f1a dende 1908, cando comezou a colaborar en &lt;El Globo&gt;. A cr\u00edtica sempre lle reco\u00f1eceu gran capacidade \u201ccasticista\u201d para recrear o Madrid dos s\u00e9culos XVI, XVII e XVIII, con algunha incursi\u00f3n no XIX. Ti\u00f1a axilidade narrativa, sentido &hellip; <a href=\"http:\/\/cafebarbantia.barbantia.es\/?p=8951\" class=\"more-link\">Seguir lendo <span class=\"screen-reader-text\">Galicia e os galegos na poes\u00eda castel\u00e1 LXXXII. Diego San Jos\u00e9<\/span> <span class=\"meta-nav\">&rarr;<\/span><\/a><\/p>\n","protected":false},"author":1,"featured_media":0,"comment_status":"open","ping_status":"closed","sticky":false,"template":"","format":"standard","meta":{"_bbp_topic_count":0,"_bbp_reply_count":0,"_bbp_total_topic_count":0,"_bbp_total_reply_count":0,"_bbp_voice_count":0,"_bbp_anonymous_reply_count":0,"_bbp_topic_count_hidden":0,"_bbp_reply_count_hidden":0,"_bbp_forum_subforum_count":0,"_exactmetrics_skip_tracking":false,"_exactmetrics_sitenote_active":false,"_exactmetrics_sitenote_note":"","_exactmetrics_sitenote_category":0,"_monsterinsights_skip_tracking":false,"_monsterinsights_sitenote_active":false,"_monsterinsights_sitenote_note":"","_monsterinsights_sitenote_category":0},"categories":[7,9,10,28],"tags":[],"aioseo_notices":[],"_links":{"self":[{"href":"http:\/\/cafebarbantia.barbantia.es\/index.php?rest_route=\/wp\/v2\/posts\/8951"}],"collection":[{"href":"http:\/\/cafebarbantia.barbantia.es\/index.php?rest_route=\/wp\/v2\/posts"}],"about":[{"href":"http:\/\/cafebarbantia.barbantia.es\/index.php?rest_route=\/wp\/v2\/types\/post"}],"author":[{"embeddable":true,"href":"http:\/\/cafebarbantia.barbantia.es\/index.php?rest_route=\/wp\/v2\/users\/1"}],"replies":[{"embeddable":true,"href":"http:\/\/cafebarbantia.barbantia.es\/index.php?rest_route=%2Fwp%2Fv2%2Fcomments&post=8951"}],"version-history":[{"count":2,"href":"http:\/\/cafebarbantia.barbantia.es\/index.php?rest_route=\/wp\/v2\/posts\/8951\/revisions"}],"predecessor-version":[{"id":8955,"href":"http:\/\/cafebarbantia.barbantia.es\/index.php?rest_route=\/wp\/v2\/posts\/8951\/revisions\/8955"}],"wp:attachment":[{"href":"http:\/\/cafebarbantia.barbantia.es\/index.php?rest_route=%2Fwp%2Fv2%2Fmedia&parent=8951"}],"wp:term":[{"taxonomy":"category","embeddable":true,"href":"http:\/\/cafebarbantia.barbantia.es\/index.php?rest_route=%2Fwp%2Fv2%2Fcategories&post=8951"},{"taxonomy":"post_tag","embeddable":true,"href":"http:\/\/cafebarbantia.barbantia.es\/index.php?rest_route=%2Fwp%2Fv2%2Ftags&post=8951"}],"curies":[{"name":"wp","href":"https:\/\/api.w.org\/{rel}","templated":true}]}}