{"id":8970,"date":"2018-03-27T06:00:28","date_gmt":"2018-03-27T06:00:28","guid":{"rendered":"http:\/\/cafebarbantia.barbantia.es\/?p=8970"},"modified":"2018-03-17T11:25:49","modified_gmt":"2018-03-17T11:25:49","slug":"a-brecha","status":"publish","type":"post","link":"http:\/\/cafebarbantia.barbantia.es\/?p=8970","title":{"rendered":"A brecha"},"content":{"rendered":"<p style=\"text-align: justify;\"><a href=\"http:\/\/cafebarbantia.barbantia.es\/wp-content\/uploads\/2018\/03\/BM10C7F1_16286.jpg\"><img decoding=\"async\" loading=\"lazy\" class=\"alignright size-medium wp-image-8971\" alt=\"BM10C7F1_16286\" src=\"http:\/\/cafebarbantia.barbantia.es\/wp-content\/uploads\/2018\/03\/BM10C7F1_16286-300x168.jpg\" width=\"300\" height=\"168\" srcset=\"http:\/\/cafebarbantia.barbantia.es\/wp-content\/uploads\/2018\/03\/BM10C7F1_16286-300x168.jpg 300w, http:\/\/cafebarbantia.barbantia.es\/wp-content\/uploads\/2018\/03\/BM10C7F1_16286.jpg 900w\" sizes=\"(max-width: 300px) 100vw, 300px\" \/><\/a><em><strong>Francisco Ant. Vidal Blanco.\u00a0<\/strong><\/em>Que unha muller guapa atraia diante da pantalla a m\u00e1is espectadores para ver o telediario ca un home igualmente agraciado, non nos parece raro. Tan afeitos estamos a valorar a aparencia que se nos esquece a funci\u00f3n a cumprir, o traballo real polo que est\u00e1n a\u00ed. <!--more-->Sen embargo \u00e9 tan discriminatorio escoller a unha muller polas s\u00faas medidas, como que esa mesma cobre menos salario tendo os mesmos folios para ler co seu compa\u00f1eiro var\u00f3n.<\/p>\n<p style=\"text-align: justify;\">A brecha salarial v\u00e9n sendo unha fenda demasiado profunda. E non s\u00f3 se d\u00e1 entre homes e mulleres, sen\u00f3n tam\u00e9n entre mozos e vellos ou entre nativos e inmigrantes, co que se pretende marcar unhas supostas diferenzas que s\u00f3 xustifican unha paulatina rebaixa salarial, como unha poxa \u00e1 baixa da man de obra. Estes d\u00edas, debido ao 8 de marzo, o debate c\u00e9ntrase na diferenza entre x\u00e9neros, unha diferenza que se mant\u00e9n a pesares de que moitas mulleres non dubidan en botarlle man e manexar con destreza ferramentas tradicionalmente masculinas. Pero por moi ben que o fagan, n\u00fameros cantan e \u00e1 vista est\u00e1 que non se paga o mesmo pola man dun var\u00f3n movendo un alicates ca pola dunha muller, como tampouco se paga o mesmo segundo cal sexa o sexo de quen empu\u00f1a un micr\u00f3fono, a pesar dese valor extra que se lle d\u00e1 \u00e1 presenza feminina diante dunha c\u00e1mara, o que ven sendo a outra brecha que non debemos perder de vista, onde a maior\u00eda das veces a muller cumpre un requisito de adorno incluso en programas que se din culturais, onde o var\u00f3n, polo xeral, \u00e9 o condutor de garabata e ela quen luce escote.<\/p>\n<div id=\"ad_RobaPaginasMobileTEXTO_DETALLE\" itemscope=\"\" itemtype=\"https:\/\/schema.org\/WPAdBlock\" style=\"text-align: justify;\" data-ads=\"true\" data-url=\"\/4900\/webm.EXT.LAVOZDEGALICIA\/edicion\/\/barbanza\" data-mapping=\"ROBAMOBILE\" data-sizes=\"[[300,250],[300,300],[350, 300],[300,600],[350, 600]]\" data-param=\"pos\" data-format=\"mobile\" data-targeting=\"robapaginas\"><span style=\"font-size: 16px;\"><a href=\"http:\/\/cafebarbantia.barbantia.es\/wp-content\/uploads\/2018\/03\/igualdad-hombre-mujer.jpg\"><img decoding=\"async\" loading=\"lazy\" class=\"alignleft size-medium wp-image-8972\" alt=\"igualdad-hombre-mujer\" src=\"http:\/\/cafebarbantia.barbantia.es\/wp-content\/uploads\/2018\/03\/igualdad-hombre-mujer-300x200.jpg\" width=\"300\" height=\"200\" srcset=\"http:\/\/cafebarbantia.barbantia.es\/wp-content\/uploads\/2018\/03\/igualdad-hombre-mujer-300x200.jpg 300w, http:\/\/cafebarbantia.barbantia.es\/wp-content\/uploads\/2018\/03\/igualdad-hombre-mujer.jpg 500w\" sizes=\"(max-width: 300px) 100vw, 300px\" \/><\/a>Hai uns meses, cando a BBC foi obrigada por decisi\u00f3n parlamentaria a revelar os salarios dos seus empregados, a periodista Carrie Gracie, comprobou como, compa\u00f1eiros masculinos que fac\u00edan o mesmo traballo ca ela cobraban m\u00e1is, polo que decidiu dimitir. E \u00f3s poucos d\u00edas, os seus colegas mellor pagados, acordaron baixarse o soldo co fin, dic\u00edan, de reducir a diferenza salarial, algo que \u00f3 meu amigo Xulio lle parece unha actitude un tanto hip\u00f3crita e ego\u00edsta, porque a meta debe ser que a igualdade sexa por arriba e non por abaixo. Pero \u00bfpor que toman agora esa decisi\u00f3n e non lles acordou antes? Xulio, que \u00e1s veces \u00e9 moi mal pensado, e non ve a eses tipos desprend\u00e9ndose polas boas do que te\u00f1en, cre que non o fan por solidariedade, sen\u00f3n por necesidade de imaxe diante da opini\u00f3n p\u00fablica; e de contenci\u00f3n de posibles renuncias de compa\u00f1eiras decididas a seguir o exemplo de Carrie, deixando as pantallas sen caras bonitas que ofrecer.<\/span><\/div>\n<p style=\"text-align: justify;\">Certamente o mesmo salario desta periodista non se pode comparar co de calquera profesional medio, e menos doutras profesi\u00f3ns non tan agraciadas e ben remuneradas, pero a\u00ednda as\u00ed hab\u00eda discriminaci\u00f3n e o seu xesto serviu para que hoxe falemos do tema (\u00bfque non pasar\u00e1 nos nosos medios?), a\u00ednda que non creo que a s\u00faa actitude, protesta e reivindicaci\u00f3n vaia repercutir na traballadora dunha conserveira, da limpeza ou do t\u00e9xtil, que compite en inferioridade, nin creo que ningunha destas acabe marchando da f\u00e1brica porque cobra menos ca un home. Non son o mesmo as circunstancias nin as necesidades.<\/p>\n<div id=\"ad_Roba2DetalleTEXTO_DETALLE\" itemscope=\"\" itemtype=\"https:\/\/schema.org\/WPAdBlock\" data-url=\"\/2260323\/Roba_2_detalle\" data-mapping=\"ROBA600\" data-sizes=\"[[300,600]]\" data-param=\"\" data-format=\"double\" data-targeting=\"\" data-google-query-id=\"CM6OkrGe7tkCFcylUQodhOUDEA\">\n<div id=\"google_ads_iframe_\/2260323\/Roba_2_detalle_0__container__\" style=\"text-align: justify;\"><span style=\"font-size: 16px;\">Tam\u00e9n \u00e9 certo que a Carrie non lle vai faltar traballo, dado o extenso curr\u00edculo que ten, e igualmente \u00e9 ben certo que calquera traballadora do noso entorno que tomase unha decisi\u00f3n parecida, por moi bo curr\u00edculo que te\u00f1a non a contratar\u00edan en ningures unha vez que se presentase dicindo na entrevista persoal que abandonara o anterior emprego por dignidade.<\/span><\/div>\n<\/div>\n<div id=\"ad_Roba3DetalleTEXTO_DETALLE\" itemscope=\"\" itemtype=\"https:\/\/schema.org\/WPAdBlock\" data-url=\"\/2260323\/Roba_3_detalle\" data-mapping=\"ROBA\" data-sizes=\"[[300,250],[300,300],[300,600]]\" data-param=\"\" data-format=\"normal\" data-targeting=\"\" data-google-query-id=\"CKLFkLGe7tkCFUUC0wodXIwFLg\">\n<div id=\"google_ads_iframe_\/2260323\/Roba_3_detalle_0__container__\"><span style=\"font-size: 16px;\">\u00a0<\/span><\/div>\n<\/div>\n<div id=\"article-footer\"><\/div>\n","protected":false},"excerpt":{"rendered":"<p>Francisco Ant. Vidal Blanco.\u00a0Que unha muller guapa atraia diante da pantalla a m\u00e1is espectadores para ver o telediario ca un home igualmente agraciado, non nos parece raro. Tan afeitos estamos a valorar a aparencia que se nos esquece a funci\u00f3n a cumprir, o traballo real polo que est\u00e1n a\u00ed.<\/p>\n","protected":false},"author":1,"featured_media":0,"comment_status":"open","ping_status":"closed","sticky":false,"template":"","format":"standard","meta":{"_bbp_topic_count":0,"_bbp_reply_count":0,"_bbp_total_topic_count":0,"_bbp_total_reply_count":0,"_bbp_voice_count":0,"_bbp_anonymous_reply_count":0,"_bbp_topic_count_hidden":0,"_bbp_reply_count_hidden":0,"_bbp_forum_subforum_count":0,"_exactmetrics_skip_tracking":false,"_exactmetrics_sitenote_active":false,"_exactmetrics_sitenote_note":"","_exactmetrics_sitenote_category":0,"_monsterinsights_skip_tracking":false,"_monsterinsights_sitenote_active":false,"_monsterinsights_sitenote_note":"","_monsterinsights_sitenote_category":0},"categories":[7,52,9],"tags":[],"aioseo_notices":[],"_links":{"self":[{"href":"http:\/\/cafebarbantia.barbantia.es\/index.php?rest_route=\/wp\/v2\/posts\/8970"}],"collection":[{"href":"http:\/\/cafebarbantia.barbantia.es\/index.php?rest_route=\/wp\/v2\/posts"}],"about":[{"href":"http:\/\/cafebarbantia.barbantia.es\/index.php?rest_route=\/wp\/v2\/types\/post"}],"author":[{"embeddable":true,"href":"http:\/\/cafebarbantia.barbantia.es\/index.php?rest_route=\/wp\/v2\/users\/1"}],"replies":[{"embeddable":true,"href":"http:\/\/cafebarbantia.barbantia.es\/index.php?rest_route=%2Fwp%2Fv2%2Fcomments&post=8970"}],"version-history":[{"count":1,"href":"http:\/\/cafebarbantia.barbantia.es\/index.php?rest_route=\/wp\/v2\/posts\/8970\/revisions"}],"predecessor-version":[{"id":8973,"href":"http:\/\/cafebarbantia.barbantia.es\/index.php?rest_route=\/wp\/v2\/posts\/8970\/revisions\/8973"}],"wp:attachment":[{"href":"http:\/\/cafebarbantia.barbantia.es\/index.php?rest_route=%2Fwp%2Fv2%2Fmedia&parent=8970"}],"wp:term":[{"taxonomy":"category","embeddable":true,"href":"http:\/\/cafebarbantia.barbantia.es\/index.php?rest_route=%2Fwp%2Fv2%2Fcategories&post=8970"},{"taxonomy":"post_tag","embeddable":true,"href":"http:\/\/cafebarbantia.barbantia.es\/index.php?rest_route=%2Fwp%2Fv2%2Ftags&post=8970"}],"curies":[{"name":"wp","href":"https:\/\/api.w.org\/{rel}","templated":true}]}}