{"id":8986,"date":"2018-04-03T06:00:15","date_gmt":"2018-04-03T06:00:15","guid":{"rendered":"http:\/\/cafebarbantia.barbantia.es\/?p=8986"},"modified":"2018-03-22T22:35:46","modified_gmt":"2018-03-22T22:35:46","slug":"o-vertedoiro-celestial","status":"publish","type":"post","link":"http:\/\/cafebarbantia.barbantia.es\/?p=8986","title":{"rendered":"O vertedoiro celestial"},"content":{"rendered":"<figure id=\"attachment_8987\" aria-describedby=\"caption-attachment-8987\" style=\"width: 300px\" class=\"wp-caption alignleft\"><a href=\"http:\/\/cafebarbantia.barbantia.es\/wp-content\/uploads\/2018\/03\/BM17C7F1_165621.jpg\"><img decoding=\"async\" loading=\"lazy\" class=\"size-medium wp-image-8987\" alt=\"Matalobos\" src=\"http:\/\/cafebarbantia.barbantia.es\/wp-content\/uploads\/2018\/03\/BM17C7F1_165621-300x168.jpg\" width=\"300\" height=\"168\" srcset=\"http:\/\/cafebarbantia.barbantia.es\/wp-content\/uploads\/2018\/03\/BM17C7F1_165621-300x168.jpg 300w, http:\/\/cafebarbantia.barbantia.es\/wp-content\/uploads\/2018\/03\/BM17C7F1_165621.jpg 900w\" sizes=\"(max-width: 300px) 100vw, 300px\" \/><\/a><figcaption id=\"caption-attachment-8987\" class=\"wp-caption-text\">Matalobos<\/figcaption><\/figure>\n<p style=\"text-align: justify;\"><em><strong>Francisco Ant. Vidal Blanco.\u00a0<\/strong><\/em>Como se todo o ben vi\u00f1ese do ceo e non da terra que pisamos, sempre agardamos que el nos bendiga ou que del nos caia a sorte como o man\u00e1 daquela vez. Pero iso non soe pasar. Pasou no b\u00edblico deserto, e non sabemos se non ser\u00eda unha licenza litera-ria coma tantas outras, porque do que do ceo nos pode caer todos temos algunha an\u00e9cdota que contar, sobre todo se somos de porto de mar.<!--more--> E para exemplo de que non todo o que cae \u00e9 bo, lembraredes o de Esquilo, que o pobre refuxiouse no campo precisamente para evitar contrariedades celestiais, tal vez confundindo o ceo cos balc\u00f3ns ateigados de testos colgados nas r\u00faas polas que andaba, e foille caer na cabeza unha tartaruga, un dos animais m\u00e1is pegados \u00f3 chan que existen. Asemade, saberedes que o paraugas inventouse como medio protector e se do ceo caesen cousas boas os tellados ter\u00edan forma de funil.<\/p>\n<div id=\"ad_RobaPaginasMobileTEXTO_DETALLE\" itemscope=\"\" itemtype=\"https:\/\/schema.org\/WPAdBlock\" style=\"text-align: justify;\" data-ads=\"true\" data-url=\"\/4900\/webm.EXT.LAVOZDEGALICIA\/edicion\/\/barbanza\" data-mapping=\"ROBAMOBILE\" data-sizes=\"[[300,250],[300,300],[350, 300],[300,600],[350, 600]]\" data-param=\"pos\" data-format=\"mobile\" data-targeting=\"robapaginas\"><span style=\"font-size: 16px;\">Ningu\u00e9n est\u00e1 libre da mala sorte, e agora menos, con todo ese reboutallo de ferranchos, motores, cables e chapas dos sat\u00e9lites artificiais en desuso que flotan abandonados \u00e1 s\u00faa sorte arredor da terra, aproxim\u00e1ndose perigosamente \u00f3s puntos en que alcanza a gravidade para traelos tal raios de Zeus que nos partan. E se ben cando son anacos pequenos, o roce coa atmosfera conv\u00e9rteos en diminutas estrelas fugaces que case nin se ven, doutros sabemos que cruzan por encima das cidades como b\u00f3lidos provocando o p\u00e1nico.<\/span><\/div>\n<p style=\"text-align: justify;\"><a href=\"http:\/\/cafebarbantia.barbantia.es\/wp-content\/uploads\/2018\/03\/basura-espacial1.jpg\"><img decoding=\"async\" loading=\"lazy\" class=\"alignright size-medium wp-image-8988\" alt=\"basura espacial1\" src=\"http:\/\/cafebarbantia.barbantia.es\/wp-content\/uploads\/2018\/03\/basura-espacial1-300x199.jpg\" width=\"300\" height=\"199\" srcset=\"http:\/\/cafebarbantia.barbantia.es\/wp-content\/uploads\/2018\/03\/basura-espacial1-300x199.jpg 300w, http:\/\/cafebarbantia.barbantia.es\/wp-content\/uploads\/2018\/03\/basura-espacial1.jpg 400w\" sizes=\"(max-width: 300px) 100vw, 300px\" \/><\/a>O temor, estes d\u00edas, para n\u00f3s, galegos e portugueses do norte, \u00e9 que nos caian os restos dunha estaci\u00f3n espacial china co rimbombante nome de Palacio Celestial, un laboratorio que tras escasos tres anos de funcionamento, no pasado 2016 quedou f\u00f3ra de control e ameaza con caer nas nosas latitudes arredor do primeiro de abril, e este si que non \u00e9 unha tartaruga. Pero tranquilos, din os expertos que as posibilidades de que colla a algu\u00e9n pola r\u00faa \u00e9 moi baixa, de un entre un bill\u00f3n, mais a\u00ednda as\u00ed a\u00ed est\u00e1 a probabilidade, como est\u00e1 que caia sobre o tellado dunha casa. (Inimaxinable).<\/p>\n<p style=\"text-align: justify;\">Deste caso sabemos porque o aparello \u00e9 chino, e en occidente a tecnolox\u00eda china ten peor fama que as aeronaves rusas na teleserie\u00a0<em>Big bang<\/em>. Con todo, o problema non \u00e9 o fabricante, sen\u00f3n ese vertedoiro que temos sobre as nosas cabezas a\u00ednda que non o vexamos, e contra o que xa se levan feito moitas propostas para erradicalo, sen que ningu\u00e9n se anime a dar o primeiro paso. Contra el advertiu Donald J. Kessler, un experto da NASA para quen o aumento dese tipo de desperdicios provocar\u00e1 un alto risco de accidentes nesa capa da atmosfera, tal vez a m\u00e1is transitada polos sat\u00e9lites, que \u00f3 atopar tantos obst\u00e1culos no seu traxecto, aumentan en funci\u00f3n exponencial a posibilidade de colisi\u00f3ns e consecuentemente de m\u00e1is refugallos sen control, algo que leva o nome de \u00abs\u00edndrome de Kessler\u00bb. Un s\u00edndrome que v\u00e9n sendo o contrario do tan co\u00f1ecido de Di\u00f3xenes (quen por certo, promulgaba todo o contrario do que fan os que padecen tal trastorno). Neste caso a chatarra acum\u00falase por abandono e por desidia. Un descontrol no que non se po\u00f1en l\u00edmites, porque a todos lles \u00e9 moi doado mandar unha nave que nun tempo m\u00e1is ou menos \u00fatil vai dar uns beneficios \u00e1 compa\u00f1\u00eda que a lanzou, pero logo, cando xa non \u00e9 rendible, \u00e9 m\u00e1is barato cortar toda comunicaci\u00f3n con ela e que sexa o que a gravidade queira e cando queira, unha verdadeira loter\u00eda sobre as nosas cabezas, o que nos demostra que tanto debaixo da alfombra como no espazo interestelar, o lixo \u00e9 unha porcallada e un perigo.<\/p>\n","protected":false},"excerpt":{"rendered":"<p>Francisco Ant. Vidal Blanco.\u00a0Como se todo o ben vi\u00f1ese do ceo e non da terra que pisamos, sempre agardamos que el nos bendiga ou que del nos caia a sorte como o man\u00e1 daquela vez. Pero iso non soe pasar. Pasou no b\u00edblico deserto, e non sabemos se non ser\u00eda unha licenza litera-ria coma tantas &hellip; <a href=\"http:\/\/cafebarbantia.barbantia.es\/?p=8986\" class=\"more-link\">Seguir lendo <span class=\"screen-reader-text\">O vertedoiro celestial<\/span> <span class=\"meta-nav\">&rarr;<\/span><\/a><\/p>\n","protected":false},"author":1,"featured_media":0,"comment_status":"open","ping_status":"closed","sticky":false,"template":"","format":"standard","meta":{"_bbp_topic_count":0,"_bbp_reply_count":0,"_bbp_total_topic_count":0,"_bbp_total_reply_count":0,"_bbp_voice_count":0,"_bbp_anonymous_reply_count":0,"_bbp_topic_count_hidden":0,"_bbp_reply_count_hidden":0,"_bbp_forum_subforum_count":0,"_exactmetrics_skip_tracking":false,"_exactmetrics_sitenote_active":false,"_exactmetrics_sitenote_note":"","_exactmetrics_sitenote_category":0,"_monsterinsights_skip_tracking":false,"_monsterinsights_sitenote_active":false,"_monsterinsights_sitenote_note":"","_monsterinsights_sitenote_category":0},"categories":[7,52,9],"tags":[],"aioseo_notices":[],"_links":{"self":[{"href":"http:\/\/cafebarbantia.barbantia.es\/index.php?rest_route=\/wp\/v2\/posts\/8986"}],"collection":[{"href":"http:\/\/cafebarbantia.barbantia.es\/index.php?rest_route=\/wp\/v2\/posts"}],"about":[{"href":"http:\/\/cafebarbantia.barbantia.es\/index.php?rest_route=\/wp\/v2\/types\/post"}],"author":[{"embeddable":true,"href":"http:\/\/cafebarbantia.barbantia.es\/index.php?rest_route=\/wp\/v2\/users\/1"}],"replies":[{"embeddable":true,"href":"http:\/\/cafebarbantia.barbantia.es\/index.php?rest_route=%2Fwp%2Fv2%2Fcomments&post=8986"}],"version-history":[{"count":1,"href":"http:\/\/cafebarbantia.barbantia.es\/index.php?rest_route=\/wp\/v2\/posts\/8986\/revisions"}],"predecessor-version":[{"id":8989,"href":"http:\/\/cafebarbantia.barbantia.es\/index.php?rest_route=\/wp\/v2\/posts\/8986\/revisions\/8989"}],"wp:attachment":[{"href":"http:\/\/cafebarbantia.barbantia.es\/index.php?rest_route=%2Fwp%2Fv2%2Fmedia&parent=8986"}],"wp:term":[{"taxonomy":"category","embeddable":true,"href":"http:\/\/cafebarbantia.barbantia.es\/index.php?rest_route=%2Fwp%2Fv2%2Fcategories&post=8986"},{"taxonomy":"post_tag","embeddable":true,"href":"http:\/\/cafebarbantia.barbantia.es\/index.php?rest_route=%2Fwp%2Fv2%2Ftags&post=8986"}],"curies":[{"name":"wp","href":"https:\/\/api.w.org\/{rel}","templated":true}]}}