{"id":899,"date":"2014-03-29T08:33:46","date_gmt":"2014-03-29T08:33:46","guid":{"rendered":"http:\/\/cafebarbantia.barbantia.es\/?p=899"},"modified":"2014-03-29T08:33:46","modified_gmt":"2014-03-29T08:33:46","slug":"elena-fernandez-pintora-veraz","status":"publish","type":"post","link":"http:\/\/cafebarbantia.barbantia.es\/?p=899","title":{"rendered":"Elena Fern\u00e1ndez, pintora veraz"},"content":{"rendered":"<p style=\"text-align: justify;\"><em><strong><a href=\"http:\/\/cafebarbantia.barbantia.es\/wp-content\/uploads\/2014\/03\/Elena.jpg\"><img decoding=\"async\" loading=\"lazy\" class=\"alignright size-medium wp-image-900\" alt=\"Elena\" src=\"http:\/\/cafebarbantia.barbantia.es\/wp-content\/uploads\/2014\/03\/Elena-291x300.jpg\" width=\"291\" height=\"300\" srcset=\"http:\/\/cafebarbantia.barbantia.es\/wp-content\/uploads\/2014\/03\/Elena-291x300.jpg 291w, http:\/\/cafebarbantia.barbantia.es\/wp-content\/uploads\/2014\/03\/Elena.jpg 300w\" sizes=\"(max-width: 291px) 100vw, 291px\" \/><\/a>Eme Cartea.<\/strong><\/em> Abordamos aqu\u00ed unha obra de Elena Fern\u00e1ndez. E fac\u00e9molo admirando o primeiro plano dun rostro con ombros espidos, apreixado \u00e1 xusta distancia onde a intimidade se fai confidencia.\u00a0O retrato, x\u00e9nero de longas raizames, por definici\u00f3n ten que ser fision\u00f3mico. Pero hoxe \u00e9 com\u00fan que tente reflectir a psicolox\u00eda do personaxe e mostrar o seu mundo oculto. Neste caso, a exquisita t\u00e9cnica de Elena, que se enfronta ao lenzo sen pre\u00e1mbulos, logra captar con mestr\u00eda esa \u00edntima interacci\u00f3n de mirada e sorriso, que fai aflorar ao rostro toda a intensidade sentimental do modelo.\u00a0<i>Troppo vero<\/i>!, que dir\u00eda o outro.<!--more--><\/p>\n<p style=\"text-align: justify;\">Neste achado non son alleos a sensibilidade da pintora, a composici\u00f3n e o orixinal enfoque. Sabemos que non hai retrato psicol\u00f3xico sen uni\u00f3n mental do artista co retratado, a tal fotograf\u00eda \u00edntima do instante fugaz e irrepetible sorprendido na s\u00faa profundidade emocional. Tecnicamente, unha arreminada gama de ocres naturais que subli\u00f1an a viveza facial, sen concesi\u00f3n \u00e1 idealizaci\u00f3n da pel, con sabor simbi\u00f3tico de terra e salitre. T\u00e9cnica de empaste e rascado-aclarado posterior que produce unha especial textura raiada, con manifesta capacidade de comunicar sensaci\u00f3ns t\u00e1ctiles, e que, clarexando zonas precisas, crea claros contrastes que acent\u00faan o vigor expresivo do rostro.<\/p>\n<p style=\"text-align: justify;\">Predominio, pois, da cor sobre a li\u00f1a, con manchas e toques que lle confiren veracidade \u00e1 silueta. Sabia harmonizaci\u00f3n de tons, con intersecci\u00f3ns de pincelada onde os marr\u00f3ns cobran intensidade, sen delimitar. E ese fondo isocrom\u00e1tico, que acent\u00faa a unificaci\u00f3n de figura e contorna, fai que aquela destaque, igual que contrib\u00fae a parte inferior, cunha forte saturaci\u00f3n, da que semella emerxer a figura, coma un novo non finito\u00a0<i>prigione<\/i>\u00a0de Miguel Anxo. Cores c\u00e1lidas, ocres de carne como impresi\u00f3n e exaltaci\u00f3n de proximidade, s\u00edmbolo de tenrura e apego ao tradicional, \u00e1 permanencia.<\/p>\n<p style=\"text-align: justify;\">Elena avanta con destreza cara \u00e1 s\u00faa madurez art\u00edstica. \u00c9 quen de converter o seu pesimismo existencial en argumentos s\u00f3lidos de creatividade. Pos\u00fae a t\u00e9cnica precisa, a inquedanza necesaria. Os tempos son chegados, pois, de abandonar as manobras florais de aproximaci\u00f3n e distracci\u00f3n con obras que Bu\u00f1uel chamar\u00eda \u00abalimenticias\u00bb, e buscar o seu propio cami\u00f1o m\u00e1is al\u00e1 do retrato.<\/p>\n<p style=\"text-align: justify;\">Imponse, logo, un xiro radical na s\u00faa expresi\u00f3n habitual. Ten retratos e bodeg\u00f3ns que insin\u00faan posibles singraduras con futuro. M\u00e1is ac\u00e1 das vangardas pero con elas: dende o posimpresionismo ao neoexpresionismo. Pintar a esencia, o ser, e non tanto a aparencia; a idea e o sentimento, m\u00e1is c\u00e1 forma. Dito doutro xeito: aprender a arte de \u00abpintar mal\u00bb. Ela ben sabe que pode pero non sabe que quere. N\u00f3s sabemos que pode, e quere, e&#8230; debe!<\/p>\n","protected":false},"excerpt":{"rendered":"<p>Eme Cartea. Abordamos aqu\u00ed unha obra de Elena Fern\u00e1ndez. E fac\u00e9molo admirando o primeiro plano dun rostro con ombros espidos, apreixado \u00e1 xusta distancia onde a intimidade se fai confidencia.\u00a0O retrato, x\u00e9nero de longas raizames, por definici\u00f3n ten que ser fision\u00f3mico. Pero hoxe \u00e9 com\u00fan que tente reflectir a psicolox\u00eda do personaxe e mostrar o &hellip; <a href=\"http:\/\/cafebarbantia.barbantia.es\/?p=899\" class=\"more-link\">Seguir lendo <span class=\"screen-reader-text\">Elena Fern\u00e1ndez, pintora veraz<\/span> <span class=\"meta-nav\">&rarr;<\/span><\/a><\/p>\n","protected":false},"author":1,"featured_media":0,"comment_status":"open","ping_status":"closed","sticky":false,"template":"","format":"standard","meta":{"_bbp_topic_count":0,"_bbp_reply_count":0,"_bbp_total_topic_count":0,"_bbp_total_reply_count":0,"_bbp_voice_count":0,"_bbp_anonymous_reply_count":0,"_bbp_topic_count_hidden":0,"_bbp_reply_count_hidden":0,"_bbp_forum_subforum_count":0,"_exactmetrics_skip_tracking":false,"_exactmetrics_sitenote_active":false,"_exactmetrics_sitenote_note":"","_exactmetrics_sitenote_category":0,"_monsterinsights_skip_tracking":false,"_monsterinsights_sitenote_active":false,"_monsterinsights_sitenote_note":"","_monsterinsights_sitenote_category":0},"categories":[4,30],"tags":[],"aioseo_notices":[],"_links":{"self":[{"href":"http:\/\/cafebarbantia.barbantia.es\/index.php?rest_route=\/wp\/v2\/posts\/899"}],"collection":[{"href":"http:\/\/cafebarbantia.barbantia.es\/index.php?rest_route=\/wp\/v2\/posts"}],"about":[{"href":"http:\/\/cafebarbantia.barbantia.es\/index.php?rest_route=\/wp\/v2\/types\/post"}],"author":[{"embeddable":true,"href":"http:\/\/cafebarbantia.barbantia.es\/index.php?rest_route=\/wp\/v2\/users\/1"}],"replies":[{"embeddable":true,"href":"http:\/\/cafebarbantia.barbantia.es\/index.php?rest_route=%2Fwp%2Fv2%2Fcomments&post=899"}],"version-history":[{"count":1,"href":"http:\/\/cafebarbantia.barbantia.es\/index.php?rest_route=\/wp\/v2\/posts\/899\/revisions"}],"predecessor-version":[{"id":901,"href":"http:\/\/cafebarbantia.barbantia.es\/index.php?rest_route=\/wp\/v2\/posts\/899\/revisions\/901"}],"wp:attachment":[{"href":"http:\/\/cafebarbantia.barbantia.es\/index.php?rest_route=%2Fwp%2Fv2%2Fmedia&parent=899"}],"wp:term":[{"taxonomy":"category","embeddable":true,"href":"http:\/\/cafebarbantia.barbantia.es\/index.php?rest_route=%2Fwp%2Fv2%2Fcategories&post=899"},{"taxonomy":"post_tag","embeddable":true,"href":"http:\/\/cafebarbantia.barbantia.es\/index.php?rest_route=%2Fwp%2Fv2%2Ftags&post=899"}],"curies":[{"name":"wp","href":"https:\/\/api.w.org\/{rel}","templated":true}]}}