{"id":8995,"date":"2018-03-31T06:00:54","date_gmt":"2018-03-31T06:00:54","guid":{"rendered":"http:\/\/cafebarbantia.barbantia.es\/?p=8995"},"modified":"2018-03-31T17:45:44","modified_gmt":"2018-03-31T17:45:44","slug":"exposicions-no-barbanza-anselmo-lamela-e-os-seus-arcanos-da-imaxinacion","status":"publish","type":"post","link":"http:\/\/cafebarbantia.barbantia.es\/?p=8995","title":{"rendered":"Exposici\u00f3ns no Barbanza, Anselmo Lamela e os seus arcanos da imaxinaci\u00f3n"},"content":{"rendered":"<p style=\"text-align: justify;\"><a href=\"http:\/\/cafebarbantia.barbantia.es\/wp-content\/uploads\/2018\/03\/AL.jpg\"><img decoding=\"async\" loading=\"lazy\" class=\"size-full wp-image-8996 alignright\" alt=\"AL\" src=\"http:\/\/cafebarbantia.barbantia.es\/wp-content\/uploads\/2018\/03\/AL.jpg\" width=\"260\" height=\"194\" \/><\/a><em><strong>Pilar Sampedro.\u00a0<\/strong><\/em>O surrealismo v\u00e9nlle de lonxe a Anselmo Lamela. Anda nel desde os anos setenta do s\u00e9culo pasado cando formaba parte do FOGA (Fato de Ounirismo Galego), un movemen-to medio anarco que andaba por Compostela e mov\u00e9ndose por Galicia especialmente\u00a0 polo Saln\u00e9s. M\u00e9ndez, Kukas, Silva, Leiro, Seara&#8230; formaban parte deste grupo que realizou varias exposici\u00f3ns e <i>performances<\/i> naqueles tempos.<!--more--><\/p>\n<p style=\"text-align: justify;\">Daquela eran todos surrealistas e percorr\u00edan os cami\u00f1os do on\u00edrico, talvez porque era a \u00fanica maneira de sobrevivir nun mundo tan hostil e represivo como aquel no que se comezaban a abrirse f\u00edsgoas de luz. Eran novos e rebeldes, necesitaban mostrar a s\u00faa diferenza, facer ver o seu enfrontamento \u00e1 Academia, a todas as academias. Logo foron evolucionando cara a outras rutas nas que \u00e1s veces quedaban restos do que foran&#8230; coma os ovos metaf\u00edsicos que M\u00e9ndez contin\u00faa a introducir nos seus cadros.<\/p>\n<p style=\"text-align: justify;\">Anselmo \u00e9 outra cousa, el \u00e9 surrealista pleno. Na s\u00faa esencia semella non haber outra posibilidade que seguir traballando arredor deses so\u00f1os que poden ser pesadelos: porque a raz\u00f3n xera monstros.<\/p>\n<p style=\"text-align: justify;\">El \u00e9 un creador de mundos polos que se move lentamente, traballando de forma constante e cunha autenticidade a proba de bomba.<\/p>\n<p style=\"text-align: justify;\">Esta exposici\u00f3n, <i>Arcanos da imaxinaci\u00f3n<\/i>, m\u00f3stranos o seu imaxinario, un mundo de cidades creadas pola mente, construci\u00f3ns baleiras de vida polas que \u00e1s veces se move algo que se lle pode semellar. Entre a estruturas, disimulada, introduc\u00edndose entre os \u00e1ngulos e figuras xeom\u00e9tricas, entre as formas rectil\u00edneas&#8230; aparece e desaparece a substancia informe case l\u00edquida, unha materia que pode ser inanimada ou viva. Tam\u00e9n ve\u00f1en e van imaxes que poden lembrar alg\u00fan tipo de ser que nunca antes existira.<\/p>\n<p style=\"text-align: justify;\">Un mundo alleo ao co\u00f1ecido, froito da mente do artista pero que nos desasosega, e a\u00ed entra a d\u00fabida de ata onde ten relaci\u00f3n ou non co noso, cos nosos pesadelos, coas antiutop\u00edas que se nos presentan desde a ficci\u00f3n cient\u00edfica e creadora dos adiantados.<\/p>\n<p style=\"text-align: justify;\">Cando Anselmo fala dos seus referentes, cita a Chirico na s\u00faa etapa metaf\u00edsica ou Escher cos seus planos imposibles. Si, hai algo deles no fondo desa creaci\u00f3n orixinal e propia, algo do medo, de desasosego, de intranquilidade que move as ra\u00edces da nosa convenci\u00f3n.<\/p>\n<p style=\"text-align: justify;\">A s\u00faa pintura \u00e9 produto dunha evoluci\u00f3n lenta. O oficio m\u00f3strase como un continuo que mellora no d\u00eda a d\u00eda, e se abre paso como a vida que imaxinamos detr\u00e1s das cordas e entre as rectas.<\/p>\n<p style=\"text-align: justify;\">Desde aqueles afastados primeiros pasos no mundo da arte, Anselmo creou unha maneira de facer, un l\u00e9xico identificable, unha alegor\u00eda, unha est\u00e9tica simb\u00f3lica que permanece nas s\u00faas obras a d\u00eda de hoxe. Un universo propio, orixinal e ins\u00f3lito que segue a compartir con n\u00f3s.<\/p>\n","protected":false},"excerpt":{"rendered":"<p>Pilar Sampedro.\u00a0O surrealismo v\u00e9nlle de lonxe a Anselmo Lamela. Anda nel desde os anos setenta do s\u00e9culo pasado cando formaba parte do FOGA (Fato de Ounirismo Galego), un movemen-to medio anarco que andaba por Compostela e mov\u00e9ndose por Galicia especialmente\u00a0 polo Saln\u00e9s. M\u00e9ndez, Kukas, Silva, Leiro, Seara&#8230; formaban parte deste grupo que realizou varias exposici\u00f3ns &hellip; <a href=\"http:\/\/cafebarbantia.barbantia.es\/?p=8995\" class=\"more-link\">Seguir lendo <span class=\"screen-reader-text\">Exposici\u00f3ns no Barbanza, Anselmo Lamela e os seus arcanos da imaxinaci\u00f3n<\/span> <span class=\"meta-nav\">&rarr;<\/span><\/a><\/p>\n","protected":false},"author":1,"featured_media":0,"comment_status":"open","ping_status":"closed","sticky":false,"template":"","format":"standard","meta":{"_bbp_topic_count":0,"_bbp_reply_count":0,"_bbp_total_topic_count":0,"_bbp_total_reply_count":0,"_bbp_voice_count":0,"_bbp_anonymous_reply_count":0,"_bbp_topic_count_hidden":0,"_bbp_reply_count_hidden":0,"_bbp_forum_subforum_count":0,"_exactmetrics_skip_tracking":false,"_exactmetrics_sitenote_active":false,"_exactmetrics_sitenote_note":"","_exactmetrics_sitenote_category":0,"_monsterinsights_skip_tracking":false,"_monsterinsights_sitenote_active":false,"_monsterinsights_sitenote_note":"","_monsterinsights_sitenote_category":0},"categories":[4,69],"tags":[],"aioseo_notices":[],"_links":{"self":[{"href":"http:\/\/cafebarbantia.barbantia.es\/index.php?rest_route=\/wp\/v2\/posts\/8995"}],"collection":[{"href":"http:\/\/cafebarbantia.barbantia.es\/index.php?rest_route=\/wp\/v2\/posts"}],"about":[{"href":"http:\/\/cafebarbantia.barbantia.es\/index.php?rest_route=\/wp\/v2\/types\/post"}],"author":[{"embeddable":true,"href":"http:\/\/cafebarbantia.barbantia.es\/index.php?rest_route=\/wp\/v2\/users\/1"}],"replies":[{"embeddable":true,"href":"http:\/\/cafebarbantia.barbantia.es\/index.php?rest_route=%2Fwp%2Fv2%2Fcomments&post=8995"}],"version-history":[{"count":2,"href":"http:\/\/cafebarbantia.barbantia.es\/index.php?rest_route=\/wp\/v2\/posts\/8995\/revisions"}],"predecessor-version":[{"id":9050,"href":"http:\/\/cafebarbantia.barbantia.es\/index.php?rest_route=\/wp\/v2\/posts\/8995\/revisions\/9050"}],"wp:attachment":[{"href":"http:\/\/cafebarbantia.barbantia.es\/index.php?rest_route=%2Fwp%2Fv2%2Fmedia&parent=8995"}],"wp:term":[{"taxonomy":"category","embeddable":true,"href":"http:\/\/cafebarbantia.barbantia.es\/index.php?rest_route=%2Fwp%2Fv2%2Fcategories&post=8995"},{"taxonomy":"post_tag","embeddable":true,"href":"http:\/\/cafebarbantia.barbantia.es\/index.php?rest_route=%2Fwp%2Fv2%2Ftags&post=8995"}],"curies":[{"name":"wp","href":"https:\/\/api.w.org\/{rel}","templated":true}]}}