{"id":8998,"date":"2018-03-24T06:00:08","date_gmt":"2018-03-24T06:00:08","guid":{"rendered":"http:\/\/cafebarbantia.barbantia.es\/?p=8998"},"modified":"2018-03-25T17:58:42","modified_gmt":"2018-03-25T17:58:42","slug":"exposicions-no-barbanza-jorge-agra-herdeiro-do-pop-art","status":"publish","type":"post","link":"http:\/\/cafebarbantia.barbantia.es\/?p=8998","title":{"rendered":"Exposici\u00f3ns no Barbanza, Jorge Agra, herdeiro do pop art"},"content":{"rendered":"<p style=\"text-align: justify;\"><em><strong><a href=\"http:\/\/cafebarbantia.barbantia.es\/wp-content\/uploads\/2018\/03\/JorgeAgra.jpg\"><img decoding=\"async\" loading=\"lazy\" class=\"size-full wp-image-8999 alignleft\" alt=\"JorgeAgra\" src=\"http:\/\/cafebarbantia.barbantia.es\/wp-content\/uploads\/2018\/03\/JorgeAgra.jpg\" width=\"195\" height=\"259\" \/><\/a>Pilar Sampedro.\u00a0<\/strong><\/em>Jorge Agra \u00e9 fillo da chamada arte pop ou popular, daquela que nace dun mundo pragado de marcas nos produtos, en vallas e carteis, na publicidade e na propaganda, nos mass media e o dese\u00f1o, nos \u00eddolos medi\u00e1ticos, na moda; en fin, nese entramado que forma a sociedade de consumo.\u00a0Unha iconograf\u00eda reco\u00f1ecida por todos e todas n\u00f3s que nos leva aos sesenta cando se comezou a traballar e nos trae ata a actualidade. Unha arte que ten, entre n\u00f3s, as fontes no Equipo Cr\u00f3nica e, a nivel internacional, en artistas como Andy Warhol e os seus personaxes famosos que equiparaba a latas de sopa ou as derivaci\u00f3ns do c\u00f3mic de Lichtenstein. <!--more-->Debedora da banda dese\u00f1ada, aprox\u00edmase a ela nas li\u00f1as fortes e moi definidas, na simplificaci\u00f3n da representaci\u00f3n e a composici\u00f3n, na falta de preocupaci\u00f3n polos fondos\u2026 porque o que realmente lle interesa \u00e9 a imaxe, esa que vale m\u00e1is que mil palabras e un cento de perspectivas.<\/p>\n<p style=\"text-align: justify;\">E si, utiliza Jorge as cores planas, as pinceladas esquem\u00e1ticas, os grafismos simples e un debuxo despersonalizado que se fai propio a trav\u00e9s das marcas informalistas e a man que unifica o seu mundo. Porque crea un mundo propio colaxeando, sacando de aqu\u00ed e de al\u00ed e xuntando, acheg\u00e1ndolle esas pegadas xestuais, os tachados e o sentido do humor.<\/p>\n<p style=\"text-align: justify;\">Poder\u00eda ser unha arte da repetici\u00f3n, da reproduci\u00f3n industrial e en serie pero non \u00e9 iso o que Jorge busca sen\u00f3n unha mirada propia que se fai dona do que xa comp\u00f3n a paisaxe urbana. Mirada que se define na uni\u00f3n de elementos inesperados e uns t\u00edtulos que axudan a buscarlle o sentido do que quere transmitir.<\/p>\n<p style=\"text-align: justify;\">Traballa con imaxes que reco\u00f1ecemos pero que agora nos po\u00f1en a pensar porque el lle achega ese valor engadido que nos obriga a ir m\u00e1is al\u00e1. \u00c1s veces consegue o noso sorriso, outras pon a andar a engrenaxe do noso pensamento e lembranzas, porque xa pode xogar coa nostalxia daquelas iconas que nos acompa\u00f1aron en d\u00edas pasados.<\/p>\n<p style=\"text-align: justify;\">Acr\u00edlicos sobre lenzo e a mirada aut\u00e9ntica de quen crea d\u00e1ndolle continuidade ao seu traballo de dese\u00f1ador, de quen achega a orixinalidade recreando sen ning\u00fan tipo de falseamento, seduc\u00edndonos coa frescura e o descaro. E tra\u00e9ndonos, tam\u00e9n, os sentimentos que esas imaxes lle produciron e nos produciron naquel momento e hoxe, cando as revivimos.<\/p>\n","protected":false},"excerpt":{"rendered":"<p>Pilar Sampedro.\u00a0Jorge Agra \u00e9 fillo da chamada arte pop ou popular, daquela que nace dun mundo pragado de marcas nos produtos, en vallas e carteis, na publicidade e na propaganda, nos mass media e o dese\u00f1o, nos \u00eddolos medi\u00e1ticos, na moda; en fin, nese entramado que forma a sociedade de consumo.\u00a0Unha iconograf\u00eda reco\u00f1ecida por todos &hellip; <a href=\"http:\/\/cafebarbantia.barbantia.es\/?p=8998\" class=\"more-link\">Seguir lendo <span class=\"screen-reader-text\">Exposici\u00f3ns no Barbanza, Jorge Agra, herdeiro do pop art<\/span> <span class=\"meta-nav\">&rarr;<\/span><\/a><\/p>\n","protected":false},"author":1,"featured_media":0,"comment_status":"open","ping_status":"closed","sticky":false,"template":"","format":"standard","meta":{"_bbp_topic_count":0,"_bbp_reply_count":0,"_bbp_total_topic_count":0,"_bbp_total_reply_count":0,"_bbp_voice_count":0,"_bbp_anonymous_reply_count":0,"_bbp_topic_count_hidden":0,"_bbp_reply_count_hidden":0,"_bbp_forum_subforum_count":0,"_exactmetrics_skip_tracking":false,"_exactmetrics_sitenote_active":false,"_exactmetrics_sitenote_note":"","_exactmetrics_sitenote_category":0,"_monsterinsights_skip_tracking":false,"_monsterinsights_sitenote_active":false,"_monsterinsights_sitenote_note":"","_monsterinsights_sitenote_category":0},"categories":[4,69],"tags":[],"aioseo_notices":[],"_links":{"self":[{"href":"http:\/\/cafebarbantia.barbantia.es\/index.php?rest_route=\/wp\/v2\/posts\/8998"}],"collection":[{"href":"http:\/\/cafebarbantia.barbantia.es\/index.php?rest_route=\/wp\/v2\/posts"}],"about":[{"href":"http:\/\/cafebarbantia.barbantia.es\/index.php?rest_route=\/wp\/v2\/types\/post"}],"author":[{"embeddable":true,"href":"http:\/\/cafebarbantia.barbantia.es\/index.php?rest_route=\/wp\/v2\/users\/1"}],"replies":[{"embeddable":true,"href":"http:\/\/cafebarbantia.barbantia.es\/index.php?rest_route=%2Fwp%2Fv2%2Fcomments&post=8998"}],"version-history":[{"count":3,"href":"http:\/\/cafebarbantia.barbantia.es\/index.php?rest_route=\/wp\/v2\/posts\/8998\/revisions"}],"predecessor-version":[{"id":9021,"href":"http:\/\/cafebarbantia.barbantia.es\/index.php?rest_route=\/wp\/v2\/posts\/8998\/revisions\/9021"}],"wp:attachment":[{"href":"http:\/\/cafebarbantia.barbantia.es\/index.php?rest_route=%2Fwp%2Fv2%2Fmedia&parent=8998"}],"wp:term":[{"taxonomy":"category","embeddable":true,"href":"http:\/\/cafebarbantia.barbantia.es\/index.php?rest_route=%2Fwp%2Fv2%2Fcategories&post=8998"},{"taxonomy":"post_tag","embeddable":true,"href":"http:\/\/cafebarbantia.barbantia.es\/index.php?rest_route=%2Fwp%2Fv2%2Ftags&post=8998"}],"curies":[{"name":"wp","href":"https:\/\/api.w.org\/{rel}","templated":true}]}}