{"id":9006,"date":"2018-04-08T06:00:53","date_gmt":"2018-04-08T06:00:53","guid":{"rendered":"http:\/\/cafebarbantia.barbantia.es\/?p=9006"},"modified":"2018-03-26T16:15:13","modified_gmt":"2018-03-26T16:15:13","slug":"os-foros-do-portus-apostoli-no-medievo","status":"publish","type":"post","link":"http:\/\/cafebarbantia.barbantia.es\/?p=9006","title":{"rendered":"Os foros do Portus Apostoli no medievo"},"content":{"rendered":"<figure id=\"attachment_9007\" aria-describedby=\"caption-attachment-9007\" style=\"width: 300px\" class=\"wp-caption alignright\"><a href=\"http:\/\/cafebarbantia.barbantia.es\/wp-content\/uploads\/2018\/03\/BM23C2F6_205722.jpg\"><img decoding=\"async\" loading=\"lazy\" class=\"size-medium wp-image-9007\" alt=\"A importancia capital da vila deb\u00edase \u00e1 s\u00faa condici\u00f3n de porto tradicional de Santiago\" src=\"http:\/\/cafebarbantia.barbantia.es\/wp-content\/uploads\/2018\/03\/BM23C2F6_205722-300x169.jpg\" width=\"300\" height=\"169\" srcset=\"http:\/\/cafebarbantia.barbantia.es\/wp-content\/uploads\/2018\/03\/BM23C2F6_205722-300x169.jpg 300w, http:\/\/cafebarbantia.barbantia.es\/wp-content\/uploads\/2018\/03\/BM23C2F6_205722.jpg 900w\" sizes=\"(max-width: 300px) 100vw, 300px\" \/><\/a><figcaption id=\"caption-attachment-9007\" class=\"wp-caption-text\">A importancia capital da vila deb\u00edase \u00e1 s\u00faa condici\u00f3n de porto tradicional de Santiago<\/figcaption><\/figure>\n<p style=\"text-align: justify;\"><em><strong>Xerardo AgraFoxo.\u00a0<\/strong><\/em>Ao importante privilexio concedido polo rei Fernando II \u00e1 vila de Noia, por medio da Carta Pobra de 1168, hai que engadir o outorgado anos m\u00e1is tarde polo seu fillo Afonso IX. No ano 1229 este rei sinalou que s\u00f3 dous portos da arquidiocese compostel\u00e1, Noia e Pontevedra, puidesen elaborar sa\u00edn (aceite de sardi\u00f1a), a\u00ednda que s\u00f3 polos vasalos do Arcebispo. <!--more-->A devandita prerrogativa, reflectida no Tombo A da catedral de Santiago ser\u00eda ratificada nove anos m\u00e1is tarde, concretamente o 6 de novembro do ano 1238, polo seu herdeiro Fernando III: \u00abA todos os homes de Galicia que esta carta viran, sa\u00fade e graza. Sabede, que por informaci\u00f3n de homes bos, souben que o meu pai estabelecera que en toda Galicia non se fixese sa\u00edn de sardi\u00f1a sen\u00f3n en Pontevedra e Noia\u00bb.<\/p>\n<div id=\"ad_RobaPaginasMobileTEXTO_DETALLE\" itemscope=\"\" itemtype=\"https:\/\/schema.org\/WPAdBlock\" style=\"text-align: justify;\" data-ads=\"true\" data-url=\"\/4900\/webm.EXT.LAVOZDEGALICIA\/edicion\/\/barbanza\" data-mapping=\"ROBAMOBILE\" data-sizes=\"[[300,250],[300,300],[350, 300],[300,600],[350, 600]]\" data-param=\"pos\" data-format=\"mobile\" data-targeting=\"robapaginas\"><span style=\"font-size: 16px;\">Nesta \u00e9poca, Noia pertenc\u00eda ao reino de Castela porque, despois de que o papa Calisto III anulase o matrimonio de Afonso IX coa s\u00faa curm\u00e1 Tareixa de Portugal -do cal tivo d\u00faas fillas, Sancha e Dulce-, o rei leon\u00e9s casou con Berenguela, ra\u00ed\u00f1a de Castela. Desta uni\u00f3n nacer\u00eda o futuro Fernando III, o cal herdar\u00eda o trono de Castela da s\u00faa nai en 1217 e o Reino de Le\u00f3n en 1230 mediante acordo coas s\u00faas irm\u00e1s.<\/span><\/div>\n<div style=\"text-align: justify;\"><\/div>\n<p style=\"text-align: justify;\">Ser\u00eda durante este reinado cando se espallou a idea de que 16 embarcaci\u00f3ns de Noia, baixo o mando do almirante Paio G\u00f3mez Chari\u00f1o, se\u00f1or de Rianxo, participaran na toma de Sevilla no ano 1248 cando o porto andaluz estaba nas mans dos \u00e1rabes (Magalhaes, 1962 ): \u00abSe Fernando II conseguiu ocupar esta cidade ao fin de dois anos, nao ter\u00eda sido precisamente gra\u00e7as \u00e1 esquadra basca e galega que derrotou a frota marroquina, for\u00e7ou a entrada do Gudalquivir e cortou a ponte de barcas que ligara a cidade ao arrabalde de Triana. Ora esta for\u00e7a naval crist\u00e1 de 13 nav\u00edos \u00e1 vela&#8230; foi armada nos portos de Santander, Laredo, Fuenterrab\u00eda, Santo\u00f1a, Castro Urdiales, San Vicente de la Barquera, Avil\u00e9s, Bayona, Noya, La Coru\u00f1a, Pontevedra por Ram\u00f3n Bonifaz, nobre burgal\u00e9s ligado aos medios comerciais\u00bb.<\/p>\n<p style=\"text-align: justify;\">Tam\u00e9n foi nesta \u00e9poca cando o arcebispo Xo\u00e1n Arias (1238-1266), tendo en conta a importancia que acadara o Portus Apostoli dende a s\u00faa fundaci\u00f3n no ano 1168, considerou conveniente outorgarlle uns foros municipais, os cales eran semellantes aos que redactaran os \u00abonbres buenos de la villa de Pontevedra\u00bb por mandato do prelado. Non se conserva o foro orixinal de Fernando II, sen\u00f3n unha confirmaci\u00f3n concedida por Afonso X a esta cidade no ano 1264.<\/p>\n<div style=\"text-align: justify;\"><strong><span style=\"font-size: 16px;\">Usos e costumes<\/span><\/strong><\/div>\n<p style=\"text-align: justify;\">A versi\u00f3n que co\u00f1ecemos dos Foros de Noia, que recolle usos e costumes de centurias anteriores, est\u00e1 redactada no s\u00e9culo XV (Mart\u00ednez, 2013): \u00abEl fuero de Noya sintentiza los derechos que corresponden al arzobispo, se\u00f1or de la villa, sobre sus habitantes y sus tierras, insistiendo en la vertiente econ\u00f3mica de los mismos\u00bb.<\/p>\n<div id=\"ad_Roba2DetalleTEXTO_DETALLE\" itemscope=\"\" itemtype=\"https:\/\/schema.org\/WPAdBlock\" style=\"text-align: justify;\" data-url=\"\/2260323\/Roba_2_detalle\" data-mapping=\"ROBA600\" data-sizes=\"[[300,600]]\" data-param=\"\" data-format=\"double\" data-targeting=\"\" data-google-query-id=\"CND0m56mgtoCFcQx0wodTtgKUQ\">\n<div id=\"google_ads_iframe_\/2260323\/Roba_2_detalle_0__container__\"><span style=\"font-size: 16px;\">A importancia capital da vila estaba representada por ser un dos portos tradicionais da Terra de Santiago. A cita continuada neste documento foral dos seus produtos do mar, de onde se derivan os aranceis e demais prestaci\u00f3ns debidas ao mordomo, conforma un documento capital para co\u00f1ecer a realidade social e econ\u00f3mica de Noia durante a Idade Media.<\/span><\/div>\n<\/div>\n<div id=\"ad_Roba3DetalleTEXTO_DETALLE\" itemscope=\"\" itemtype=\"https:\/\/schema.org\/WPAdBlock\" data-url=\"\/2260323\/Roba_3_detalle\" data-mapping=\"ROBA\" data-sizes=\"[[300,250],[300,300],[300,600]]\" data-param=\"\" data-format=\"normal\" data-targeting=\"\" data-google-query-id=\"CIe6nJ6mgtoCFclIGwodYdQEag\">\n<div id=\"google_ads_iframe_\/2260323\/Roba_3_detalle_0__container__\"><\/div>\n<p>&nbsp;<\/p>\n<\/div>\n","protected":false},"excerpt":{"rendered":"<p>Xerardo AgraFoxo.\u00a0Ao importante privilexio concedido polo rei Fernando II \u00e1 vila de Noia, por medio da Carta Pobra de 1168, hai que engadir o outorgado anos m\u00e1is tarde polo seu fillo Afonso IX. No ano 1229 este rei sinalou que s\u00f3 dous portos da arquidiocese compostel\u00e1, Noia e Pontevedra, puidesen elaborar sa\u00edn (aceite de sardi\u00f1a), &hellip; <a href=\"http:\/\/cafebarbantia.barbantia.es\/?p=9006\" class=\"more-link\">Seguir lendo <span class=\"screen-reader-text\">Os foros do Portus Apostoli no medievo<\/span> <span class=\"meta-nav\">&rarr;<\/span><\/a><\/p>\n","protected":false},"author":1,"featured_media":0,"comment_status":"open","ping_status":"closed","sticky":false,"template":"","format":"standard","meta":{"_bbp_topic_count":0,"_bbp_reply_count":0,"_bbp_total_topic_count":0,"_bbp_total_reply_count":0,"_bbp_voice_count":0,"_bbp_anonymous_reply_count":0,"_bbp_topic_count_hidden":0,"_bbp_reply_count_hidden":0,"_bbp_forum_subforum_count":0,"_exactmetrics_skip_tracking":false,"_exactmetrics_sitenote_active":false,"_exactmetrics_sitenote_note":"","_exactmetrics_sitenote_category":0,"_monsterinsights_skip_tracking":false,"_monsterinsights_sitenote_active":false,"_monsterinsights_sitenote_note":"","_monsterinsights_sitenote_category":0},"categories":[7,21],"tags":[],"aioseo_notices":[],"_links":{"self":[{"href":"http:\/\/cafebarbantia.barbantia.es\/index.php?rest_route=\/wp\/v2\/posts\/9006"}],"collection":[{"href":"http:\/\/cafebarbantia.barbantia.es\/index.php?rest_route=\/wp\/v2\/posts"}],"about":[{"href":"http:\/\/cafebarbantia.barbantia.es\/index.php?rest_route=\/wp\/v2\/types\/post"}],"author":[{"embeddable":true,"href":"http:\/\/cafebarbantia.barbantia.es\/index.php?rest_route=\/wp\/v2\/users\/1"}],"replies":[{"embeddable":true,"href":"http:\/\/cafebarbantia.barbantia.es\/index.php?rest_route=%2Fwp%2Fv2%2Fcomments&post=9006"}],"version-history":[{"count":2,"href":"http:\/\/cafebarbantia.barbantia.es\/index.php?rest_route=\/wp\/v2\/posts\/9006\/revisions"}],"predecessor-version":[{"id":9027,"href":"http:\/\/cafebarbantia.barbantia.es\/index.php?rest_route=\/wp\/v2\/posts\/9006\/revisions\/9027"}],"wp:attachment":[{"href":"http:\/\/cafebarbantia.barbantia.es\/index.php?rest_route=%2Fwp%2Fv2%2Fmedia&parent=9006"}],"wp:term":[{"taxonomy":"category","embeddable":true,"href":"http:\/\/cafebarbantia.barbantia.es\/index.php?rest_route=%2Fwp%2Fv2%2Fcategories&post=9006"},{"taxonomy":"post_tag","embeddable":true,"href":"http:\/\/cafebarbantia.barbantia.es\/index.php?rest_route=%2Fwp%2Fv2%2Ftags&post=9006"}],"curies":[{"name":"wp","href":"https:\/\/api.w.org\/{rel}","templated":true}]}}