{"id":9010,"date":"2018-04-30T06:00:07","date_gmt":"2018-04-30T06:00:07","guid":{"rendered":"http:\/\/cafebarbantia.barbantia.es\/?p=9010"},"modified":"2018-04-18T11:16:25","modified_gmt":"2018-04-18T11:16:25","slug":"cuarzo-feldespato-e-radon","status":"publish","type":"post","link":"http:\/\/cafebarbantia.barbantia.es\/?p=9010","title":{"rendered":"Cuarzo, feldespato&#8230; e radon"},"content":{"rendered":"<p style=\"text-align: justify;\"><a href=\"http:\/\/cafebarbantia.barbantia.es\/wp-content\/uploads\/2018\/03\/BM23C2F6_21315.jpg\"><img decoding=\"async\" loading=\"lazy\" class=\"alignright size-medium wp-image-9011\" alt=\"BM23C2F6_21315\" src=\"http:\/\/cafebarbantia.barbantia.es\/wp-content\/uploads\/2018\/03\/BM23C2F6_21315-300x169.jpg\" width=\"300\" height=\"169\" srcset=\"http:\/\/cafebarbantia.barbantia.es\/wp-content\/uploads\/2018\/03\/BM23C2F6_21315-300x169.jpg 300w, http:\/\/cafebarbantia.barbantia.es\/wp-content\/uploads\/2018\/03\/BM23C2F6_21315.jpg 900w\" sizes=\"(max-width: 300px) 100vw, 300px\" \/><\/a><em><strong>Jose Lires.\u00a0<\/strong><\/em>A historia dos avances en cien-cia e tecnolox\u00eda est\u00e1 saturada de feitos ines-perados que supo\u00f1en un xiro das investiga-ci\u00f3ns rematando en descubrimentos cando menos sorprendentes. A mediados dos anos oitenta do s\u00e9culo pasado, un operario dunha central nuclear en Pensilvania disparaba todos os dispositivos de seguridade pola alta radiaci\u00f3n que emanaba do seu corpo.<!--more--> O curioso do caso era que as alarmas saltaban cando chegaba cada ma\u00f1\u00e1 \u00e1 central, pero non cando abandonaba as instalaci\u00f3ns. Incr\u00e9dulos, os t\u00e9cnicos optaron por realizar medici\u00f3ns no seu fogar. Al\u00ed atop\u00e1ronse cunha concentraci\u00f3n moi elevada dun gas radioactivo, o radon. Poucos anos despois, o goberno americano incorporaba medidas para controlar a exposici\u00f3n a este gas, ao tempo que a OMS o declaraba como un cancer\u00edxeno humano.<\/p>\n<div id=\"ad_RobaPaginasMobileTEXTO_DETALLE\" itemscope=\"\" itemtype=\"https:\/\/schema.org\/WPAdBlock\" style=\"text-align: justify;\" data-ads=\"true\" data-url=\"\/4900\/webm.EXT.LAVOZDEGALICIA\/edicion\/\/barbanza\" data-mapping=\"ROBAMOBILE\" data-sizes=\"[[300,250],[300,300],[350, 300],[300,600],[350, 600]]\" data-param=\"pos\" data-format=\"mobile\" data-targeting=\"robapaginas\"><span style=\"font-size: 16px;\">Pero antes de seguir indagando nas caracter\u00edsticas deste inimigo invisible, perm\u00edtanme un apuntamento: a radiaci\u00f3n natural estivo presente na Terra dende moito antes da aparici\u00f3n da vida. \u00c9 m\u00e1is, algunha apaixonada teor\u00eda sit\u00faa o seu berce nos primixenios dep\u00f3sitos de uranio onde se deron as condici\u00f3ns para a posta en funcionamento de reactores nucleares naturais. As\u00ed e todo, a casu\u00edstica da existencia acom\u00f3dase nun lene equilibrio entre o ambiente e a propia vida que a nosa especie parece esforzarse en modificar desde\u00f1ando os riscos de car\u00e1cter natural.<\/span><\/div>\n<div style=\"text-align: justify;\"><\/div>\n<p style=\"text-align: justify;\"><strong>Desidia dos actores<\/strong><\/p>\n<p style=\"text-align: justify;\">A exposici\u00f3n ao gas radon \u00e9 un exemplo evidente de risco natural ignorado, non xa tanto polo desco\u00f1ecemento da problem\u00e1tica, como pola desidia dos actores implicados no seu amortecemento. E por que nos acordamos agora de Santa B\u00e1rbara? Dende hai uns meses, os medios de comunicaci\u00f3n andan a informar da entrada en vigor dunha directiva europea (aprobada en 2013) que obriga o Goberno espa\u00f1ol a reducir o gas radon en vivendas e lugares de traballo, logo de m\u00e1is de trinta anos de facer o\u00eddos xordos \u00e1s advertencias dos cient\u00edficos.<\/p>\n<div style=\"text-align: justify;\"><span style=\"font-size: 16px;\">E t\u00f3canos de cheo. O noroeste peninsular comprende zonas cun alto potencial de radon. Enfront\u00e1monos a un gas incoloro, inodoro e ins\u00edpido orixinado na cadea de desintegraci\u00f3n radioactiva do uranio, moi frecuente nas rochas gran\u00edticas. O perigo da exposici\u00f3n prolongada a este gas confirmouse en numerosos estudos que o sit\u00faan como o segundo factor de risco, despois do tabaquismo, de cancro de pulm\u00f3n, e o primeiro nas persoas non fumadoras. As\u00ed pois, se en EE.UU. o nivel de acci\u00f3n establ\u00e9cese en 148 bequerelios por metro c\u00fabico (expresi\u00f3n do n\u00famero de desintegraci\u00f3ns por segundo nun metro c\u00fabico de aire), comparable \u00e1 radiaci\u00f3n recibida de somet\u00e9rmonos a 200 placas de t\u00f3rax anuais, a directiva da UE eleva ese l\u00edmite ata os 300 bequerelios por metro c\u00fabico para actuar. Fagan contas!<\/span><\/div>\n<div id=\"ad_Roba2DetalleTEXTO_DETALLE\" itemscope=\"\" itemtype=\"https:\/\/schema.org\/WPAdBlock\" style=\"text-align: justify;\" data-url=\"\/2260323\/Roba_2_detalle\" data-mapping=\"ROBA600\" data-sizes=\"[[300,600]]\" data-param=\"\" data-format=\"double\" data-targeting=\"\" data-google-query-id=\"CIWixbWngtoCFRdsGwodrA8OkA\">\n<div id=\"google_ads_iframe_\/2260323\/Roba_2_detalle_0__container__\"><span style=\"font-size: 16px;\">No Barbanza, m\u00e1is do dez por cento das medici\u00f3ns realizadas polo Laboratorio de Radon de Galicia superan a referencia marcada pola directiva europea, xa de por si demasiado elevada aos ollos dos especialistas. Os datos xa os te\u00f1en, quizais sexa tempo de esixir, a quen corresponda, pol\u00edticas de diagnose e campa\u00f1as de informaci\u00f3n \u00e1 sociedade, mais sobre todo unha normativa eficaz e valente para controlar o radon e minimizar os riscos para a sa\u00fade. Ser\u00e1 desta?<\/span><\/div>\n<\/div>\n","protected":false},"excerpt":{"rendered":"<p>Jose Lires.\u00a0A historia dos avances en cien-cia e tecnolox\u00eda est\u00e1 saturada de feitos ines-perados que supo\u00f1en un xiro das investiga-ci\u00f3ns rematando en descubrimentos cando menos sorprendentes. A mediados dos anos oitenta do s\u00e9culo pasado, un operario dunha central nuclear en Pensilvania disparaba todos os dispositivos de seguridade pola alta radiaci\u00f3n que emanaba do seu corpo.<\/p>\n","protected":false},"author":1,"featured_media":0,"comment_status":"open","ping_status":"closed","sticky":false,"template":"","format":"standard","meta":{"_bbp_topic_count":0,"_bbp_reply_count":0,"_bbp_total_topic_count":0,"_bbp_total_reply_count":0,"_bbp_voice_count":0,"_bbp_anonymous_reply_count":0,"_bbp_topic_count_hidden":0,"_bbp_reply_count_hidden":0,"_bbp_forum_subforum_count":0,"_exactmetrics_skip_tracking":false,"_exactmetrics_sitenote_active":false,"_exactmetrics_sitenote_note":"","_exactmetrics_sitenote_category":0,"_monsterinsights_skip_tracking":false,"_monsterinsights_sitenote_active":false,"_monsterinsights_sitenote_note":"","_monsterinsights_sitenote_category":0},"categories":[39,41],"tags":[],"aioseo_notices":[],"_links":{"self":[{"href":"http:\/\/cafebarbantia.barbantia.es\/index.php?rest_route=\/wp\/v2\/posts\/9010"}],"collection":[{"href":"http:\/\/cafebarbantia.barbantia.es\/index.php?rest_route=\/wp\/v2\/posts"}],"about":[{"href":"http:\/\/cafebarbantia.barbantia.es\/index.php?rest_route=\/wp\/v2\/types\/post"}],"author":[{"embeddable":true,"href":"http:\/\/cafebarbantia.barbantia.es\/index.php?rest_route=\/wp\/v2\/users\/1"}],"replies":[{"embeddable":true,"href":"http:\/\/cafebarbantia.barbantia.es\/index.php?rest_route=%2Fwp%2Fv2%2Fcomments&post=9010"}],"version-history":[{"count":2,"href":"http:\/\/cafebarbantia.barbantia.es\/index.php?rest_route=\/wp\/v2\/posts\/9010\/revisions"}],"predecessor-version":[{"id":9013,"href":"http:\/\/cafebarbantia.barbantia.es\/index.php?rest_route=\/wp\/v2\/posts\/9010\/revisions\/9013"}],"wp:attachment":[{"href":"http:\/\/cafebarbantia.barbantia.es\/index.php?rest_route=%2Fwp%2Fv2%2Fmedia&parent=9010"}],"wp:term":[{"taxonomy":"category","embeddable":true,"href":"http:\/\/cafebarbantia.barbantia.es\/index.php?rest_route=%2Fwp%2Fv2%2Fcategories&post=9010"},{"taxonomy":"post_tag","embeddable":true,"href":"http:\/\/cafebarbantia.barbantia.es\/index.php?rest_route=%2Fwp%2Fv2%2Ftags&post=9010"}],"curies":[{"name":"wp","href":"https:\/\/api.w.org\/{rel}","templated":true}]}}