{"id":9014,"date":"2018-04-18T06:00:45","date_gmt":"2018-04-18T06:00:45","guid":{"rendered":"http:\/\/cafebarbantia.barbantia.es\/?p=9014"},"modified":"2018-04-17T13:06:34","modified_gmt":"2018-04-17T13:06:34","slug":"autorretrato-manuel-romero","status":"publish","type":"post","link":"http:\/\/cafebarbantia.barbantia.es\/?p=9014","title":{"rendered":"Autorretrato. Manuel Romero"},"content":{"rendered":"<p style=\"text-align: justify;\"><a href=\"http:\/\/cafebarbantia.barbantia.es\/wp-content\/uploads\/2018\/03\/BM23C2F6_21822.jpg\"><img decoding=\"async\" loading=\"lazy\" class=\"size-medium wp-image-9015 alignright\" alt=\"BM23C2F6_21822\" src=\"http:\/\/cafebarbantia.barbantia.es\/wp-content\/uploads\/2018\/03\/BM23C2F6_21822-300x168.jpg\" width=\"300\" height=\"168\" srcset=\"http:\/\/cafebarbantia.barbantia.es\/wp-content\/uploads\/2018\/03\/BM23C2F6_21822-300x168.jpg 300w, http:\/\/cafebarbantia.barbantia.es\/wp-content\/uploads\/2018\/03\/BM23C2F6_21822.jpg 900w\" sizes=\"(max-width: 300px) 100vw, 300px\" \/><\/a><em><strong>Eme Cartea.\u00a0<\/strong><\/em>Como subx\u00e9nero do retrato, o autorretrato d\u00e1se a ver no s\u00e9culo XV, disimulado nunha escena ou entre outros personaxes, como \u00e9 o caso de Van Eyck, reflectido no espello en\u00a0<em>Matrimonio Arnolfini<\/em>, ou Botticelli na\u00a0<em>Adoraci\u00f3n dos Magos<\/em>. <!--more-->Intre en que, \u00e1 luz do humanismo renacentista, o pintor pasa, co te\u00f3rico L. B. Alberti, de \u00abartes\u00e1n\u00bb a \u00abartista liberal\u00bb, e o autorretrato vai ser o testemu\u00f1o dese novo estatus social. \u00c9 o caso por exemplo de Durero, que se configura como Cristo e logo como arist\u00f3crata (poder creador e nobreza).<\/p>\n<div id=\"ad_RobaPaginasMobileTEXTO_DETALLE\" itemscope=\"\" itemtype=\"https:\/\/schema.org\/WPAdBlock\" style=\"text-align: justify;\" data-ads=\"true\" data-url=\"\/4900\/webm.EXT.LAVOZDEGALICIA\/edicion\/\/barbanza\" data-mapping=\"ROBAMOBILE\" data-sizes=\"[[300,250],[300,300],[350, 300],[300,600],[350, 600]]\" data-param=\"pos\" data-format=\"mobile\" data-targeting=\"robapaginas\"><span style=\"font-size: 16px;\">No s\u00e9culo XVII, Rembrandt, asiduo ao autorretrato, d\u00e9ixanos o seu \u00abdiario \u00edntimo\u00bb pintado que, ao longo da vida, sobre fondo neutro e sen detalles narrativos, acent\u00faa a expresi\u00f3n e a vida interior e, nesa li\u00f1a, o gran Goya cos seus (auto)retratos, Van Gogh e a s\u00faa convulsa vida emocional, ou, se queremos, a mexicana Frida Kahlo nos anos 30 do s\u00e9culo XX.<\/span><\/div>\n<div style=\"text-align: justify;\"><\/div>\n<p style=\"text-align: justify;\">Manuel Romero sabe, con Proust, que a arte \u00e9 sempre creaci\u00f3n e desdobramento de mundos autobiogr\u00e1ficos. E no caso do autorretrato, vemos a copia da imaxe do pintor, \u00e1 vez modelo, reflectida no espello, xamais o orixinal; o retratado e o retratista ao \u00aboutro lado\u00bb como conxunci\u00f3n de rostro e esp\u00edrito.<\/p>\n<p style=\"text-align: justify;\">No fondo, todos somos e perduramos como imaxe, ou non somos: na auga, no espello&#8230; ou noutros ollos. Pero o artista perdura como autoimaxe reproducida. Esa \u00e9 a s\u00faa parcela de inmortalidade \u00e1 primeira vista, a s\u00faa parte de narcisismo cumprida. Vese mir\u00e1ndose reflexivamente: de a\u00ed o ollo \u00abque ves e que te ve\u00bb machadiano. Manuel Romero, artista, segue a celebrar a \u00e9xtase do \u00abestadio do espello\u00bb lacaniano, esa \u00abpulsi\u00f3n esc\u00f3pica\u00bb ou desexo de mirar(se). E n\u00f3s aceptamos de boa fe a fidelidade entre pintor-modelo-imaxe-retrato, inda que N. Rockwell co seu\u00a0<em>Triplo autorretrato<\/em>\u00a0en \u00abmise en abyme\u00bb nos ensina que non sempre \u00e9 as\u00ed.<\/p>\n<div style=\"text-align: justify;\"><\/div>\n<div id=\"ad_Roba2DetalleTEXTO_DETALLE\" itemscope=\"\" itemtype=\"https:\/\/schema.org\/WPAdBlock\" style=\"text-align: justify;\" data-url=\"\/2260323\/Roba_2_detalle\" data-mapping=\"ROBA600\" data-sizes=\"[[300,600]]\" data-param=\"\" data-format=\"double\" data-targeting=\"\">\n<div id=\"google_ads_iframe_\/2260323\/Roba_2_detalle_0__container__\"><strong style=\"font-size: 16px;\">Forma de resistencia<\/strong><\/div>\n<\/div>\n<p style=\"text-align: justify;\">A arte verdadeira \u00e9 unha forma de resistencia diante da exig\u00fcidade do tempo, obsesi\u00f3n, reflexi\u00f3n, autoafirmaci\u00f3n e exaltaci\u00f3n do eu. Pero, neste caso de autorretrato confidente, sen pretextos nin mediaci\u00f3ns, ofr\u00e9cese nun exercicio punzante de introspecci\u00f3n e autoexame, sen rede, en di\u00e1logo frontal e entrecruzado co espectador nun xogo de olladas rec\u00edprocas e coniventes.<\/p>\n<p style=\"text-align: justify;\">Un retrato pode ser, por definici\u00f3n, reco\u00f1ecible. E en Manuel Romero, tam\u00e9n psicol\u00f3xico. E se admitimos que \u00aba cara \u00e9 o espello da alma\u00bb, aceptemos que a fisiognom\u00eda (pretendida ciencia ou discutible arte) nos poida falar do car\u00e1cter, da personalidade ou mesmo das inclinaci\u00f3ns morais a trav\u00e9s da fisionom\u00eda. Oculta filosof\u00eda, talvez, pero de gran predicamento e simpat\u00eda, como tan esplendidamente estudou Caro Baroja na s\u00faa\u00a0<em>Historia de la fisiogn\u00f3mica<\/em>.<\/p>\n<div id=\"ad_Roba3DetalleTEXTO_DETALLE\" itemscope=\"\" itemtype=\"https:\/\/schema.org\/WPAdBlock\" style=\"text-align: justify;\" data-url=\"\/2260323\/Roba_3_detalle\" data-mapping=\"ROBA\" data-sizes=\"[[300,250],[300,300],[300,600]]\" data-param=\"\" data-format=\"normal\" data-targeting=\"\">\n<div id=\"google_ads_iframe_\/2260323\/Roba_3_detalle_0__container__\"><span style=\"font-size: 16px;\">Pois, autoafirmaci\u00f3n, asertividade, franqueza, achegamento, modestia, firmeza, intelixencia, tes\u00f3n, car\u00e1cter forte e sereno, ollada aberta, sinceridade, melancol\u00eda, poder de ensimesmamento, imaxinaci\u00f3n, certo retraemento, afabilidade, equilibrio, ponderaci\u00f3n, ousad\u00eda&#8230; polo menos!<\/span><\/div>\n<\/div>\n","protected":false},"excerpt":{"rendered":"<p>Eme Cartea.\u00a0Como subx\u00e9nero do retrato, o autorretrato d\u00e1se a ver no s\u00e9culo XV, disimulado nunha escena ou entre outros personaxes, como \u00e9 o caso de Van Eyck, reflectido no espello en\u00a0Matrimonio Arnolfini, ou Botticelli na\u00a0Adoraci\u00f3n dos Magos.<\/p>\n","protected":false},"author":1,"featured_media":0,"comment_status":"open","ping_status":"closed","sticky":false,"template":"","format":"standard","meta":{"_bbp_topic_count":0,"_bbp_reply_count":0,"_bbp_total_topic_count":0,"_bbp_total_reply_count":0,"_bbp_voice_count":0,"_bbp_anonymous_reply_count":0,"_bbp_topic_count_hidden":0,"_bbp_reply_count_hidden":0,"_bbp_forum_subforum_count":0,"_exactmetrics_skip_tracking":false,"_exactmetrics_sitenote_active":false,"_exactmetrics_sitenote_note":"","_exactmetrics_sitenote_category":0,"_monsterinsights_skip_tracking":false,"_monsterinsights_sitenote_active":false,"_monsterinsights_sitenote_note":"","_monsterinsights_sitenote_category":0},"categories":[4,30],"tags":[],"aioseo_notices":[],"_links":{"self":[{"href":"http:\/\/cafebarbantia.barbantia.es\/index.php?rest_route=\/wp\/v2\/posts\/9014"}],"collection":[{"href":"http:\/\/cafebarbantia.barbantia.es\/index.php?rest_route=\/wp\/v2\/posts"}],"about":[{"href":"http:\/\/cafebarbantia.barbantia.es\/index.php?rest_route=\/wp\/v2\/types\/post"}],"author":[{"embeddable":true,"href":"http:\/\/cafebarbantia.barbantia.es\/index.php?rest_route=\/wp\/v2\/users\/1"}],"replies":[{"embeddable":true,"href":"http:\/\/cafebarbantia.barbantia.es\/index.php?rest_route=%2Fwp%2Fv2%2Fcomments&post=9014"}],"version-history":[{"count":2,"href":"http:\/\/cafebarbantia.barbantia.es\/index.php?rest_route=\/wp\/v2\/posts\/9014\/revisions"}],"predecessor-version":[{"id":9026,"href":"http:\/\/cafebarbantia.barbantia.es\/index.php?rest_route=\/wp\/v2\/posts\/9014\/revisions\/9026"}],"wp:attachment":[{"href":"http:\/\/cafebarbantia.barbantia.es\/index.php?rest_route=%2Fwp%2Fv2%2Fmedia&parent=9014"}],"wp:term":[{"taxonomy":"category","embeddable":true,"href":"http:\/\/cafebarbantia.barbantia.es\/index.php?rest_route=%2Fwp%2Fv2%2Fcategories&post=9014"},{"taxonomy":"post_tag","embeddable":true,"href":"http:\/\/cafebarbantia.barbantia.es\/index.php?rest_route=%2Fwp%2Fv2%2Ftags&post=9014"}],"curies":[{"name":"wp","href":"https:\/\/api.w.org\/{rel}","templated":true}]}}