{"id":9028,"date":"2018-04-10T06:00:21","date_gmt":"2018-04-10T06:00:21","guid":{"rendered":"http:\/\/cafebarbantia.barbantia.es\/?p=9028"},"modified":"2018-03-26T16:20:13","modified_gmt":"2018-03-26T16:20:13","slug":"resiliencia","status":"publish","type":"post","link":"http:\/\/cafebarbantia.barbantia.es\/?p=9028","title":{"rendered":"Resiliencia"},"content":{"rendered":"<p style=\"text-align: justify;\">\n<figure id=\"attachment_9029\" aria-describedby=\"caption-attachment-9029\" style=\"width: 300px\" class=\"wp-caption alignright\"><a href=\"http:\/\/cafebarbantia.barbantia.es\/wp-content\/uploads\/2018\/03\/res.jpg\"><img decoding=\"async\" loading=\"lazy\" class=\"size-medium wp-image-9029\" alt=\"Matalobos\" src=\"http:\/\/cafebarbantia.barbantia.es\/wp-content\/uploads\/2018\/03\/res-300x168.jpg\" width=\"300\" height=\"168\" srcset=\"http:\/\/cafebarbantia.barbantia.es\/wp-content\/uploads\/2018\/03\/res-300x168.jpg 300w, http:\/\/cafebarbantia.barbantia.es\/wp-content\/uploads\/2018\/03\/res.jpg 900w\" sizes=\"(max-width: 300px) 100vw, 300px\" \/><\/a><figcaption id=\"caption-attachment-9029\" class=\"wp-caption-text\">Matalobos<\/figcaption><\/figure>\n<p style=\"text-align: justify;\"><em><strong>Francisco Ant. Vidal Blanco. <\/strong><\/em>A ning\u00fan dos amigos cos que cada xoves tomo a cervexa se nos ocorreu pensar que un alumno ou calquera persoa se puidese medir polo valor da s\u00faa resiliencia, porque para n\u00f3s a resiliencia \u00e9 un termo da f\u00edsica que define a resistencia dun elemento \u00f3 ser golpeado.<!--more--> Pero tam\u00e9n \u00e9 certo que as palabras te\u00f1en a virtude de adaptarse \u00e1s circunstancias, as\u00ed que, buscando m\u00e1is polo mi\u00fado, fomos \u00f3 \u00abtumbaburros\u00bb e atopamos que hai unha segunda acepci\u00f3n na que se define como a capacidade de adaptaci\u00f3n dun ser vivo a calquera axente perturbador, tal ser\u00eda a de vencer situaci\u00f3ns adversas; e iso precisamente \u00e9 polo que foron medidos os alumnos galegos encadrados nas capas m\u00e1is desfavorecidas da sociedade en comparaci\u00f3n cos doutros lugares en similares circunstancias, segundo unha monograf\u00eda sobre a equidade educativa en Espa\u00f1a, que foi presentada estes d\u00edas atr\u00e1s, feita a partir do informe PISA 2015, a cal nos sit\u00faa entre os mellor valorados do Estado en tan restrinxido \u00e1mbito, acadando, comparativamente, os mellores resultados acad\u00e9micos.<\/p>\n<p style=\"text-align: justify;\">M\u00e1goa de triunfo. Nada m\u00e1is lela, v\u00e9nme \u00e1 mente o cap\u00edtulo\u00a0<em>Ignotus<\/em>, no que Murgu\u00eda, no seu libro\u00a0<em>Los Precursores<\/em>, loando a un mozo analfabeto e mendicante que tocaba a frauta como un primor (eu dir\u00eda como un aut\u00f3mata), sen ter pasado por ning\u00fan conservatorio, trata de amosar e demostrar o que el d\u00e1 en cualificar como a innata capacidade art\u00edstica dos galegos, coloc\u00e1ndoo \u00f3 lado das figuras m\u00e1is sobresa\u00edntes do momento, como Rosal\u00eda, Seraf\u00edn Avenda\u00f1o ou Pondal. E nin tanto nin tampouco. <a href=\"http:\/\/cafebarbantia.barbantia.es\/wp-content\/uploads\/2018\/03\/resilencia.jpg\"><img decoding=\"async\" loading=\"lazy\" class=\"alignleft size-medium wp-image-9030\" alt=\"resilencia\" src=\"http:\/\/cafebarbantia.barbantia.es\/wp-content\/uploads\/2018\/03\/resilencia-300x242.jpg\" width=\"300\" height=\"242\" srcset=\"http:\/\/cafebarbantia.barbantia.es\/wp-content\/uploads\/2018\/03\/resilencia-300x242.jpg 300w, http:\/\/cafebarbantia.barbantia.es\/wp-content\/uploads\/2018\/03\/resilencia.jpg 594w\" sizes=\"(max-width: 300px) 100vw, 300px\" \/><\/a>Sabemos que \u00e9 unha pequena hip\u00e9rbole do Patriarca, porque el tam\u00e9n sab\u00eda que arte e ma\u00f1a non son sin\u00f3nimos. E sen negar a capacidade de tantos creadores autodidactas de todos co\u00f1ecidos, a ningu\u00e9n se lle escapa que os xenes do artista ou do bo estudante hai que regalos como se fosen plantas, porque ningu\u00e9n nace aprendido.<\/p>\n<p style=\"text-align: justify;\">Sen embargo, visto con m\u00e1is frialdade, a\u00ednda reco\u00f1ecendo que os xenios poden florecer en calquera momento e lugar, se ben este noso grupo de estudantes sa\u00eddos das clases m\u00e1is humildes e con menos medios, sacan mellores notas c\u00f3s seus iguais do resto da pen\u00ednsula, non deber\u00eda de ser o que nos contente, sen\u00f3n o af\u00e1n de que ning\u00fan rapaz pase necesidade, que para sacar un curso adiante non te\u00f1a que pelexar cos libros e co entorno. O outro par\u00e9ceme unha resignaci\u00f3n. \u00c1 fin, da capacidade dos nosos paisanos para superar os atrancos que a vida lle pon temos unha longa historia de resignados que acabaron collendo os cami\u00f1os da di\u00e1spora por falta de medios na terra, abocando unha estranxeir\u00eda chea de dificultades, que tanto nos fan lembrar \u00f3s inmigrantes que hoxe loitan aqu\u00ed, entre n\u00f3s, por acadar a nacionalidade, por acceder a un posto de traballo e por ter os mesmos dereitos ca un nativo.<\/p>\n<p style=\"text-align: justify;\">Sen embargo, seguimos coas cataratas ameazando coa cegueira, pois ese estudio, que por un lado nos pon no podio da resiliencia, tam\u00e9n advirte do baixo nivel xeral dos nosos estudantes, sexan pobres ou ricos, por debaixo dos est\u00e1ndares internacionais, o cal nos coloca \u00f3 final da lista da excelencia educativa. Con todo, a\u00ed queda un triunfo m\u00e1is de Galicia fronte \u00f3 mundo: entre as clases m\u00e1is necesitadas da sociedade somos os mellores, ou en termos da f\u00edsica de materiais, os que mellor soportamos os golpes.<\/p>\n","protected":false},"excerpt":{"rendered":"<p>Francisco Ant. Vidal Blanco. A ning\u00fan dos amigos cos que cada xoves tomo a cervexa se nos ocorreu pensar que un alumno ou calquera persoa se puidese medir polo valor da s\u00faa resiliencia, porque para n\u00f3s a resiliencia \u00e9 un termo da f\u00edsica que define a resistencia dun elemento \u00f3 ser golpeado.<\/p>\n","protected":false},"author":1,"featured_media":0,"comment_status":"open","ping_status":"closed","sticky":false,"template":"","format":"standard","meta":{"_bbp_topic_count":0,"_bbp_reply_count":0,"_bbp_total_topic_count":0,"_bbp_total_reply_count":0,"_bbp_voice_count":0,"_bbp_anonymous_reply_count":0,"_bbp_topic_count_hidden":0,"_bbp_reply_count_hidden":0,"_bbp_forum_subforum_count":0,"_exactmetrics_skip_tracking":false,"_exactmetrics_sitenote_active":false,"_exactmetrics_sitenote_note":"","_exactmetrics_sitenote_category":0,"_monsterinsights_skip_tracking":false,"_monsterinsights_sitenote_active":false,"_monsterinsights_sitenote_note":"","_monsterinsights_sitenote_category":0},"categories":[7,52,9],"tags":[],"aioseo_notices":[],"_links":{"self":[{"href":"http:\/\/cafebarbantia.barbantia.es\/index.php?rest_route=\/wp\/v2\/posts\/9028"}],"collection":[{"href":"http:\/\/cafebarbantia.barbantia.es\/index.php?rest_route=\/wp\/v2\/posts"}],"about":[{"href":"http:\/\/cafebarbantia.barbantia.es\/index.php?rest_route=\/wp\/v2\/types\/post"}],"author":[{"embeddable":true,"href":"http:\/\/cafebarbantia.barbantia.es\/index.php?rest_route=\/wp\/v2\/users\/1"}],"replies":[{"embeddable":true,"href":"http:\/\/cafebarbantia.barbantia.es\/index.php?rest_route=%2Fwp%2Fv2%2Fcomments&post=9028"}],"version-history":[{"count":2,"href":"http:\/\/cafebarbantia.barbantia.es\/index.php?rest_route=\/wp\/v2\/posts\/9028\/revisions"}],"predecessor-version":[{"id":9032,"href":"http:\/\/cafebarbantia.barbantia.es\/index.php?rest_route=\/wp\/v2\/posts\/9028\/revisions\/9032"}],"wp:attachment":[{"href":"http:\/\/cafebarbantia.barbantia.es\/index.php?rest_route=%2Fwp%2Fv2%2Fmedia&parent=9028"}],"wp:term":[{"taxonomy":"category","embeddable":true,"href":"http:\/\/cafebarbantia.barbantia.es\/index.php?rest_route=%2Fwp%2Fv2%2Fcategories&post=9028"},{"taxonomy":"post_tag","embeddable":true,"href":"http:\/\/cafebarbantia.barbantia.es\/index.php?rest_route=%2Fwp%2Fv2%2Ftags&post=9028"}],"curies":[{"name":"wp","href":"https:\/\/api.w.org\/{rel}","templated":true}]}}