{"id":9068,"date":"2018-04-12T06:00:28","date_gmt":"2018-04-12T06:00:28","guid":{"rendered":"http:\/\/cafebarbantia.barbantia.es\/?p=9068"},"modified":"2018-04-10T21:30:13","modified_gmt":"2018-04-10T21:30:13","slug":"9068","status":"publish","type":"post","link":"http:\/\/cafebarbantia.barbantia.es\/?p=9068","title":{"rendered":"Salvaxes"},"content":{"rendered":"<p style=\"text-align: justify;\"><a href=\"http:\/\/cafebarbantia.barbantia.es\/wp-content\/uploads\/2018\/04\/Pr\u00edncipe_BaltasarCarlos_cazador_Vel\u00e1zquez_lou.jpg\"><img decoding=\"async\" loading=\"lazy\" class=\"alignright size-medium wp-image-9069\" alt=\"Pr\u00edncipe_BaltasarCarlos_cazador_Vel\u00e1zquez_lou\" src=\"http:\/\/cafebarbantia.barbantia.es\/wp-content\/uploads\/2018\/04\/Pr\u00edncipe_BaltasarCarlos_cazador_Vel\u00e1zquez_lou-205x300.jpg\" width=\"205\" height=\"300\" srcset=\"http:\/\/cafebarbantia.barbantia.es\/wp-content\/uploads\/2018\/04\/Pr\u00edncipe_BaltasarCarlos_cazador_Vel\u00e1zquez_lou-205x300.jpg 205w, http:\/\/cafebarbantia.barbantia.es\/wp-content\/uploads\/2018\/04\/Pr\u00edncipe_BaltasarCarlos_cazador_Vel\u00e1zquez_lou.jpg 410w\" sizes=\"(max-width: 205px) 100vw, 205px\" \/><\/a><em><strong>Ant\u00f3n Riveiro Coello.\u00a0<\/strong><\/em>Unha vez m\u00e1is, miles de estudantes saen \u00e1s r\u00faas en Estados Unidos, desta volta para honrar as v\u00edtimas da matanza de Parkland, acontecida hai pouco m\u00e1is dun mes, e sobre todo para esixir m\u00e1is control no acceso \u00e1s armas. A senadora e l\u00edder dem\u00f3crata Elisabeth Warren int\u00fae que estes mozos est\u00e1n aqu\u00ed para nos liberar. A ver se \u00e9 verdade e esta xeraci\u00f3n muda a historia. Non vai ser doado, non s\u00f3 pola influencia que a Asociaci\u00f3n Nacional do Rifle ten no Congreso dos Estados Unidos, sen\u00f3n tam\u00e9n porque as armas est\u00e1n inseridas fortemente na cultura americana e son unha industria poderosa. Pero talvez estes mozos rematen por educar os pais.<!--more--><\/p>\n<p style=\"text-align: justify;\">Hai xa m\u00e1is dun ano que vin circular polas redes un v\u00eddeo dunha nena americana de apenas dez anos que esgazaba un envoltorio e recib\u00eda, entusiasmada, o agasallo dunha escopeta de caza. <a href=\"http:\/\/cafebarbantia.barbantia.es\/wp-content\/uploads\/2018\/04\/WEB_JPG.jpg\"><img decoding=\"async\" loading=\"lazy\" class=\"alignleft size-medium wp-image-9070\" alt=\"WEB_JPG\" src=\"http:\/\/cafebarbantia.barbantia.es\/wp-content\/uploads\/2018\/04\/WEB_JPG-192x300.jpg\" width=\"192\" height=\"300\" srcset=\"http:\/\/cafebarbantia.barbantia.es\/wp-content\/uploads\/2018\/04\/WEB_JPG-192x300.jpg 192w, http:\/\/cafebarbantia.barbantia.es\/wp-content\/uploads\/2018\/04\/WEB_JPG.jpg 657w\" sizes=\"(max-width: 192px) 100vw, 192px\" \/><\/a>A\u00ednda que hoxe nos arrep\u00ede ver algo as\u00ed, nun principio puiden entender a s\u00faa emoci\u00f3n porque a min, cando ti\u00f1a a s\u00faa mesma idade, un meu t\u00edo converteu o meu aniversario nun d\u00eda especial regal\u00e1ndome unha escopeta de balotes, algo que compet\u00eda en emoci\u00f3n coa navalli\u00f1a portuguesa que me regalara o meu av\u00f3. Evidentemente, os dous aniversarios est\u00e1n separados por m\u00e1is de corenta anos, pero a diferenza fundamental sospeito que \u00e9 a da perspectiva dos pais e o sentido com\u00fan. Os da nena americana gravan o momento e est\u00e1n cheos de orgullo. Os meus, pola contra, torcen o foci\u00f1o porque non lles fai ningunha graza o agasallo dese meu t\u00edo que ten sona de tolitates. Reco\u00f1ezo que durante uns d\u00edas intentei matar paxaros coma unha prolongaci\u00f3n da fantas\u00eda das pel\u00edculas do Oeste que viamos no cine, pero deixei de o facer axi\u00f1a en canto unha rapaza que me gustaba moito me chamou salvaxe. Man de santo.<\/p>\n<p>&nbsp;<\/p>\n","protected":false},"excerpt":{"rendered":"<p>Ant\u00f3n Riveiro Coello.\u00a0Unha vez m\u00e1is, miles de estudantes saen \u00e1s r\u00faas en Estados Unidos, desta volta para honrar as v\u00edtimas da matanza de Parkland, acontecida hai pouco m\u00e1is dun mes, e sobre todo para esixir m\u00e1is control no acceso \u00e1s armas. A senadora e l\u00edder dem\u00f3crata Elisabeth Warren int\u00fae que estes mozos est\u00e1n aqu\u00ed para &hellip; <a href=\"http:\/\/cafebarbantia.barbantia.es\/?p=9068\" class=\"more-link\">Seguir lendo <span class=\"screen-reader-text\">Salvaxes<\/span> <span class=\"meta-nav\">&rarr;<\/span><\/a><\/p>\n","protected":false},"author":1,"featured_media":0,"comment_status":"open","ping_status":"closed","sticky":false,"template":"","format":"standard","meta":{"_bbp_topic_count":0,"_bbp_reply_count":0,"_bbp_total_topic_count":0,"_bbp_total_reply_count":0,"_bbp_voice_count":0,"_bbp_anonymous_reply_count":0,"_bbp_topic_count_hidden":0,"_bbp_reply_count_hidden":0,"_bbp_forum_subforum_count":0,"_exactmetrics_skip_tracking":false,"_exactmetrics_sitenote_active":false,"_exactmetrics_sitenote_note":"","_exactmetrics_sitenote_category":0,"_monsterinsights_skip_tracking":false,"_monsterinsights_sitenote_active":false,"_monsterinsights_sitenote_note":"","_monsterinsights_sitenote_category":0},"categories":[13,7,9],"tags":[],"aioseo_notices":[],"_links":{"self":[{"href":"http:\/\/cafebarbantia.barbantia.es\/index.php?rest_route=\/wp\/v2\/posts\/9068"}],"collection":[{"href":"http:\/\/cafebarbantia.barbantia.es\/index.php?rest_route=\/wp\/v2\/posts"}],"about":[{"href":"http:\/\/cafebarbantia.barbantia.es\/index.php?rest_route=\/wp\/v2\/types\/post"}],"author":[{"embeddable":true,"href":"http:\/\/cafebarbantia.barbantia.es\/index.php?rest_route=\/wp\/v2\/users\/1"}],"replies":[{"embeddable":true,"href":"http:\/\/cafebarbantia.barbantia.es\/index.php?rest_route=%2Fwp%2Fv2%2Fcomments&post=9068"}],"version-history":[{"count":2,"href":"http:\/\/cafebarbantia.barbantia.es\/index.php?rest_route=\/wp\/v2\/posts\/9068\/revisions"}],"predecessor-version":[{"id":9072,"href":"http:\/\/cafebarbantia.barbantia.es\/index.php?rest_route=\/wp\/v2\/posts\/9068\/revisions\/9072"}],"wp:attachment":[{"href":"http:\/\/cafebarbantia.barbantia.es\/index.php?rest_route=%2Fwp%2Fv2%2Fmedia&parent=9068"}],"wp:term":[{"taxonomy":"category","embeddable":true,"href":"http:\/\/cafebarbantia.barbantia.es\/index.php?rest_route=%2Fwp%2Fv2%2Fcategories&post=9068"},{"taxonomy":"post_tag","embeddable":true,"href":"http:\/\/cafebarbantia.barbantia.es\/index.php?rest_route=%2Fwp%2Fv2%2Ftags&post=9068"}],"curies":[{"name":"wp","href":"https:\/\/api.w.org\/{rel}","templated":true}]}}