{"id":9089,"date":"2018-05-01T06:00:52","date_gmt":"2018-05-01T06:00:52","guid":{"rendered":"http:\/\/cafebarbantia.barbantia.es\/?p=9089"},"modified":"2018-04-27T07:38:13","modified_gmt":"2018-04-27T07:38:13","slug":"galicia-e-os-galegos-na-poesia-castela-lxxxvi-miguel-de-barrios","status":"publish","type":"post","link":"http:\/\/cafebarbantia.barbantia.es\/?p=9089","title":{"rendered":"Galicia e os galegos na poes\u00eda castel\u00e1 LXXXVI. Miguel de Barrios"},"content":{"rendered":"<p lang=\"gl-ES\" align=\"justify\"><i><b><a href=\"http:\/\/cafebarbantia.barbantia.es\/wp-content\/uploads\/2018\/04\/MIGUELBARRIOS.jpg\"><img decoding=\"async\" loading=\"lazy\" class=\"alignleft size-medium wp-image-9090\" alt=\"MIGUELBARRIOS\" src=\"http:\/\/cafebarbantia.barbantia.es\/wp-content\/uploads\/2018\/04\/MIGUELBARRIOS-193x300.jpg\" width=\"193\" height=\"300\" srcset=\"http:\/\/cafebarbantia.barbantia.es\/wp-content\/uploads\/2018\/04\/MIGUELBARRIOS-193x300.jpg 193w, http:\/\/cafebarbantia.barbantia.es\/wp-content\/uploads\/2018\/04\/MIGUELBARRIOS.jpg 300w\" sizes=\"(max-width: 193px) 100vw, 193px\" \/><\/a>Rom\u00e1n Ar\u00e9n.<\/b><\/i> Non \u00e9 moi ampla a n\u00f3mina de escritores espa\u00f1ois xudeus entre a expulsi\u00f3n de 1492 e o s\u00e9culo XIX. Os que se poden citar son conversos como Fernando de Rojas ou Tareixa de Xes\u00fas. Xa no s\u00e9culo XX aparecen alg\u00fans nomes, produto de orixe estranxeira que asumiron a condici\u00f3n de espa\u00f1ois: M\u00e1ximo J. Kahn ou Max Aub. Outros, como Bleiberg, eran de li\u00f1axe xud\u00eda, a\u00ednda que naceran en Espa\u00f1a, como tam\u00e9n \u00e9 o caso de Cansinos-Assens.\u00a0Un caso diferente foi no s\u00e9culo XVII, o de Miguel Barrios, que tivo que refuxiarse en Amsterdam e que ti\u00f1a por nome verdadeiro o de David Levi. Foi bo poeta e est\u00e1 de novo nalgunhas antolox\u00edas. <!--more-->En 1672 publicou en Bruxelas o libro <i>Coro de las Musas,<\/i> que cont\u00e9n a \u201cDescripci\u00f3n del Reino de Galicia\u201d:<\/p>\n<p lang=\"gl-ES\" align=\"justify\">De sus \u00e1speras cumbres se desata \/ el \u00e1ureo Mi\u00f1o, proceloso y cano, \/con los soberbios r\u00edos que en s\u00ed ata \/ para dar su tributo al Oceano; \/ del bermell\u00f3n de que su undosa plata \/ abunda, adquiere nombre soberano; \/ siguen Eume, Ulla, T\u00e1mara, Mandeo \/ y Lima, que se pasa al Uliseo.<\/p>\n","protected":false},"excerpt":{"rendered":"<p>Rom\u00e1n Ar\u00e9n. Non \u00e9 moi ampla a n\u00f3mina de escritores espa\u00f1ois xudeus entre a expulsi\u00f3n de 1492 e o s\u00e9culo XIX. Os que se poden citar son conversos como Fernando de Rojas ou Tareixa de Xes\u00fas. Xa no s\u00e9culo XX aparecen alg\u00fans nomes, produto de orixe estranxeira que asumiron a condici\u00f3n de espa\u00f1ois: M\u00e1ximo J. &hellip; <a href=\"http:\/\/cafebarbantia.barbantia.es\/?p=9089\" class=\"more-link\">Seguir lendo <span class=\"screen-reader-text\">Galicia e os galegos na poes\u00eda castel\u00e1 LXXXVI. Miguel de Barrios<\/span> <span class=\"meta-nav\">&rarr;<\/span><\/a><\/p>\n","protected":false},"author":1,"featured_media":0,"comment_status":"open","ping_status":"closed","sticky":false,"template":"","format":"standard","meta":{"_bbp_topic_count":0,"_bbp_reply_count":0,"_bbp_total_topic_count":0,"_bbp_total_reply_count":0,"_bbp_voice_count":0,"_bbp_anonymous_reply_count":0,"_bbp_topic_count_hidden":0,"_bbp_reply_count_hidden":0,"_bbp_forum_subforum_count":0,"_exactmetrics_skip_tracking":false,"_exactmetrics_sitenote_active":false,"_exactmetrics_sitenote_note":"","_exactmetrics_sitenote_category":0,"_monsterinsights_skip_tracking":false,"_monsterinsights_sitenote_active":false,"_monsterinsights_sitenote_note":"","_monsterinsights_sitenote_category":0},"categories":[7,10,28],"tags":[],"aioseo_notices":[],"_links":{"self":[{"href":"http:\/\/cafebarbantia.barbantia.es\/index.php?rest_route=\/wp\/v2\/posts\/9089"}],"collection":[{"href":"http:\/\/cafebarbantia.barbantia.es\/index.php?rest_route=\/wp\/v2\/posts"}],"about":[{"href":"http:\/\/cafebarbantia.barbantia.es\/index.php?rest_route=\/wp\/v2\/types\/post"}],"author":[{"embeddable":true,"href":"http:\/\/cafebarbantia.barbantia.es\/index.php?rest_route=\/wp\/v2\/users\/1"}],"replies":[{"embeddable":true,"href":"http:\/\/cafebarbantia.barbantia.es\/index.php?rest_route=%2Fwp%2Fv2%2Fcomments&post=9089"}],"version-history":[{"count":1,"href":"http:\/\/cafebarbantia.barbantia.es\/index.php?rest_route=\/wp\/v2\/posts\/9089\/revisions"}],"predecessor-version":[{"id":9091,"href":"http:\/\/cafebarbantia.barbantia.es\/index.php?rest_route=\/wp\/v2\/posts\/9089\/revisions\/9091"}],"wp:attachment":[{"href":"http:\/\/cafebarbantia.barbantia.es\/index.php?rest_route=%2Fwp%2Fv2%2Fmedia&parent=9089"}],"wp:term":[{"taxonomy":"category","embeddable":true,"href":"http:\/\/cafebarbantia.barbantia.es\/index.php?rest_route=%2Fwp%2Fv2%2Fcategories&post=9089"},{"taxonomy":"post_tag","embeddable":true,"href":"http:\/\/cafebarbantia.barbantia.es\/index.php?rest_route=%2Fwp%2Fv2%2Ftags&post=9089"}],"curies":[{"name":"wp","href":"https:\/\/api.w.org\/{rel}","templated":true}]}}