{"id":9092,"date":"2018-05-08T06:00:36","date_gmt":"2018-05-08T06:00:36","guid":{"rendered":"http:\/\/cafebarbantia.barbantia.es\/?p=9092"},"modified":"2018-04-27T07:45:03","modified_gmt":"2018-04-27T07:45:03","slug":"galicia-e-os-galegos-na-poesia-castela-lxxxvii-larra","status":"publish","type":"post","link":"http:\/\/cafebarbantia.barbantia.es\/?p=9092","title":{"rendered":"Galicia e os galegos na poes\u00eda castel\u00e1 LXXXVII. Larra"},"content":{"rendered":"<p lang=\"gl-ES\" align=\"justify\"><i><b><a href=\"http:\/\/cafebarbantia.barbantia.es\/wp-content\/uploads\/2018\/04\/larra.jpg\"><img decoding=\"async\" loading=\"lazy\" class=\"alignright size-medium wp-image-9093\" alt=\"larra\" src=\"http:\/\/cafebarbantia.barbantia.es\/wp-content\/uploads\/2018\/04\/larra-185x300.jpg\" width=\"185\" height=\"300\" srcset=\"http:\/\/cafebarbantia.barbantia.es\/wp-content\/uploads\/2018\/04\/larra-185x300.jpg 185w, http:\/\/cafebarbantia.barbantia.es\/wp-content\/uploads\/2018\/04\/larra.jpg 240w\" sizes=\"(max-width: 185px) 100vw, 185px\" \/><\/a>Rom\u00e1n Ar\u00e9n.<\/b><\/i> Recolle Alonso Montero unha frase terrible de Larra que di que o galego \u201ces un animal muy parecido al hombre para alivio del asno\u201d. Tomouna de A. Mosquera, que a reproduciu en &lt;La Ilustraci\u00f3n Gallega y Asturiana&gt; no artigo \u201cLos gallegos en Madrid\u201d, de 1879. Para n\u00f3s Larra \u00e9, sobre todo, o autor de artigos de costumes; foi tam\u00e9n dramaturgo e novelista e recolleu a lenda do poeta galego Mac\u00edas en <i>El doncel del Enrique el Doliente <\/i>e no drama <i>Mac\u00edas,<\/i> pero a acci\u00f3n non ocorre en Galicia e o noso pa\u00eds \u00e9, pouco menos, que unha referencia abstracta.\u00a0Pero Larra, tan duro cos galegos, foi tam\u00e9n poeta (pouco) e gozou da protecci\u00f3n dun galego, moi poderoso no Madrid fernandino, Manuel Fern\u00e1ndez Varela, Comisario da Cruzada, Bula e Excusado, moi vencellado \u00e1 Pobra do Carami\u00f1al.<!--more--><\/p>\n<p lang=\"gl-ES\" align=\"justify\">E como quen paga, manda, Larra adicoulle unha oda, chea de dirirambos, pero na que aparece Galicia:<\/p>\n<p lang=\"gl-ES\" align=\"justify\">Blandas m\u00e1rgenes del Mi\u00f1o \/ que vist\u00e9is brillar la aurora \/ que \u00e1 las ninfas de Hipocrene \/ ser\u00e1 de eternal memoria, \/ las que en su cuna ce\u00f1isteis \/ las guirnaldas olorosas \/ del nuevo blas\u00f3n de Espa\u00f1a \/ a la frente brilladora&#8230;<\/p>\n<p lang=\"gl-ES\" align=\"justify\">A fronte que brilla \u00e9 Fern\u00e1ndez Varela, que non se criou nas beiras do Mi\u00f1o sen\u00f3n nas da r\u00eda de Arousa, pero aqu\u00ed Mi\u00f1o \u00e9 sin\u00e9cdoque por Galicia. A oda est\u00e1 datada o primeiro de xaneiro de 1830.<\/p>\n","protected":false},"excerpt":{"rendered":"<p>Rom\u00e1n Ar\u00e9n. Recolle Alonso Montero unha frase terrible de Larra que di que o galego \u201ces un animal muy parecido al hombre para alivio del asno\u201d. Tomouna de A. Mosquera, que a reproduciu en &lt;La Ilustraci\u00f3n Gallega y Asturiana&gt; no artigo \u201cLos gallegos en Madrid\u201d, de 1879. Para n\u00f3s Larra \u00e9, sobre todo, o autor &hellip; <a href=\"http:\/\/cafebarbantia.barbantia.es\/?p=9092\" class=\"more-link\">Seguir lendo <span class=\"screen-reader-text\">Galicia e os galegos na poes\u00eda castel\u00e1 LXXXVII. Larra<\/span> <span class=\"meta-nav\">&rarr;<\/span><\/a><\/p>\n","protected":false},"author":1,"featured_media":0,"comment_status":"open","ping_status":"closed","sticky":false,"template":"","format":"standard","meta":{"_bbp_topic_count":0,"_bbp_reply_count":0,"_bbp_total_topic_count":0,"_bbp_total_reply_count":0,"_bbp_voice_count":0,"_bbp_anonymous_reply_count":0,"_bbp_topic_count_hidden":0,"_bbp_reply_count_hidden":0,"_bbp_forum_subforum_count":0,"_exactmetrics_skip_tracking":false,"_exactmetrics_sitenote_active":false,"_exactmetrics_sitenote_note":"","_exactmetrics_sitenote_category":0,"_monsterinsights_skip_tracking":false,"_monsterinsights_sitenote_active":false,"_monsterinsights_sitenote_note":"","_monsterinsights_sitenote_category":0},"categories":[7,10,28],"tags":[],"aioseo_notices":[],"_links":{"self":[{"href":"http:\/\/cafebarbantia.barbantia.es\/index.php?rest_route=\/wp\/v2\/posts\/9092"}],"collection":[{"href":"http:\/\/cafebarbantia.barbantia.es\/index.php?rest_route=\/wp\/v2\/posts"}],"about":[{"href":"http:\/\/cafebarbantia.barbantia.es\/index.php?rest_route=\/wp\/v2\/types\/post"}],"author":[{"embeddable":true,"href":"http:\/\/cafebarbantia.barbantia.es\/index.php?rest_route=\/wp\/v2\/users\/1"}],"replies":[{"embeddable":true,"href":"http:\/\/cafebarbantia.barbantia.es\/index.php?rest_route=%2Fwp%2Fv2%2Fcomments&post=9092"}],"version-history":[{"count":1,"href":"http:\/\/cafebarbantia.barbantia.es\/index.php?rest_route=\/wp\/v2\/posts\/9092\/revisions"}],"predecessor-version":[{"id":9094,"href":"http:\/\/cafebarbantia.barbantia.es\/index.php?rest_route=\/wp\/v2\/posts\/9092\/revisions\/9094"}],"wp:attachment":[{"href":"http:\/\/cafebarbantia.barbantia.es\/index.php?rest_route=%2Fwp%2Fv2%2Fmedia&parent=9092"}],"wp:term":[{"taxonomy":"category","embeddable":true,"href":"http:\/\/cafebarbantia.barbantia.es\/index.php?rest_route=%2Fwp%2Fv2%2Fcategories&post=9092"},{"taxonomy":"post_tag","embeddable":true,"href":"http:\/\/cafebarbantia.barbantia.es\/index.php?rest_route=%2Fwp%2Fv2%2Ftags&post=9092"}],"curies":[{"name":"wp","href":"https:\/\/api.w.org\/{rel}","templated":true}]}}