{"id":9120,"date":"2018-05-06T06:00:07","date_gmt":"2018-05-06T06:00:07","guid":{"rendered":"http:\/\/cafebarbantia.barbantia.es\/?p=9120"},"modified":"2018-04-27T07:35:23","modified_gmt":"2018-04-27T07:35:23","slug":"de-retiros-e-cenorias","status":"publish","type":"post","link":"http:\/\/cafebarbantia.barbantia.es\/?p=9120","title":{"rendered":"De retiros e cenorias"},"content":{"rendered":"<p align=\"justify\"><a href=\"http:\/\/cafebarbantia.barbantia.es\/wp-content\/uploads\/2018\/04\/CONEJOZANAHORIA.jpg\"><img decoding=\"async\" loading=\"lazy\" class=\"alignright size-medium wp-image-9121\" alt=\"CONEJOZANAHORIA\" src=\"http:\/\/cafebarbantia.barbantia.es\/wp-content\/uploads\/2018\/04\/CONEJOZANAHORIA-300x192.jpg\" width=\"300\" height=\"192\" srcset=\"http:\/\/cafebarbantia.barbantia.es\/wp-content\/uploads\/2018\/04\/CONEJOZANAHORIA-300x192.jpg 300w, http:\/\/cafebarbantia.barbantia.es\/wp-content\/uploads\/2018\/04\/CONEJOZANAHORIA-900x578.jpg 900w, http:\/\/cafebarbantia.barbantia.es\/wp-content\/uploads\/2018\/04\/CONEJOZANAHORIA.jpg 960w\" sizes=\"(max-width: 300px) 100vw, 300px\" \/><\/a><em><strong>Ant\u00f3n Riveiro Coello.\u00a0<\/strong><\/em>E chegou a cenoria. Veremos se isto frea as demandas dos xubilados que lle colleron o pulso ao goberno. Moitos dos meus mellores amigos xa est\u00e1n retirados e, mentres eles reclaman con raz\u00f3n unha suba, outros facemos c\u00e1lculos de futuro porque as previsi\u00f3ns de aqu\u00ed a unha ducia de anos non son optimistas. <!--more-->Esta visi\u00f3n de cat\u00e1strofe xa a viv\u00edn hai vinte anos cando o conserxe dun instituto no que eu traballaba non deixaba de se laiar do mal que estaban as cousas de cara \u00e1 s\u00faa xubilaci\u00f3n. O curioso \u00e9 que el non fundamentaba as s\u00faas queixas na inversi\u00f3n da pir\u00e1mide sen\u00f3n nas viaxes do INSERSO que, segundo el, eran unha toler\u00eda. Unha e outra vez p\u00fa\u00f1ase nas nubes por ese gasto innecesario. Nin que dicir ten que este home non ti\u00f1a al\u00e1 moitos amigos.<\/p>\n<p align=\"justify\">Como son escritor, \u00e9 dicir, un curioso profesional, non hai moito preguntei por este home e souben que agora goza da s\u00faa xubilaci\u00f3n e seica non perde unha excursi\u00f3n subvencionada. Non preciso de moita imaxinaci\u00f3n para o ver protestando nos autobuses e mesmo na cabeceira das manifestaci\u00f3ns. Encantar\u00edame sentar ao seu car\u00f3n para lle lembrar algunha das s\u00faas sentencias insolidarias.<a href=\"http:\/\/cafebarbantia.barbantia.es\/wp-content\/uploads\/2018\/04\/Pensiones-Non-hai-cartos.jpg\"><img decoding=\"async\" loading=\"lazy\" class=\"alignleft size-medium wp-image-9123\" alt=\"Pensiones-Non-hai-cartos\" src=\"http:\/\/cafebarbantia.barbantia.es\/wp-content\/uploads\/2018\/04\/Pensiones-Non-hai-cartos-300x225.jpg\" width=\"300\" height=\"225\" srcset=\"http:\/\/cafebarbantia.barbantia.es\/wp-content\/uploads\/2018\/04\/Pensiones-Non-hai-cartos-300x225.jpg 300w, http:\/\/cafebarbantia.barbantia.es\/wp-content\/uploads\/2018\/04\/Pensiones-Non-hai-cartos-1024x768.jpg 1024w, http:\/\/cafebarbantia.barbantia.es\/wp-content\/uploads\/2018\/04\/Pensiones-Non-hai-cartos-900x675.jpg 900w\" sizes=\"(max-width: 300px) 100vw, 300px\" \/><\/a> Seguro que alegar\u00eda que el non fixera ben o c\u00e1lculo e agoirar\u00edame os problemas para min. E talvez tivese raz\u00f3n. O que nunca lle perdoarei \u00e9 ese desprezo que amosaba diante de xeraci\u00f3ns que o precederan e que merec\u00edan m\u00e1is ca el unha boa xubilaci\u00f3n. Eu non te\u00f1o pr\u00e9sa polo retiro, como tampouco a ti\u00f1a unha mestra \u00e1 que, por un erro administrativo, lle puxeran un ano de m\u00e1is na Conseller\u00eda. O gran Pepe Agrelo, que daquela era o seu director, anim\u00e1baa a que non dixese nada porque, as\u00ed, adiantaba o retiro. E ela, toda chea de raz\u00f3n, rexeitaba esa proposta porque dese xeito ela tam\u00e9n morrer\u00eda un ano antes.<\/p>\n","protected":false},"excerpt":{"rendered":"<p>Ant\u00f3n Riveiro Coello.\u00a0E chegou a cenoria. Veremos se isto frea as demandas dos xubilados que lle colleron o pulso ao goberno. Moitos dos meus mellores amigos xa est\u00e1n retirados e, mentres eles reclaman con raz\u00f3n unha suba, outros facemos c\u00e1lculos de futuro porque as previsi\u00f3ns de aqu\u00ed a unha ducia de anos non son optimistas.<\/p>\n","protected":false},"author":1,"featured_media":0,"comment_status":"open","ping_status":"closed","sticky":false,"template":"","format":"standard","meta":{"_bbp_topic_count":0,"_bbp_reply_count":0,"_bbp_total_topic_count":0,"_bbp_total_reply_count":0,"_bbp_voice_count":0,"_bbp_anonymous_reply_count":0,"_bbp_topic_count_hidden":0,"_bbp_reply_count_hidden":0,"_bbp_forum_subforum_count":0,"_exactmetrics_skip_tracking":false,"_exactmetrics_sitenote_active":false,"_exactmetrics_sitenote_note":"","_exactmetrics_sitenote_category":0,"_monsterinsights_skip_tracking":false,"_monsterinsights_sitenote_active":false,"_monsterinsights_sitenote_note":"","_monsterinsights_sitenote_category":0},"categories":[13,9],"tags":[],"aioseo_notices":[],"_links":{"self":[{"href":"http:\/\/cafebarbantia.barbantia.es\/index.php?rest_route=\/wp\/v2\/posts\/9120"}],"collection":[{"href":"http:\/\/cafebarbantia.barbantia.es\/index.php?rest_route=\/wp\/v2\/posts"}],"about":[{"href":"http:\/\/cafebarbantia.barbantia.es\/index.php?rest_route=\/wp\/v2\/types\/post"}],"author":[{"embeddable":true,"href":"http:\/\/cafebarbantia.barbantia.es\/index.php?rest_route=\/wp\/v2\/users\/1"}],"replies":[{"embeddable":true,"href":"http:\/\/cafebarbantia.barbantia.es\/index.php?rest_route=%2Fwp%2Fv2%2Fcomments&post=9120"}],"version-history":[{"count":3,"href":"http:\/\/cafebarbantia.barbantia.es\/index.php?rest_route=\/wp\/v2\/posts\/9120\/revisions"}],"predecessor-version":[{"id":9153,"href":"http:\/\/cafebarbantia.barbantia.es\/index.php?rest_route=\/wp\/v2\/posts\/9120\/revisions\/9153"}],"wp:attachment":[{"href":"http:\/\/cafebarbantia.barbantia.es\/index.php?rest_route=%2Fwp%2Fv2%2Fmedia&parent=9120"}],"wp:term":[{"taxonomy":"category","embeddable":true,"href":"http:\/\/cafebarbantia.barbantia.es\/index.php?rest_route=%2Fwp%2Fv2%2Fcategories&post=9120"},{"taxonomy":"post_tag","embeddable":true,"href":"http:\/\/cafebarbantia.barbantia.es\/index.php?rest_route=%2Fwp%2Fv2%2Ftags&post=9120"}],"curies":[{"name":"wp","href":"https:\/\/api.w.org\/{rel}","templated":true}]}}