{"id":914,"date":"2014-04-16T03:25:30","date_gmt":"2014-04-16T03:25:30","guid":{"rendered":"http:\/\/cafebarbantia.barbantia.es\/?p=914"},"modified":"2014-04-16T03:25:30","modified_gmt":"2014-04-16T03:25:30","slug":"benditos-temporais","status":"publish","type":"post","link":"http:\/\/cafebarbantia.barbantia.es\/?p=914","title":{"rendered":"Benditos temporais"},"content":{"rendered":"<figure id=\"attachment_953\" aria-describedby=\"caption-attachment-953\" style=\"width: 300px\" class=\"wp-caption alignleft\"><a href=\"http:\/\/cafebarbantia.barbantia.es\/wp-content\/uploads\/2014\/04\/temporal-alberto-aja.jpg\"><img decoding=\"async\" loading=\"lazy\" class=\"size-medium wp-image-953 \" alt=\"Foto: Alberto Aja\" src=\"http:\/\/cafebarbantia.barbantia.es\/wp-content\/uploads\/2014\/04\/temporal-alberto-aja-300x203.jpg\" width=\"300\" height=\"203\" srcset=\"http:\/\/cafebarbantia.barbantia.es\/wp-content\/uploads\/2014\/04\/temporal-alberto-aja-300x203.jpg 300w, http:\/\/cafebarbantia.barbantia.es\/wp-content\/uploads\/2014\/04\/temporal-alberto-aja.jpg 600w\" sizes=\"(max-width: 300px) 100vw, 300px\" \/><\/a><figcaption id=\"caption-attachment-953\" class=\"wp-caption-text\">Foto: Alberto Aja<\/figcaption><\/figure>\n<p style=\"text-align: justify;\"><em><strong>X. Ricardo Losada.<\/strong><\/em> Din os periodistas que se un can morde a unha persoa non \u00e9 noticia, a noticia \u00e9 que unha persoa morda a un can. Ent\u00f3n, como \u00e9 posible que o mes pasado La Voz de Galicia publicase en portada: \u00abGalicia agarda unha semana de sol tras tres meses de chuvia\u00bb, como se chover en Galicia no inverno fose unha gran noticia? S\u00f3 hai unha explicaci\u00f3n. Hoxe os galegos renegamos da chuvia.<!--more--> De feito, hai uns anos os meteor\u00f3logos prognostic\u00e1ronnos un clima mediterr\u00e1neo e, nun pa\u00eds que se gaba de ter mil r\u00edos, ningu\u00e9n se manifestou esixindo medidas para evitalo. Nin sequera os nacionalistas. Iso que nun clima como o de Benidorm o emblem\u00e1tico dito de Castelao \u00abmexan por n\u00f3s e temos que dicir que chove\u00bb, perder\u00eda todo sentido \u00e9pico.<\/p>\n<p style=\"text-align: justify;\">Nunca houbo tantos temporais como este ano, \u00e9 certo, pero iso non xustifica tal aversi\u00f3n pluviom\u00e9trica. Tendo en conta, ademais, que a causa non \u00e9 meteorol\u00f3xica, sen\u00f3n ling\u00fc\u00edstica. Como din alg\u00fans fil\u00f3sofos, o nome determina a esencia da cousa. Cando Leonardo da Vinci inventou a palabra submarino, non exist\u00eda ning\u00fan, pero cando se inventou o primeiro, non lle quedou outra que navegar por debaixo do mar, como esixe o seu nome. \u00c9 algo que tam\u00e9n saben os pais galegos. Renegando de nomes como Xan ou Maruxa e p\u00f3ndolles Jonathan ou Jennifer aos fillos, garanten que nazan co ingl\u00e9s aprendido e traballen nunha multinacional inform\u00e1tica. Probade. Se a un tipo con fama de lelo lle chamades masa encef\u00e1lica, como lle dic\u00edan a Ortega e Gasset, s\u00e1elle cara de sabio.<\/p>\n<figure id=\"attachment_952\" aria-describedby=\"caption-attachment-952\" style=\"width: 300px\" class=\"wp-caption alignright\"><a href=\"http:\/\/cafebarbantia.barbantia.es\/wp-content\/uploads\/2014\/04\/temporal-1.jpg\"><img decoding=\"async\" loading=\"lazy\" class=\"size-medium wp-image-952 \" alt=\"Foto: Cabalar\" src=\"http:\/\/cafebarbantia.barbantia.es\/wp-content\/uploads\/2014\/04\/temporal-1-300x158.jpg\" width=\"300\" height=\"158\" srcset=\"http:\/\/cafebarbantia.barbantia.es\/wp-content\/uploads\/2014\/04\/temporal-1-300x158.jpg 300w, http:\/\/cafebarbantia.barbantia.es\/wp-content\/uploads\/2014\/04\/temporal-1.jpg 600w\" sizes=\"(max-width: 300px) 100vw, 300px\" \/><\/a><figcaption id=\"caption-attachment-952\" class=\"wp-caption-text\">Foto: Cabalar<\/figcaption><\/figure>\n<p style=\"text-align: justify;\">Pasa o mesmo cos fen\u00f3menos meteorol\u00f3xicos. Se a un deles lle chamas temporal, pois \u00e9 temporal, non permanente. Agora se a ese mesmo fen\u00f3meno lle chamas ciclox\u00e9nese, pois volve unha vez e outra (ciclo) a comezar (x\u00e9nese). \u00c9 como se vas a Outeiro e te sorprendes de que non haxa neve permanente. A palabra Outeiro es\u00edxelle \u00e1 realidade Outeiro que non neve. Se ademais a ciclox\u00e9nese lle engades explosiva, non vai ser menos que a dinamita. A un temporal, para obedecer o seu nome, ch\u00e9galle con facer marchar a luz e zoar o vento. Unha ciclox\u00e9nese explosiva ten que deixar cad\u00e1veres e peiraos desfeitos.<\/p>\n","protected":false},"excerpt":{"rendered":"<p>X. Ricardo Losada. Din os periodistas que se un can morde a unha persoa non \u00e9 noticia, a noticia \u00e9 que unha persoa morda a un can. Ent\u00f3n, como \u00e9 posible que o mes pasado La Voz de Galicia publicase en portada: \u00abGalicia agarda unha semana de sol tras tres meses de chuvia\u00bb, como se &hellip; <a href=\"http:\/\/cafebarbantia.barbantia.es\/?p=914\" class=\"more-link\">Seguir lendo <span class=\"screen-reader-text\">Benditos temporais<\/span> <span class=\"meta-nav\">&rarr;<\/span><\/a><\/p>\n","protected":false},"author":1,"featured_media":0,"comment_status":"open","ping_status":"closed","sticky":false,"template":"","format":"standard","meta":{"_bbp_topic_count":0,"_bbp_reply_count":0,"_bbp_total_topic_count":0,"_bbp_total_reply_count":0,"_bbp_voice_count":0,"_bbp_anonymous_reply_count":0,"_bbp_topic_count_hidden":0,"_bbp_reply_count_hidden":0,"_bbp_forum_subforum_count":0,"_exactmetrics_skip_tracking":false,"_exactmetrics_sitenote_active":false,"_exactmetrics_sitenote_note":"","_exactmetrics_sitenote_category":0,"_monsterinsights_skip_tracking":false,"_monsterinsights_sitenote_active":false,"_monsterinsights_sitenote_note":"","_monsterinsights_sitenote_category":0},"categories":[7,26],"tags":[],"aioseo_notices":[],"_links":{"self":[{"href":"http:\/\/cafebarbantia.barbantia.es\/index.php?rest_route=\/wp\/v2\/posts\/914"}],"collection":[{"href":"http:\/\/cafebarbantia.barbantia.es\/index.php?rest_route=\/wp\/v2\/posts"}],"about":[{"href":"http:\/\/cafebarbantia.barbantia.es\/index.php?rest_route=\/wp\/v2\/types\/post"}],"author":[{"embeddable":true,"href":"http:\/\/cafebarbantia.barbantia.es\/index.php?rest_route=\/wp\/v2\/users\/1"}],"replies":[{"embeddable":true,"href":"http:\/\/cafebarbantia.barbantia.es\/index.php?rest_route=%2Fwp%2Fv2%2Fcomments&post=914"}],"version-history":[{"count":3,"href":"http:\/\/cafebarbantia.barbantia.es\/index.php?rest_route=\/wp\/v2\/posts\/914\/revisions"}],"predecessor-version":[{"id":1078,"href":"http:\/\/cafebarbantia.barbantia.es\/index.php?rest_route=\/wp\/v2\/posts\/914\/revisions\/1078"}],"wp:attachment":[{"href":"http:\/\/cafebarbantia.barbantia.es\/index.php?rest_route=%2Fwp%2Fv2%2Fmedia&parent=914"}],"wp:term":[{"taxonomy":"category","embeddable":true,"href":"http:\/\/cafebarbantia.barbantia.es\/index.php?rest_route=%2Fwp%2Fv2%2Fcategories&post=914"},{"taxonomy":"post_tag","embeddable":true,"href":"http:\/\/cafebarbantia.barbantia.es\/index.php?rest_route=%2Fwp%2Fv2%2Ftags&post=914"}],"curies":[{"name":"wp","href":"https:\/\/api.w.org\/{rel}","templated":true}]}}