{"id":9168,"date":"2018-05-12T06:00:55","date_gmt":"2018-05-12T06:00:55","guid":{"rendered":"http:\/\/cafebarbantia.barbantia.es\/?p=9168"},"modified":"2018-05-07T08:05:28","modified_gmt":"2018-05-07T08:05:28","slug":"mars-city","status":"publish","type":"post","link":"http:\/\/cafebarbantia.barbantia.es\/?p=9168","title":{"rendered":"Mars city"},"content":{"rendered":"<p style=\"text-align: justify;\"><em><strong><a href=\"http:\/\/cafebarbantia.barbantia.es\/wp-content\/uploads\/2018\/04\/mars_blue_2.jpg\"><img decoding=\"async\" loading=\"lazy\" class=\"size-medium wp-image-9169 alignright\" alt=\"mars_blue_2\" src=\"http:\/\/cafebarbantia.barbantia.es\/wp-content\/uploads\/2018\/04\/mars_blue_2-300x168.jpg\" width=\"300\" height=\"168\" srcset=\"http:\/\/cafebarbantia.barbantia.es\/wp-content\/uploads\/2018\/04\/mars_blue_2-300x168.jpg 300w, http:\/\/cafebarbantia.barbantia.es\/wp-content\/uploads\/2018\/04\/mars_blue_2-900x506.jpg 900w, http:\/\/cafebarbantia.barbantia.es\/wp-content\/uploads\/2018\/04\/mars_blue_2.jpg 1000w\" sizes=\"(max-width: 300px) 100vw, 300px\" \/><\/a>Francisco Ant. Vidal Blanco. <\/strong><\/em>Unha vez m\u00e1is volvemos a darlle voltas \u00f3 asunto da conquista do espazo como se se tratase dunha emigraci\u00f3n \u00e1 que estamos destinados os terr\u00edcolas. E cando se fala deste asunto, o primeiro que nos v\u00e9n \u00e1 cabeza \u00e9 Marte e os marcianos. <!--more-->Certamente, desde os primeiros hom\u00ednidos ata hoxe en d\u00eda, \u00e9 condici\u00f3n da nosa especie superar horizontes, outear por encima da sebe e avanzar cara outras terras, por iso, que nos falen da conquista e repoboaci\u00f3n de outros planetas \u00e9 algo que se contempla como unha posibilidade, e de feito a viaxe a Marte xa est\u00e1 a\u00ed, \u00e1 volta da esquina, anunciada como unha excursi\u00f3n do Inserso, pero sen querer ser esc\u00e9ptico, outra cousa moi distinta \u00e9 habitalo e manterse al\u00ed por un tempo m\u00e1is ou menos longo.<\/p>\n<p style=\"text-align: justify;\">A diferenza de gravidade pode facernos resentir dos \u00f3sos m\u00e1is ca se vivimos nun pa\u00eds h\u00famido, logo est\u00e1 a falta de abono para a terra de quen pretenda cultivar algo e a maiores x\u00fantase a todo iso a falta de atmosfera, o buraco de ozono e a entrada directa de emisi\u00f3ns de raios UV e X que nos obrigar\u00e1n a vivir baixo teito e sa\u00edr a pasear co escafandro posto. Sen embargo, como vai nos xenes da nosa condici\u00f3n superar desaf\u00edos, a\u00ed temos \u00f3 arquitecto dinamarqu\u00e9s Bjarke Ingles, contratado polos Emiratos \u00c1rabes para constru\u00edr unha Mars Science City no deserto de Dubai. Toda unha cidade marciana aqu\u00ed na terra para ir probando, de cara a esa ansiada colonizaci\u00f3n que os \u00e1rabes estes agardan facer efectiva dentro de exactamente cen anos. Tr\u00e1tase de simular a vida no planeta veci\u00f1o dentro dunha serie de c\u00fapulas destinadas a albergar unha grande urbanizaci\u00f3n constru\u00edda con tecnolox\u00eda 3D e usando a mesma area do deserto.<\/p>\n<p style=\"text-align: justify;\"><a href=\"http:\/\/cafebarbantia.barbantia.es\/wp-content\/uploads\/2018\/04\/p-1-big-mars-science-city.jpg\"><img decoding=\"async\" loading=\"lazy\" class=\"size-medium wp-image-9170 alignleft\" alt=\"p-1-big-mars-science-city\" src=\"http:\/\/cafebarbantia.barbantia.es\/wp-content\/uploads\/2018\/04\/p-1-big-mars-science-city-300x168.jpg\" width=\"300\" height=\"168\" srcset=\"http:\/\/cafebarbantia.barbantia.es\/wp-content\/uploads\/2018\/04\/p-1-big-mars-science-city-300x168.jpg 300w, http:\/\/cafebarbantia.barbantia.es\/wp-content\/uploads\/2018\/04\/p-1-big-mars-science-city-1024x576.jpg 1024w, http:\/\/cafebarbantia.barbantia.es\/wp-content\/uploads\/2018\/04\/p-1-big-mars-science-city-900x506.jpg 900w, http:\/\/cafebarbantia.barbantia.es\/wp-content\/uploads\/2018\/04\/p-1-big-mars-science-city.jpg 1280w\" sizes=\"(max-width: 300px) 100vw, 300px\" \/><\/a>Xa sabemos que non \u00e9 a primeira vez que se fixeron experimentos deste tipo, concretamente en distintos lugares dos EE.UU. aparentando a colonizaci\u00f3n dun planeta ou da mesma L\u00faa, e cada pouco tam\u00e9n vemos como alg\u00fan millonario exc\u00e9ntrico se amosa ansioso por organizar viaxes tur\u00edsticos para dentro de tres ou catro anos. Pero unha cousa \u00e9 ir a Marte, sacar un<em>\u00a0selfie<\/em>\u00a0e volver, e outra moi diferente \u00e9 ficar al\u00ed e iniciar toda unha vida coma quen carga coa maleta da emigraci\u00f3n. F\u00e1ltalle moito \u00e1 tecnolox\u00eda e, sobre todo, f\u00e1ltalle moito \u00e1 nosa singular maneira de relacionarnos co medio.<\/p>\n<p style=\"text-align: justify;\">Mais, fantas\u00edas \u00e1 parte, o que si me atrae deste proxecto \u00e9 o desaf\u00edo construtivo que sup\u00f3n a idea deste arquitecto, procurando combinar o econ\u00f3mico co ambiental e o pr\u00e1ctico co fermoso, sen renunciar \u00e1 funci\u00f3n social que a s\u00faa disciplina ten en por si. A pesares de que, a d\u00eda de hoxe, tal e como se presentou este reto en distintos medios, todo ese conglomerado par\u00e9ceme m\u00e1is un parque tem\u00e1tico ca outra cousa.<\/p>\n<p style=\"text-align: justify;\">\u00c1 fin, tam\u00e9n el, a todo isto que semella un xogo, def\u00edneo como a ilusi\u00f3n dun cativo que querendo ser astronauta se fixo arquitecto, e agora combina o neno co home para lograr este desaf\u00edo a base de c\u00fapulas que se conectan entre si e dentro das que vai haber leiras, r\u00edos, museos, tendas e domicilios particulares nunha extensi\u00f3n de case douscentos mil metros cadrados no medio do deserto. Todo un centro comercial recibindo a luz do sol cribada polos pol\u00edmeros da c\u00fapula e cunha temperatura regulable. Supo\u00f1o, tam\u00e9n, que sen necesidade de usar paraugas ou antucas nin ter que mirar o calendario lunar ou a previsi\u00f3n do tempo para plantar as cebolas ou o ceboli\u00f1o.<\/p>\n","protected":false},"excerpt":{"rendered":"<p>Francisco Ant. Vidal Blanco. Unha vez m\u00e1is volvemos a darlle voltas \u00f3 asunto da conquista do espazo como se se tratase dunha emigraci\u00f3n \u00e1 que estamos destinados os terr\u00edcolas. E cando se fala deste asunto, o primeiro que nos v\u00e9n \u00e1 cabeza \u00e9 Marte e os marcianos.<\/p>\n","protected":false},"author":1,"featured_media":0,"comment_status":"open","ping_status":"closed","sticky":false,"template":"","format":"standard","meta":{"_bbp_topic_count":0,"_bbp_reply_count":0,"_bbp_total_topic_count":0,"_bbp_total_reply_count":0,"_bbp_voice_count":0,"_bbp_anonymous_reply_count":0,"_bbp_topic_count_hidden":0,"_bbp_reply_count_hidden":0,"_bbp_forum_subforum_count":0,"_exactmetrics_skip_tracking":false,"_exactmetrics_sitenote_active":false,"_exactmetrics_sitenote_note":"","_exactmetrics_sitenote_category":0,"_monsterinsights_skip_tracking":false,"_monsterinsights_sitenote_active":false,"_monsterinsights_sitenote_note":"","_monsterinsights_sitenote_category":0},"categories":[7,52,9],"tags":[],"aioseo_notices":[],"_links":{"self":[{"href":"http:\/\/cafebarbantia.barbantia.es\/index.php?rest_route=\/wp\/v2\/posts\/9168"}],"collection":[{"href":"http:\/\/cafebarbantia.barbantia.es\/index.php?rest_route=\/wp\/v2\/posts"}],"about":[{"href":"http:\/\/cafebarbantia.barbantia.es\/index.php?rest_route=\/wp\/v2\/types\/post"}],"author":[{"embeddable":true,"href":"http:\/\/cafebarbantia.barbantia.es\/index.php?rest_route=\/wp\/v2\/users\/1"}],"replies":[{"embeddable":true,"href":"http:\/\/cafebarbantia.barbantia.es\/index.php?rest_route=%2Fwp%2Fv2%2Fcomments&post=9168"}],"version-history":[{"count":3,"href":"http:\/\/cafebarbantia.barbantia.es\/index.php?rest_route=\/wp\/v2\/posts\/9168\/revisions"}],"predecessor-version":[{"id":9206,"href":"http:\/\/cafebarbantia.barbantia.es\/index.php?rest_route=\/wp\/v2\/posts\/9168\/revisions\/9206"}],"wp:attachment":[{"href":"http:\/\/cafebarbantia.barbantia.es\/index.php?rest_route=%2Fwp%2Fv2%2Fmedia&parent=9168"}],"wp:term":[{"taxonomy":"category","embeddable":true,"href":"http:\/\/cafebarbantia.barbantia.es\/index.php?rest_route=%2Fwp%2Fv2%2Fcategories&post=9168"},{"taxonomy":"post_tag","embeddable":true,"href":"http:\/\/cafebarbantia.barbantia.es\/index.php?rest_route=%2Fwp%2Fv2%2Ftags&post=9168"}],"curies":[{"name":"wp","href":"https:\/\/api.w.org\/{rel}","templated":true}]}}