{"id":9574,"date":"2018-07-28T06:00:39","date_gmt":"2018-07-28T06:00:39","guid":{"rendered":"http:\/\/cafebarbantia.barbantia.es\/?p=9574"},"modified":"2018-07-28T07:34:00","modified_gmt":"2018-07-28T07:34:00","slug":"dous-nenos-na-exposicion-de-paris-de-1898","status":"publish","type":"post","link":"http:\/\/cafebarbantia.barbantia.es\/?p=9574","title":{"rendered":"Dous nenos na Exposici\u00f3n de Par\u00eds de 1898"},"content":{"rendered":"<p style=\"text-align: justify;\"><i><a href=\"http:\/\/cafebarbantia.barbantia.es\/wp-content\/uploads\/2018\/07\/Expo-paris-1889.jpg\"><img decoding=\"async\" loading=\"lazy\" class=\"size-medium wp-image-9575 alignright\" alt=\"Expo paris 1889\" src=\"http:\/\/cafebarbantia.barbantia.es\/wp-content\/uploads\/2018\/07\/Expo-paris-1889-254x300.jpg\" width=\"254\" height=\"300\" srcset=\"http:\/\/cafebarbantia.barbantia.es\/wp-content\/uploads\/2018\/07\/Expo-paris-1889-254x300.jpg 254w, http:\/\/cafebarbantia.barbantia.es\/wp-content\/uploads\/2018\/07\/Expo-paris-1889.jpg 654w\" sizes=\"(max-width: 254px) 100vw, 254px\" \/><\/a><strong>Fidel Vidal.\u00a0<\/strong>Os recadros<\/i> de Azor\u00edn (Biblioteca Nueva, Madrid, 1965) \u00e9 unha \u201cedici\u00f3n homenaxe\u201d ao autor polo seu noventa aniversario que cont\u00e9n unha manchea de artigos tirados das p\u00e1xinas do ABC. Un deles, <i>Homenaxe Debido<\/i>, vai dedicado a Emilia Pardo Baz\u00e1n, \u201cunha homenaxe que lle debemos os espa\u00f1ois\u201d. Ambos autores co\u00f1ec\u00e9ronse en Madrid e mantiveron correspondencia. Azor\u00edn visitouna no \u201cent\u00f3n deshabitado\u201d pazo de Meir\u00e1s: \u201cQuere sabelo todo, t\u00e9ntaa, en San Francisco de As\u00eds, o misticismo\u201d, mesmo \u201cproba o naturalismo\u201d e ensaia \u201cun rexionalismo amplo e non exclusivo\u201d.<!--more--> Ao longo da s\u00faa obra e vida, Emilia conserva \u201cen todos os momentos unha \u00faltima nostalxia que a terra nativa lle imbu\u00edra; non a perder\u00e1 xamais. <i>Morri\u00f1a<\/i> \u00e9 o t\u00edtulo dunha das s\u00faas novelas\u201d.<\/p>\n<p style=\"text-align: justify;\">A continuaci\u00f3n, Azor\u00edn fai referencia \u00e1 reportaxe que Emilia Pardo Baz\u00e1n realizou sobre a Exposici\u00f3n Universal de Par\u00eds de 1898, coincidindo \u2013asunto pol\u00e9mico para unha parte dos parisienses- co aniversario da toma da Bastilla. \u201cCo\u00f1ezo a fondo e case palmo a palmo Par\u00eds\u201d, cidade na que ten asistido ao faladoiro de V\u00edctor Hugo. Se cita ese libro, <i>Ao p\u00e9 da torre Eiffel (cr\u00f3nicas da exposici\u00f3n)<\/i>, \u00e9 porque nel \u201cres\u00famense todas as calidades da Pardo Baz\u00e1n como prosista e observadora\u201d. Mais tam\u00e9n a valoraci\u00f3n cr\u00edtica de certos comportamentos da autora coru\u00f1esa con respecto dun conflito sufrido na s\u00faa viaxe desde Burdeos a Par\u00eds, pola folga dos cocheiros coa que se atopou ao chegar. \u201cQue esc\u00e1ndalo! Que abominaci\u00f3n!\u201d \u201cFalo deste lance\u201d, contin\u00faa o pulcro escritor Azor\u00edn, \u201cporque demostra a impresionabilidade, a irritabilidade de Emilia. <a href=\"http:\/\/cafebarbantia.barbantia.es\/wp-content\/uploads\/2018\/07\/0603d970002bcab8ad2cffa30770790d-emilia.jpg\"><img decoding=\"async\" loading=\"lazy\" class=\"size-medium wp-image-9576 alignleft\" alt=\"0603d970002bcab8ad2cffa30770790d--emilia\" src=\"http:\/\/cafebarbantia.barbantia.es\/wp-content\/uploads\/2018\/07\/0603d970002bcab8ad2cffa30770790d-emilia-246x300.jpg\" width=\"246\" height=\"300\" srcset=\"http:\/\/cafebarbantia.barbantia.es\/wp-content\/uploads\/2018\/07\/0603d970002bcab8ad2cffa30770790d-emilia-246x300.jpg 246w, http:\/\/cafebarbantia.barbantia.es\/wp-content\/uploads\/2018\/07\/0603d970002bcab8ad2cffa30770790d-emilia.jpg 735w\" sizes=\"(max-width: 246px) 100vw, 246px\" \/><\/a>Engado deseguido que, m\u00e1is adiante, Emilia comprende o seu desmando e esc\u00fasase; esc\u00fasase e di que os cocheiros de punto ti\u00f1an raz\u00f3n\u201d.<\/p>\n<p style=\"text-align: justify;\">Asistiu \u00e1 exposici\u00f3n acompa\u00f1ada de dous dos seus fillos, Jaime e Blanca, de trece e dez anos \u201cnon cumpridos\u201d. En relaci\u00f3n ao feito de levar con ela os fillos di: \u201cActualmente p\u00e9nsase moito en compracer, divertir e alegrar aos nenos: o noso s\u00e9culo consagra a eses abrochos de humanidade atenci\u00f3n preferent\u00edsima e culto idol\u00e1trico; mim\u00e1molos bastante, e enc\u00f3ntrase pracer en espertar as s\u00faas tenras imaxinaci\u00f3ns \u00e1 noci\u00f3n da vida e da arte, e facilit\u00e1moslles o cami\u00f1o das s\u00faas primeiras etapas. As\u00ed se explica que trouxese nada menos que \u00e1 Exposici\u00f3n parisiense a dous personaxes de trece e dez anos non cumpridos, e lles amose (coa ilusi\u00f3n de que non perdo o tempo) cadros, estatuas, bailes ex\u00f3ticos, instrumentos cient\u00edficos, teatros e xard\u00edns\u201d.<\/p>\n","protected":false},"excerpt":{"rendered":"<p>Fidel Vidal.\u00a0Os recadros de Azor\u00edn (Biblioteca Nueva, Madrid, 1965) \u00e9 unha \u201cedici\u00f3n homenaxe\u201d ao autor polo seu noventa aniversario que cont\u00e9n unha manchea de artigos tirados das p\u00e1xinas do ABC. Un deles, Homenaxe Debido, vai dedicado a Emilia Pardo Baz\u00e1n, \u201cunha homenaxe que lle debemos os espa\u00f1ois\u201d. Ambos autores co\u00f1ec\u00e9ronse en Madrid e mantiveron correspondencia. &hellip; <a href=\"http:\/\/cafebarbantia.barbantia.es\/?p=9574\" class=\"more-link\">Seguir lendo <span class=\"screen-reader-text\">Dous nenos na Exposici\u00f3n de Par\u00eds de 1898<\/span> <span class=\"meta-nav\">&rarr;<\/span><\/a><\/p>\n","protected":false},"author":1,"featured_media":0,"comment_status":"open","ping_status":"closed","sticky":false,"template":"","format":"standard","meta":{"_bbp_topic_count":0,"_bbp_reply_count":0,"_bbp_total_topic_count":0,"_bbp_total_reply_count":0,"_bbp_voice_count":0,"_bbp_anonymous_reply_count":0,"_bbp_topic_count_hidden":0,"_bbp_reply_count_hidden":0,"_bbp_forum_subforum_count":0,"_exactmetrics_skip_tracking":false,"_exactmetrics_sitenote_active":false,"_exactmetrics_sitenote_note":"","_exactmetrics_sitenote_category":0,"_monsterinsights_skip_tracking":false,"_monsterinsights_sitenote_active":false,"_monsterinsights_sitenote_note":"","_monsterinsights_sitenote_category":0},"categories":[4,7,65,9],"tags":[],"aioseo_notices":[],"_links":{"self":[{"href":"http:\/\/cafebarbantia.barbantia.es\/index.php?rest_route=\/wp\/v2\/posts\/9574"}],"collection":[{"href":"http:\/\/cafebarbantia.barbantia.es\/index.php?rest_route=\/wp\/v2\/posts"}],"about":[{"href":"http:\/\/cafebarbantia.barbantia.es\/index.php?rest_route=\/wp\/v2\/types\/post"}],"author":[{"embeddable":true,"href":"http:\/\/cafebarbantia.barbantia.es\/index.php?rest_route=\/wp\/v2\/users\/1"}],"replies":[{"embeddable":true,"href":"http:\/\/cafebarbantia.barbantia.es\/index.php?rest_route=%2Fwp%2Fv2%2Fcomments&post=9574"}],"version-history":[{"count":3,"href":"http:\/\/cafebarbantia.barbantia.es\/index.php?rest_route=\/wp\/v2\/posts\/9574\/revisions"}],"predecessor-version":[{"id":9579,"href":"http:\/\/cafebarbantia.barbantia.es\/index.php?rest_route=\/wp\/v2\/posts\/9574\/revisions\/9579"}],"wp:attachment":[{"href":"http:\/\/cafebarbantia.barbantia.es\/index.php?rest_route=%2Fwp%2Fv2%2Fmedia&parent=9574"}],"wp:term":[{"taxonomy":"category","embeddable":true,"href":"http:\/\/cafebarbantia.barbantia.es\/index.php?rest_route=%2Fwp%2Fv2%2Fcategories&post=9574"},{"taxonomy":"post_tag","embeddable":true,"href":"http:\/\/cafebarbantia.barbantia.es\/index.php?rest_route=%2Fwp%2Fv2%2Ftags&post=9574"}],"curies":[{"name":"wp","href":"https:\/\/api.w.org\/{rel}","templated":true}]}}