{"id":9582,"date":"2018-09-01T06:00:44","date_gmt":"2018-09-01T06:00:44","guid":{"rendered":"http:\/\/cafebarbantia.barbantia.es\/?p=9582"},"modified":"2018-08-23T11:53:11","modified_gmt":"2018-08-23T11:53:11","slug":"en-memoria-de-xesus-costa-rodil","status":"publish","type":"post","link":"http:\/\/cafebarbantia.barbantia.es\/?p=9582","title":{"rendered":"En memoria de Xes\u00fas Costa Rodil"},"content":{"rendered":"<p style=\"text-align: justify;\"><a href=\"http:\/\/cafebarbantia.barbantia.es\/wp-content\/uploads\/2018\/08\/costa.jpg\"><img decoding=\"async\" loading=\"lazy\" class=\"alignleft size-medium wp-image-9583\" alt=\"costa\" src=\"http:\/\/cafebarbantia.barbantia.es\/wp-content\/uploads\/2018\/08\/costa-300x200.jpg\" width=\"300\" height=\"200\" srcset=\"http:\/\/cafebarbantia.barbantia.es\/wp-content\/uploads\/2018\/08\/costa-300x200.jpg 300w, http:\/\/cafebarbantia.barbantia.es\/wp-content\/uploads\/2018\/08\/costa-1024x682.jpg 1024w, http:\/\/cafebarbantia.barbantia.es\/wp-content\/uploads\/2018\/08\/costa-900x600.jpg 900w\" sizes=\"(max-width: 300px) 100vw, 300px\" \/><\/a><em><strong>X. Ricardo Losada.\u00a0<\/strong><\/em>Non me gustan as persoas que cada vez que falan mostran, como os vellos cregos, a s\u00faa ideolox\u00eda. O mestre rianxeiro don Xes\u00fas Costa ti\u00f1a ese defecto. Pero no que en outros \u00e9 un costume insufrible, nel era un h\u00e1bito entra\u00f1able. Porque don Xes\u00fas, que sempre falaba desde uns esquemas mentais moi r\u00edxidos, era unha persoa coherente. <!--more-->Non era deses mestres que di estar comprometido co ensino p\u00fablico e cos alumnos desfavorecidos en abstracto, e que logo non se preocupa por saber se as causas do fracaso escolar est\u00e1n nun entorno social e familiar empobrecido. Don Xes\u00fas implic\u00e1base, mesmo se ti\u00f1a que fomentar actividades, como o balonm\u00e1n ou as excursi\u00f3ns pola contorna, que nada ti\u00f1an que ver coas s\u00faas obrigas profesionais. Alg\u00fans compa\u00f1eiros de instituto quedaban abraiados cando de s\u00fapeto algu\u00e9n petaba na porta da aula e chegaba don Xes\u00fas con alg\u00fan alumno que se escapulira\u00a0 e que el f\u00f3ra buscar a unha canteira sita a cincocentos metros do instituto. O mesmo que fac\u00eda, con ese sentido republicano que o caracterizaba, coa memoria hist\u00f3rica ou coa historia de Rianxo, convencendo a todas as persoas que o trataban, desde alumnos a investigadores universitarios, de que era un profesional rigoroso e sistem\u00e1tico.<\/p>\n<p style=\"text-align: justify;\">\u00a0\u00a0\u00a0\u00a0 Hai anos ped\u00edronme unha pequena nota biogr\u00e1fica sobre el, e o primeiro t\u00edtulo que pensei foi <i>O home que convert\u00eda os defectos en virtudes e as virtudes en defectos. <\/i>Porque tam\u00e9n \u00e9 certo que virtudes que don Xes\u00fas ti\u00f1a en grao moi elevado, a bondade, por exemplo, acababa convert\u00e9ndoas en defectos. As\u00ed, moitas veces non era quen de controlar as clases polo excesivamente comprensivo que era, e porque part\u00eda duns presupostos pedag\u00f3xicos demasiado optimistas. Os seres humanos somos bos por natureza e \u00e9 o sistema, capitalista neste caso (un sistema que el deploraba), o que nos corrompe. Te\u00f1o para min que lle supuxo un enorme desgaste psicol\u00f3xico, e algunha que outra contradici\u00f3n, chegar ata a xubilaci\u00f3n amarrado a esa firme convicci\u00f3n, unha convicci\u00f3n \u00e1 que non quer\u00eda renunciar porque se remontaba \u00e1 s\u00faa propia educaci\u00f3n no seu Cervo natal.<\/p>\n<p style=\"text-align: justify;\">\u00a0\u00a0\u00a0\u00a0\u00a0 Te\u00f1o o\u00eddo a moitas persoas dicir que a s\u00faa referencia vital \u00e9 o Balbino de <i>Memorias dun neno labrego<\/i>,<i> <\/i>ese neno pobre que dic\u00eda ser un ningu\u00e9n e que ti\u00f1a que padecer as \u00ednfulas de Manolito, o fillo do cacique local. Podo dicir que cada vez que lle escoito dicir a algu\u00e9n iso (<i>Eu son un ningu\u00e9n como Balbino), <\/i>sei que me atopo ante un c\u00ednico que toda a vida aspirou a ser, como o pai de Manolito, un cacique. Don Xes\u00fas Costa Rodil foi unha das poucas persoas, que eu co\u00f1ecese, cuxo referente vital foi Balbino. E non porque fose un ningu\u00e9n, sen\u00f3n porque sab\u00eda que xa non o era e que, en consecuencia, ti\u00f1a a obriga moral de darlles a quen si o eran as armas desa educaci\u00f3n na que con tanto fervor cr\u00eda.<\/p>\n","protected":false},"excerpt":{"rendered":"<p>X. Ricardo Losada.\u00a0Non me gustan as persoas que cada vez que falan mostran, como os vellos cregos, a s\u00faa ideolox\u00eda. O mestre rianxeiro don Xes\u00fas Costa ti\u00f1a ese defecto. Pero no que en outros \u00e9 un costume insufrible, nel era un h\u00e1bito entra\u00f1able. Porque don Xes\u00fas, que sempre falaba desde uns esquemas mentais moi r\u00edxidos, &hellip; <a href=\"http:\/\/cafebarbantia.barbantia.es\/?p=9582\" class=\"more-link\">Seguir lendo <span class=\"screen-reader-text\">En memoria de Xes\u00fas Costa Rodil<\/span> <span class=\"meta-nav\">&rarr;<\/span><\/a><\/p>\n","protected":false},"author":1,"featured_media":0,"comment_status":"open","ping_status":"closed","sticky":false,"template":"","format":"standard","meta":{"_bbp_topic_count":0,"_bbp_reply_count":0,"_bbp_total_topic_count":0,"_bbp_total_reply_count":0,"_bbp_voice_count":0,"_bbp_anonymous_reply_count":0,"_bbp_topic_count_hidden":0,"_bbp_reply_count_hidden":0,"_bbp_forum_subforum_count":0,"_exactmetrics_skip_tracking":false,"_exactmetrics_sitenote_active":false,"_exactmetrics_sitenote_note":"","_exactmetrics_sitenote_category":0,"_monsterinsights_skip_tracking":false,"_monsterinsights_sitenote_active":false,"_monsterinsights_sitenote_note":"","_monsterinsights_sitenote_category":0},"categories":[7,9,26],"tags":[],"aioseo_notices":[],"_links":{"self":[{"href":"http:\/\/cafebarbantia.barbantia.es\/index.php?rest_route=\/wp\/v2\/posts\/9582"}],"collection":[{"href":"http:\/\/cafebarbantia.barbantia.es\/index.php?rest_route=\/wp\/v2\/posts"}],"about":[{"href":"http:\/\/cafebarbantia.barbantia.es\/index.php?rest_route=\/wp\/v2\/types\/post"}],"author":[{"embeddable":true,"href":"http:\/\/cafebarbantia.barbantia.es\/index.php?rest_route=\/wp\/v2\/users\/1"}],"replies":[{"embeddable":true,"href":"http:\/\/cafebarbantia.barbantia.es\/index.php?rest_route=%2Fwp%2Fv2%2Fcomments&post=9582"}],"version-history":[{"count":1,"href":"http:\/\/cafebarbantia.barbantia.es\/index.php?rest_route=\/wp\/v2\/posts\/9582\/revisions"}],"predecessor-version":[{"id":9584,"href":"http:\/\/cafebarbantia.barbantia.es\/index.php?rest_route=\/wp\/v2\/posts\/9582\/revisions\/9584"}],"wp:attachment":[{"href":"http:\/\/cafebarbantia.barbantia.es\/index.php?rest_route=%2Fwp%2Fv2%2Fmedia&parent=9582"}],"wp:term":[{"taxonomy":"category","embeddable":true,"href":"http:\/\/cafebarbantia.barbantia.es\/index.php?rest_route=%2Fwp%2Fv2%2Fcategories&post=9582"},{"taxonomy":"post_tag","embeddable":true,"href":"http:\/\/cafebarbantia.barbantia.es\/index.php?rest_route=%2Fwp%2Fv2%2Ftags&post=9582"}],"curies":[{"name":"wp","href":"https:\/\/api.w.org\/{rel}","templated":true}]}}