{"id":9588,"date":"2018-09-03T06:00:32","date_gmt":"2018-09-03T06:00:32","guid":{"rendered":"http:\/\/cafebarbantia.barbantia.es\/?p=9588"},"modified":"2018-08-23T12:02:12","modified_gmt":"2018-08-23T12:02:12","slug":"exposicions-en-noia-axeitos-no-liceo","status":"publish","type":"post","link":"http:\/\/cafebarbantia.barbantia.es\/?p=9588","title":{"rendered":"Exposici\u00f3ns en Noia: Axeitos no Liceo"},"content":{"rendered":"<p style=\"text-align: justify;\"><a href=\"http:\/\/cafebarbantia.barbantia.es\/wp-content\/uploads\/2018\/08\/Imaxde-de-exposici\u00f3ns-en-Noia.-Manual.jpg\"><img decoding=\"async\" loading=\"lazy\" class=\"alignleft size-medium wp-image-9589\" alt=\"cof\" src=\"http:\/\/cafebarbantia.barbantia.es\/wp-content\/uploads\/2018\/08\/Imaxde-de-exposici\u00f3ns-en-Noia.-Manual-300x172.jpg\" width=\"300\" height=\"172\" srcset=\"http:\/\/cafebarbantia.barbantia.es\/wp-content\/uploads\/2018\/08\/Imaxde-de-exposici\u00f3ns-en-Noia.-Manual-300x172.jpg 300w, http:\/\/cafebarbantia.barbantia.es\/wp-content\/uploads\/2018\/08\/Imaxde-de-exposici\u00f3ns-en-Noia.-Manual-1024x587.jpg 1024w, http:\/\/cafebarbantia.barbantia.es\/wp-content\/uploads\/2018\/08\/Imaxde-de-exposici\u00f3ns-en-Noia.-Manual-900x516.jpg 900w, http:\/\/cafebarbantia.barbantia.es\/wp-content\/uploads\/2018\/08\/Imaxde-de-exposici\u00f3ns-en-Noia.-Manual.jpg 1291w\" sizes=\"(max-width: 300px) 100vw, 300px\" \/><\/a><em><strong>Pilar Sampedro.\u00a0<\/strong><\/em>Con <i>Axeitos: acuarelas e caricaturas<\/i>, comezou o ver\u00e1n, de verdade, en Noia. M\u00e1is de cen obras entre augadas e caricaturas. M\u00e1is de cen persoas na inauguraci\u00f3n da exposici\u00f3n que falan da popularidade do pintor, do interese pola s\u00faa obra e dos afectos que esperta. <!--more-->Moitos graos de temperatura nunha sala ateigada e moitas miradas pousadas nuns cadros que levabamos anos agardando porque, quen co\u00f1ece a Axeitos, sab\u00eda que un d\u00eda ti\u00f1a que sacar \u00e1 luz toda esa arte que leva acubillando desde que tivo que aparcala para dedicarse \u00e1 profesi\u00f3n de dese\u00f1o gr\u00e1fico e rotulaci\u00f3n na que ten demostrado con creces o bo oficio.<\/p>\n<p style=\"text-align: justify;\">Moita satisfacci\u00f3n por recuperar o que son as exposici\u00f3n, eses lugares para gozar da arte e facer dela unha festa, espazos e tempos para reencontrarse cos amigos, cun vi\u00f1o que esperta os sabores da terra, cuns cadros nos que deitar a vista e cunha banda sonora de jazz que deleita os ouvidos, porque esta m\u00fasica veu para quedarse neste pa\u00eds. Como di S\u00e9s, e dixera Castelao, temos moito de negros ou perif\u00e9ricos e os seus ritmos f\u00e1nsenos irm\u00e1ns; para bot\u00f3ns de mostra os festivais de jazz na estaci\u00f3n estival das cidades ou o concerto de Sumrr\u00e1 coa Real Filharmon\u00eda de Galicia.<\/p>\n<p style=\"text-align: justify;\">Nas paredes colga paisaxe urbana e costeira da zona, as r\u00faas pisadas cada d\u00eda, as praias da infancia&#8230; xunto con retratos realizados \u00e1 acuarela. A augada \u00e9 a t\u00e9cnica destes anos nos que se preparou a fondo, recobrando a man da arte, esa maneira de plasmar o misterio que toda inspiraci\u00f3n encerra. Acuarelas nas que a auga se fai presente, no mar da r\u00eda, nos r\u00edos que nos circundan, na chuvia que nos molla. Ao lado, caricaturas realizadas cunha fina li\u00f1a que nos leva a xogar buscando personaxes m\u00e1is ou menos co\u00f1ecidos, personaxes aos que a alma se lles escapa polo buraco polo que miramos os <i>voyeurs<\/i>. F\u00edsicos que traen algo de f\u00e1brica e tam\u00e9n se van constru\u00edndo ao longo do tempo, asumindo posturas e deixando conxelados os xestos, corpos e rostros cimentados polo tempo.<\/p>\n<p style=\"text-align: justify;\">Axeitos \u00e9 un amante da arte e rodeouse dela e dos seus creadores porque non pod\u00eda vivir afastado desa musa. Agora, as\u00famea a tempo completo, para compartir ese mundo propio do que apenas nos fora abrindo pequenas xanelas.<\/p>\n","protected":false},"excerpt":{"rendered":"<p>Pilar Sampedro.\u00a0Con Axeitos: acuarelas e caricaturas, comezou o ver\u00e1n, de verdade, en Noia. M\u00e1is de cen obras entre augadas e caricaturas. M\u00e1is de cen persoas na inauguraci\u00f3n da exposici\u00f3n que falan da popularidade do pintor, do interese pola s\u00faa obra e dos afectos que esperta.<\/p>\n","protected":false},"author":1,"featured_media":0,"comment_status":"open","ping_status":"closed","sticky":false,"template":"","format":"standard","meta":{"_bbp_topic_count":0,"_bbp_reply_count":0,"_bbp_total_topic_count":0,"_bbp_total_reply_count":0,"_bbp_voice_count":0,"_bbp_anonymous_reply_count":0,"_bbp_topic_count_hidden":0,"_bbp_reply_count_hidden":0,"_bbp_forum_subforum_count":0,"_exactmetrics_skip_tracking":false,"_exactmetrics_sitenote_active":false,"_exactmetrics_sitenote_note":"","_exactmetrics_sitenote_category":0,"_monsterinsights_skip_tracking":false,"_monsterinsights_sitenote_active":false,"_monsterinsights_sitenote_note":"","_monsterinsights_sitenote_category":0},"categories":[4,69],"tags":[],"aioseo_notices":[],"_links":{"self":[{"href":"http:\/\/cafebarbantia.barbantia.es\/index.php?rest_route=\/wp\/v2\/posts\/9588"}],"collection":[{"href":"http:\/\/cafebarbantia.barbantia.es\/index.php?rest_route=\/wp\/v2\/posts"}],"about":[{"href":"http:\/\/cafebarbantia.barbantia.es\/index.php?rest_route=\/wp\/v2\/types\/post"}],"author":[{"embeddable":true,"href":"http:\/\/cafebarbantia.barbantia.es\/index.php?rest_route=\/wp\/v2\/users\/1"}],"replies":[{"embeddable":true,"href":"http:\/\/cafebarbantia.barbantia.es\/index.php?rest_route=%2Fwp%2Fv2%2Fcomments&post=9588"}],"version-history":[{"count":1,"href":"http:\/\/cafebarbantia.barbantia.es\/index.php?rest_route=\/wp\/v2\/posts\/9588\/revisions"}],"predecessor-version":[{"id":9590,"href":"http:\/\/cafebarbantia.barbantia.es\/index.php?rest_route=\/wp\/v2\/posts\/9588\/revisions\/9590"}],"wp:attachment":[{"href":"http:\/\/cafebarbantia.barbantia.es\/index.php?rest_route=%2Fwp%2Fv2%2Fmedia&parent=9588"}],"wp:term":[{"taxonomy":"category","embeddable":true,"href":"http:\/\/cafebarbantia.barbantia.es\/index.php?rest_route=%2Fwp%2Fv2%2Fcategories&post=9588"},{"taxonomy":"post_tag","embeddable":true,"href":"http:\/\/cafebarbantia.barbantia.es\/index.php?rest_route=%2Fwp%2Fv2%2Ftags&post=9588"}],"curies":[{"name":"wp","href":"https:\/\/api.w.org\/{rel}","templated":true}]}}