{"id":9595,"date":"2018-09-05T06:00:24","date_gmt":"2018-09-05T06:00:24","guid":{"rendered":"http:\/\/cafebarbantia.barbantia.es\/?p=9595"},"modified":"2018-09-04T15:51:33","modified_gmt":"2018-09-04T15:51:33","slug":"galicia-e-os-galegos-na-poesia-castela-xcvi-juan-del-enzina","status":"publish","type":"post","link":"http:\/\/cafebarbantia.barbantia.es\/?p=9595","title":{"rendered":"Galicia e os galegos na poes\u00eda castel\u00e1 XCVI. Juan del Enzina"},"content":{"rendered":"<p style=\"text-align: justify;\"><b><i><a href=\"http:\/\/cafebarbantia.barbantia.es\/wp-content\/uploads\/2018\/09\/juan-del-encina.jpg\"><img decoding=\"async\" loading=\"lazy\" class=\"alignleft size-full wp-image-9607\" alt=\"juan-del-encina\" src=\"http:\/\/cafebarbantia.barbantia.es\/wp-content\/uploads\/2018\/09\/juan-del-encina.jpg\" width=\"230\" height=\"219\" \/><\/a>Rom\u00e1n Ar\u00e9n. <\/i><\/b>Figura capital na fin da Idade Media, na m\u00fasica e na poes\u00eda, foi Juan del Enzina ou Juan de Fermoselle, nacido en 1468 e que morreu arredor de 1530. Estivo en roma no s\u00e9quito dos papas Alexandre VI, Xlio II e Le\u00f3n X. Tras visitar Xerusal\u00e9n, volve a Espa\u00f1a en 1521. A s\u00faa poes\u00eda foi cousa de mocidade, pois o seu <i>Cancioneiro <\/i>editouse en 1496, a\u00ednda que logo co\u00f1eceu ata 1516 outras cinco edici\u00f3ns. <!--more-->Tradutor das <i>Buc\u00f3licas <\/i>de Virxilio, autor de <i>Viaje a Jerusal\u00e9n <\/i>(1521), dunha <i>Arte de poes\u00eda castellana,<\/i> entre outras obras, deixou unhas catorce pezas teatrais, elo important\u00edsimo na historia do teatro castel\u00e1n, das que a m\u00e1is famosa \u00e9 a <i>\u00c9gloga a Pl\u00e1cida y Vitoriano <\/i>(1513). Cotarelo Mori reeditou o seu cancioneiro en 1928 e logo Jones e Lee en 1975. O <i>Teatro Completo<\/i> editouno P\u00e9rez Priego en 1991.<\/p>\n<p style=\"text-align: justify;\">Enzina, que era crego de menores, non se ordenou sacerdote ata 1519 e non co\u00f1eceu Galicia, pero si que cita a un galego, famos\u00edsimo amador con Mac\u00edas no imaxinario da Idade Media, Juan Rodr\u00edguez de la C\u00e1mara. E faino en <i>el triunfo de la Fama y Glorias de Castilla:<\/i><\/p>\n<p style=\"text-align: justify;\">Y el lindo Guevara\/ tambi\u00e9n Cartagena\/ y el buen Juan Rodr\u00edguez\/ que fue del Padr\u00f3n&#8230;<\/p>\n<p style=\"text-align: justify;\">A obra \u00e9 aleg\u00f3rica, e nela Juan del Enzina \u00e9 transportado \u00e1 fonte Castalia, onde se encontra co poeta galego e con outros autores de tempos pasados.<\/p>\n","protected":false},"excerpt":{"rendered":"<p>Rom\u00e1n Ar\u00e9n. Figura capital na fin da Idade Media, na m\u00fasica e na poes\u00eda, foi Juan del Enzina ou Juan de Fermoselle, nacido en 1468 e que morreu arredor de 1530. Estivo en roma no s\u00e9quito dos papas Alexandre VI, Xlio II e Le\u00f3n X. Tras visitar Xerusal\u00e9n, volve a Espa\u00f1a en 1521. A s\u00faa &hellip; <a href=\"http:\/\/cafebarbantia.barbantia.es\/?p=9595\" class=\"more-link\">Seguir lendo <span class=\"screen-reader-text\">Galicia e os galegos na poes\u00eda castel\u00e1 XCVI. Juan del Enzina<\/span> <span class=\"meta-nav\">&rarr;<\/span><\/a><\/p>\n","protected":false},"author":1,"featured_media":0,"comment_status":"open","ping_status":"closed","sticky":false,"template":"","format":"standard","meta":{"_bbp_topic_count":0,"_bbp_reply_count":0,"_bbp_total_topic_count":0,"_bbp_total_reply_count":0,"_bbp_voice_count":0,"_bbp_anonymous_reply_count":0,"_bbp_topic_count_hidden":0,"_bbp_reply_count_hidden":0,"_bbp_forum_subforum_count":0,"_exactmetrics_skip_tracking":false,"_exactmetrics_sitenote_active":false,"_exactmetrics_sitenote_note":"","_exactmetrics_sitenote_category":0,"_monsterinsights_skip_tracking":false,"_monsterinsights_sitenote_active":false,"_monsterinsights_sitenote_note":"","_monsterinsights_sitenote_category":0},"categories":[7,10,28,11],"tags":[],"aioseo_notices":[],"_links":{"self":[{"href":"http:\/\/cafebarbantia.barbantia.es\/index.php?rest_route=\/wp\/v2\/posts\/9595"}],"collection":[{"href":"http:\/\/cafebarbantia.barbantia.es\/index.php?rest_route=\/wp\/v2\/posts"}],"about":[{"href":"http:\/\/cafebarbantia.barbantia.es\/index.php?rest_route=\/wp\/v2\/types\/post"}],"author":[{"embeddable":true,"href":"http:\/\/cafebarbantia.barbantia.es\/index.php?rest_route=\/wp\/v2\/users\/1"}],"replies":[{"embeddable":true,"href":"http:\/\/cafebarbantia.barbantia.es\/index.php?rest_route=%2Fwp%2Fv2%2Fcomments&post=9595"}],"version-history":[{"count":2,"href":"http:\/\/cafebarbantia.barbantia.es\/index.php?rest_route=\/wp\/v2\/posts\/9595\/revisions"}],"predecessor-version":[{"id":9608,"href":"http:\/\/cafebarbantia.barbantia.es\/index.php?rest_route=\/wp\/v2\/posts\/9595\/revisions\/9608"}],"wp:attachment":[{"href":"http:\/\/cafebarbantia.barbantia.es\/index.php?rest_route=%2Fwp%2Fv2%2Fmedia&parent=9595"}],"wp:term":[{"taxonomy":"category","embeddable":true,"href":"http:\/\/cafebarbantia.barbantia.es\/index.php?rest_route=%2Fwp%2Fv2%2Fcategories&post=9595"},{"taxonomy":"post_tag","embeddable":true,"href":"http:\/\/cafebarbantia.barbantia.es\/index.php?rest_route=%2Fwp%2Fv2%2Ftags&post=9595"}],"curies":[{"name":"wp","href":"https:\/\/api.w.org\/{rel}","templated":true}]}}