{"id":9599,"date":"2018-09-06T06:00:41","date_gmt":"2018-09-06T06:00:41","guid":{"rendered":"http:\/\/cafebarbantia.barbantia.es\/?p=9599"},"modified":"2018-09-03T19:08:41","modified_gmt":"2018-09-03T19:08:41","slug":"das-augas-de-carballo-ao-pazo-de-meiras","status":"publish","type":"post","link":"http:\/\/cafebarbantia.barbantia.es\/?p=9599","title":{"rendered":"Das augas de Carballo ao Pazo de Meir\u00e1s"},"content":{"rendered":"<figure id=\"attachment_9600\" aria-describedby=\"caption-attachment-9600\" style=\"width: 300px\" class=\"wp-caption alignright\"><a href=\"http:\/\/cafebarbantia.barbantia.es\/wp-content\/uploads\/2018\/09\/ASDFASDFA.jpg\"><img decoding=\"async\" loading=\"lazy\" class=\"size-medium wp-image-9600\" alt=\"Foto: La Voz de Galicia\" src=\"http:\/\/cafebarbantia.barbantia.es\/wp-content\/uploads\/2018\/09\/ASDFASDFA-300x168.jpg\" width=\"300\" height=\"168\" srcset=\"http:\/\/cafebarbantia.barbantia.es\/wp-content\/uploads\/2018\/09\/ASDFASDFA-300x168.jpg 300w, http:\/\/cafebarbantia.barbantia.es\/wp-content\/uploads\/2018\/09\/ASDFASDFA-1024x575.jpg 1024w, http:\/\/cafebarbantia.barbantia.es\/wp-content\/uploads\/2018\/09\/ASDFASDFA-900x505.jpg 900w, http:\/\/cafebarbantia.barbantia.es\/wp-content\/uploads\/2018\/09\/ASDFASDFA.jpg 1280w\" sizes=\"(max-width: 300px) 100vw, 300px\" \/><\/a><figcaption id=\"caption-attachment-9600\" class=\"wp-caption-text\">Foto: La Voz de Galicia<\/figcaption><\/figure>\n<p style=\"text-align: justify;\"><em><strong>Fidel Vidal.\u00a0<\/strong><\/em>O feito de se atopar no estranxeiro cun veci\u00f1o ou escoitar m\u00fasica da casa, resulta sorprendente ao tempo que agradable. Iso pasoulle a Emilia Pardo Baz\u00e1n no percorrido de xornalista pola Exposici\u00f3n Universal de Par\u00eds de 1889, ao dar cun nome ben co\u00f1ecido dela: \u201cLeo con estremecemento de grata sorpresa: \u2018<i>Augas minero- medicinais de Carballo, provincia da Coru\u00f1a\u2019<\/i>.<!--more--> O empregado que me ensina a Secci\u00f3n me advirte: \u2018Est\u00e1n premiadas\u2019. E nun instante, aquela etiqueta colocada sobre unha instalaci\u00f3n pequena e elegante, evoca todo o panorama, non s\u00f3 da terra, sen\u00f3n do recuncho natal: Marineda presa entre d\u00faas zonas de auga salgada, e os amigos e os veci\u00f1os e a vella e tortuosa r\u00faa de Tabernas, todo, en fin, coa m\u00e1xica potencia da memoria excitada polo sentimento\u201d. (<i>Ao p\u00e9 da torre Eiffel<\/i>).<\/p>\n<p style=\"text-align: justify;\">Por curiosidade entro en internet preguntando polas augas termais de Carballo, e dou coas ofertas dos balnearios e unha nota que fala do TIPO DE AGUAS: \u201cOfrece augas sulfurado-s\u00f3dicas bicarbonatadas de mineralizaci\u00f3n d\u00e9bil, que emanan a unha temperatura de 42 \u00b0C. Foron reco\u00f1ecidas polo Tribunal de Augas de Par\u00eds como unhas das mellores de Europa a finais do s\u00e9culo XIX e declaradas de utilidade p\u00fablica en 1928\u201d.<\/p>\n<p style=\"text-align: justify;\"><a href=\"http:\/\/cafebarbantia.barbantia.es\/wp-content\/uploads\/2018\/09\/maxresdefault.jpg\"><img decoding=\"async\" loading=\"lazy\" class=\"alignleft size-medium wp-image-9601\" alt=\"maxresdefault\" src=\"http:\/\/cafebarbantia.barbantia.es\/wp-content\/uploads\/2018\/09\/maxresdefault-300x168.jpg\" width=\"300\" height=\"168\" srcset=\"http:\/\/cafebarbantia.barbantia.es\/wp-content\/uploads\/2018\/09\/maxresdefault-300x168.jpg 300w, http:\/\/cafebarbantia.barbantia.es\/wp-content\/uploads\/2018\/09\/maxresdefault-1024x576.jpg 1024w, http:\/\/cafebarbantia.barbantia.es\/wp-content\/uploads\/2018\/09\/maxresdefault-900x506.jpg 900w, http:\/\/cafebarbantia.barbantia.es\/wp-content\/uploads\/2018\/09\/maxresdefault.jpg 1080w\" sizes=\"(max-width: 300px) 100vw, 300px\" \/><\/a>Pero hoxe quer\u00eda convidarvos \u00e1 lectura dun clarificador artigo escrito polo maxistrado em\u00e9rito do Tribunal Supremo Jos\u00e9 Antonio Mart\u00edn Pall\u00edn titulado \u201cDona Emilia debe volver ao seu Pazo\u201d (<i>P\u00fablico,<\/i> 17-7-2018). Nel conta a historia do Pazo e argumenta, nun estilo que non ofrece d\u00fabidas, a ilegalidade das transacci\u00f3ns e da situaci\u00f3n actual respecto do mesmo. Emilia Pardo Baz\u00e1n, \u201cunha das escritoras m\u00e1is relevantes da literatura espa\u00f1ola e galega, que merecer\u00eda o Premio Nobel soamente pola s\u00faa novela <i>Los pazos de Ulloa<\/i>\u201d, casou na capela das Torres de Meir\u00e1s, como era co\u00f1ecida a construci\u00f3n, e na que \u00a0\u201cpasaba varios meses ao ano. Traballaba na torre que chamou \u2018<i>da quimera\u2019<\/i>, onde ti\u00f1a instalada a s\u00faa biblioteca, que permaneceu al\u00ed trala \u2018<i>doaz\u00f3n\u2019<\/i> do edificio \u00e1 persoa de Francisco Franco\u201d.<\/p>\n<p style=\"text-align: justify;\">\u201cTanto a adquisici\u00f3n como a doaz\u00f3n, desde a s\u00faas orixes, estiveron viciadas por\u00a0 irregularidades pol\u00edticas e xur\u00eddicas. Non se cumpr\u00eda ning\u00fan dos requisitos que o C\u00f3digo civil, vixente na \u00e9poca, esix\u00eda para la validez de los contratos. A compra require o consentimento do vendedor, que nunca prestou e as doaz\u00f3ns esixen unha causa ou motivo l\u00edcita e moralmente aceptable polas normas de convivencia que as xustifiquen. O il\u00edcito da causa da doaz\u00f3n produce a nulidade da mesma\u201d.<\/p>\n<p style=\"text-align: justify;\"><a href=\"http:\/\/cafebarbantia.barbantia.es\/wp-content\/uploads\/2018\/09\/9788437615370.jpg\"><img decoding=\"async\" loading=\"lazy\" class=\"alignright size-medium wp-image-9602\" alt=\"9788437615370\" src=\"http:\/\/cafebarbantia.barbantia.es\/wp-content\/uploads\/2018\/09\/9788437615370-183x300.jpg\" width=\"183\" height=\"300\" srcset=\"http:\/\/cafebarbantia.barbantia.es\/wp-content\/uploads\/2018\/09\/9788437615370-183x300.jpg 183w, http:\/\/cafebarbantia.barbantia.es\/wp-content\/uploads\/2018\/09\/9788437615370-625x1024.jpg 625w, http:\/\/cafebarbantia.barbantia.es\/wp-content\/uploads\/2018\/09\/9788437615370-900x1473.jpg 900w, http:\/\/cafebarbantia.barbantia.es\/wp-content\/uploads\/2018\/09\/9788437615370.jpg 1000w\" sizes=\"(max-width: 183px) 100vw, 183px\" \/><\/a>\u201cResulta desmoralizador e at\u00e9 deprimente que en pleno s\u00e9culo XXI\u201d, remarca Mart\u00edn Pall\u00edn, \u201cse poida atribu\u00edr calquera dereito lex\u00edtimo, baseado nun golpe militar contra a democracia, aos herdeiros dun ditador ao que os avatares do destino libr\u00e1rono dunha sorte semellante \u00e1 dos seus conx\u00e9neres Hitler e Mussolini\u201d. E concl\u00fae cun edificante e suxestivo consello: \u201cBaixo as anchas b\u00f3vedas que albergan a biblioteca, os libros claman pola volta da s\u00faa dona. Cumprir\u00edase un anhelo soterrado durante a ditadura e emerxente nos momentos presentes.\u00a0<b>A \u00fanica forma de desterrar as fantasmas do pasado, \u00e9 converter o Pazo de Meir\u00e1s, nun centro de estudo e investigaci\u00f3n que se dedique a exaltar as letras e a cultura galegas<\/b>. \u00c9 urxente e ineludible que se restaure a \u2018<i>quimera\u2019<\/i>: Dona Emilia debe volver ao seu Pazo\u201d.<\/p>\n","protected":false},"excerpt":{"rendered":"<p>Fidel Vidal.\u00a0O feito de se atopar no estranxeiro cun veci\u00f1o ou escoitar m\u00fasica da casa, resulta sorprendente ao tempo que agradable. Iso pasoulle a Emilia Pardo Baz\u00e1n no percorrido de xornalista pola Exposici\u00f3n Universal de Par\u00eds de 1889, ao dar cun nome ben co\u00f1ecido dela: \u201cLeo con estremecemento de grata sorpresa: \u2018Augas minero- medicinais de &hellip; <a href=\"http:\/\/cafebarbantia.barbantia.es\/?p=9599\" class=\"more-link\">Seguir lendo <span class=\"screen-reader-text\">Das augas de Carballo ao Pazo de Meir\u00e1s<\/span> <span class=\"meta-nav\">&rarr;<\/span><\/a><\/p>\n","protected":false},"author":1,"featured_media":0,"comment_status":"open","ping_status":"closed","sticky":false,"template":"","format":"standard","meta":{"_bbp_topic_count":0,"_bbp_reply_count":0,"_bbp_total_topic_count":0,"_bbp_total_reply_count":0,"_bbp_voice_count":0,"_bbp_anonymous_reply_count":0,"_bbp_topic_count_hidden":0,"_bbp_reply_count_hidden":0,"_bbp_forum_subforum_count":0,"_exactmetrics_skip_tracking":false,"_exactmetrics_sitenote_active":false,"_exactmetrics_sitenote_note":"","_exactmetrics_sitenote_category":0,"_monsterinsights_skip_tracking":false,"_monsterinsights_sitenote_active":false,"_monsterinsights_sitenote_note":"","_monsterinsights_sitenote_category":0},"categories":[7,65],"tags":[],"aioseo_notices":[],"_links":{"self":[{"href":"http:\/\/cafebarbantia.barbantia.es\/index.php?rest_route=\/wp\/v2\/posts\/9599"}],"collection":[{"href":"http:\/\/cafebarbantia.barbantia.es\/index.php?rest_route=\/wp\/v2\/posts"}],"about":[{"href":"http:\/\/cafebarbantia.barbantia.es\/index.php?rest_route=\/wp\/v2\/types\/post"}],"author":[{"embeddable":true,"href":"http:\/\/cafebarbantia.barbantia.es\/index.php?rest_route=\/wp\/v2\/users\/1"}],"replies":[{"embeddable":true,"href":"http:\/\/cafebarbantia.barbantia.es\/index.php?rest_route=%2Fwp%2Fv2%2Fcomments&post=9599"}],"version-history":[{"count":1,"href":"http:\/\/cafebarbantia.barbantia.es\/index.php?rest_route=\/wp\/v2\/posts\/9599\/revisions"}],"predecessor-version":[{"id":9603,"href":"http:\/\/cafebarbantia.barbantia.es\/index.php?rest_route=\/wp\/v2\/posts\/9599\/revisions\/9603"}],"wp:attachment":[{"href":"http:\/\/cafebarbantia.barbantia.es\/index.php?rest_route=%2Fwp%2Fv2%2Fmedia&parent=9599"}],"wp:term":[{"taxonomy":"category","embeddable":true,"href":"http:\/\/cafebarbantia.barbantia.es\/index.php?rest_route=%2Fwp%2Fv2%2Fcategories&post=9599"},{"taxonomy":"post_tag","embeddable":true,"href":"http:\/\/cafebarbantia.barbantia.es\/index.php?rest_route=%2Fwp%2Fv2%2Ftags&post=9599"}],"curies":[{"name":"wp","href":"https:\/\/api.w.org\/{rel}","templated":true}]}}