{"id":969,"date":"2014-04-19T14:27:45","date_gmt":"2014-04-19T14:27:45","guid":{"rendered":"http:\/\/cafebarbantia.barbantia.es\/?p=969"},"modified":"2014-04-19T22:40:02","modified_gmt":"2014-04-19T22:40:02","slug":"o-mais-leal-amigo-de-baudelaire","status":"publish","type":"post","link":"http:\/\/cafebarbantia.barbantia.es\/?p=969","title":{"rendered":"O m\u00e1is leal amigo de Baudelaire"},"content":{"rendered":"<p style=\"text-align: justify;\"><b><i><a href=\"http:\/\/cafebarbantia.barbantia.es\/wp-content\/uploads\/2014\/04\/el-infierno-del-bibli\u00f3filo.jpg\"><img decoding=\"async\" loading=\"lazy\" class=\"wp-image-970 alignleft\" style=\"border: 1px solid black;\" alt=\"el infierno del bibli\u00f3filo\" src=\"http:\/\/cafebarbantia.barbantia.es\/wp-content\/uploads\/2014\/04\/el-infierno-del-bibli\u00f3filo-201x300.jpg\" width=\"161\" height=\"240\" srcset=\"http:\/\/cafebarbantia.barbantia.es\/wp-content\/uploads\/2014\/04\/el-infierno-del-bibli\u00f3filo-201x300.jpg 201w, http:\/\/cafebarbantia.barbantia.es\/wp-content\/uploads\/2014\/04\/el-infierno-del-bibli\u00f3filo.jpg 263w\" sizes=\"(max-width: 161px) 100vw, 161px\" \/><\/a>Rom\u00e1n Ar\u00e9n<\/i><\/b>. Charles Asselineau tivo un problema, a sombra de Baudelaire, o seu grande amigo, pero non lle importou. \u00c1rbore tan grande daba boa sombra, pero escureceu a este bibli\u00f3filo, bi\u00f3grafo moi notable do poeta, narrador fant\u00e1stico moi dotado, erudito, que tivo unha biblioteca prodixiosa coa mellor colecci\u00f3n de literatura do Alto Romanticismo e da Ilustraci\u00f3n (malvendida \u00e1 s\u00faa morte). Cr\u00edtico, descubriu o valor de Aloysuis Bertrand a Baudelaire, \u00e9 hoxe un escritor olvidado, pero do que a\u00ednda se reeditan relatos coma este, <em>O inferno do bibli\u00f3filo<\/em> (Ola\u00f1eta, 2013. Traduci\u00f3n de Manuel Serrat Crespo). Naceu en 1820 en Par\u00eds e morreu en Ch\u00e2telguyon en 1874. <!--more--><\/p>\n<figure id=\"attachment_971\" aria-describedby=\"caption-attachment-971\" style=\"width: 207px\" class=\"wp-caption alignright\"><a href=\"http:\/\/cafebarbantia.barbantia.es\/wp-content\/uploads\/2014\/04\/el-infierno-del-biblifilo-Charles_Asselineau_par_Baudelaire.jpg\"><img decoding=\"async\" loading=\"lazy\" class=\" wp-image-971 \" alt=\"Asselineau por Baudelaire\" src=\"http:\/\/cafebarbantia.barbantia.es\/wp-content\/uploads\/2014\/04\/el-infierno-del-biblifilo-Charles_Asselineau_par_Baudelaire-296x300.jpg\" width=\"207\" height=\"210\" srcset=\"http:\/\/cafebarbantia.barbantia.es\/wp-content\/uploads\/2014\/04\/el-infierno-del-biblifilo-Charles_Asselineau_par_Baudelaire-296x300.jpg 296w, http:\/\/cafebarbantia.barbantia.es\/wp-content\/uploads\/2014\/04\/el-infierno-del-biblifilo-Charles_Asselineau_par_Baudelaire-1010x1024.jpg 1010w, http:\/\/cafebarbantia.barbantia.es\/wp-content\/uploads\/2014\/04\/el-infierno-del-biblifilo-Charles_Asselineau_par_Baudelaire-900x911.jpg 900w, http:\/\/cafebarbantia.barbantia.es\/wp-content\/uploads\/2014\/04\/el-infierno-del-biblifilo-Charles_Asselineau_par_Baudelaire.jpg 1907w\" sizes=\"(max-width: 207px) 100vw, 207px\" \/><\/a><figcaption id=\"caption-attachment-971\" class=\"wp-caption-text\">Asselineau por Baudelaire<\/figcaption><\/figure>\n<p style=\"text-align: justify;\">O relato, cheo de humor, narra en poucas p\u00e1xinas a paix\u00f3n polos libros, un divertimento nos \u201cquais\u201d e nas almoedas de libros, escrito con fantas\u00eda e pingas de s\u00e1tira. Pertence a esa familia de relatos sobre libros que Nodier e Flaubert tam\u00e9n cultivaron. Un so\u00f1o sobre a destruci\u00f3n da s\u00faa amada biblioteca.<\/p>\n","protected":false},"excerpt":{"rendered":"<p>Rom\u00e1n Ar\u00e9n. Charles Asselineau tivo un problema, a sombra de Baudelaire, o seu grande amigo, pero non lle importou. \u00c1rbore tan grande daba boa sombra, pero escureceu a este bibli\u00f3filo, bi\u00f3grafo moi notable do poeta, narrador fant\u00e1stico moi dotado, erudito, que tivo unha biblioteca prodixiosa coa mellor colecci\u00f3n de literatura do Alto Romanticismo e da &hellip; <a href=\"http:\/\/cafebarbantia.barbantia.es\/?p=969\" class=\"more-link\">Seguir lendo <span class=\"screen-reader-text\">O m\u00e1is leal amigo de Baudelaire<\/span> <span class=\"meta-nav\">&rarr;<\/span><\/a><\/p>\n","protected":false},"author":1,"featured_media":0,"comment_status":"open","ping_status":"closed","sticky":false,"template":"","format":"standard","meta":{"_bbp_topic_count":0,"_bbp_reply_count":0,"_bbp_total_topic_count":0,"_bbp_total_reply_count":0,"_bbp_voice_count":0,"_bbp_anonymous_reply_count":0,"_bbp_topic_count_hidden":0,"_bbp_reply_count_hidden":0,"_bbp_forum_subforum_count":0,"_exactmetrics_skip_tracking":false,"_exactmetrics_sitenote_active":false,"_exactmetrics_sitenote_note":"","_exactmetrics_sitenote_category":0,"_monsterinsights_skip_tracking":false,"_monsterinsights_sitenote_active":false,"_monsterinsights_sitenote_note":"","_monsterinsights_sitenote_category":0},"categories":[9,28],"tags":[],"aioseo_notices":[],"_links":{"self":[{"href":"http:\/\/cafebarbantia.barbantia.es\/index.php?rest_route=\/wp\/v2\/posts\/969"}],"collection":[{"href":"http:\/\/cafebarbantia.barbantia.es\/index.php?rest_route=\/wp\/v2\/posts"}],"about":[{"href":"http:\/\/cafebarbantia.barbantia.es\/index.php?rest_route=\/wp\/v2\/types\/post"}],"author":[{"embeddable":true,"href":"http:\/\/cafebarbantia.barbantia.es\/index.php?rest_route=\/wp\/v2\/users\/1"}],"replies":[{"embeddable":true,"href":"http:\/\/cafebarbantia.barbantia.es\/index.php?rest_route=%2Fwp%2Fv2%2Fcomments&post=969"}],"version-history":[{"count":3,"href":"http:\/\/cafebarbantia.barbantia.es\/index.php?rest_route=\/wp\/v2\/posts\/969\/revisions"}],"predecessor-version":[{"id":1106,"href":"http:\/\/cafebarbantia.barbantia.es\/index.php?rest_route=\/wp\/v2\/posts\/969\/revisions\/1106"}],"wp:attachment":[{"href":"http:\/\/cafebarbantia.barbantia.es\/index.php?rest_route=%2Fwp%2Fv2%2Fmedia&parent=969"}],"wp:term":[{"taxonomy":"category","embeddable":true,"href":"http:\/\/cafebarbantia.barbantia.es\/index.php?rest_route=%2Fwp%2Fv2%2Fcategories&post=969"},{"taxonomy":"post_tag","embeddable":true,"href":"http:\/\/cafebarbantia.barbantia.es\/index.php?rest_route=%2Fwp%2Fv2%2Ftags&post=969"}],"curies":[{"name":"wp","href":"https:\/\/api.w.org\/{rel}","templated":true}]}}