{"id":10023,"date":"2018-11-29T06:00:56","date_gmt":"2018-11-29T06:00:56","guid":{"rendered":"http:\/\/cafebarbantia.barbantia.es\/?p=10023"},"modified":"2018-11-29T10:21:25","modified_gmt":"2018-11-29T10:21:25","slug":"a-palabra-mais-bonita","status":"publish","type":"post","link":"https:\/\/cafebarbantia.barbantia.es\/?p=10023","title":{"rendered":"A palabra m\u00e1is bonita"},"content":{"rendered":"<p class=\"MsoNormal\" style=\"text-align: justify;\"><a href=\"http:\/\/cafebarbantia.barbantia.es\/wp-content\/uploads\/2018\/11\/6394871399752725.jpg\"><img decoding=\"async\" loading=\"lazy\" class=\"alignleft size-medium wp-image-10024\" alt=\"6394871399752725\" src=\"http:\/\/cafebarbantia.barbantia.es\/wp-content\/uploads\/2018\/11\/6394871399752725-189x300.jpg\" width=\"189\" height=\"300\" srcset=\"https:\/\/cafebarbantia.barbantia.es\/wp-content\/uploads\/2018\/11\/6394871399752725-189x300.jpg 189w, https:\/\/cafebarbantia.barbantia.es\/wp-content\/uploads\/2018\/11\/6394871399752725.jpg 443w\" sizes=\"(max-width: 189px) 100vw, 189px\" \/><\/a><em><strong>Marina Losada Vicente.\u00a0<\/strong><\/em>A palabra era&#8230; un baile; esa era a palabra que eu quer\u00eda po\u00f1er. No seu lugar escrib\u00edn&#8230; non me acordo! Bolboreta, pode ser. Na mi\u00f1a cabeza campaba, de forma case insultante, un cantar de taberna. Como nun xogo, e desde a punta da lingua, a imaxe de baile fac\u00eda eco nun teito de cristal que romp\u00eda en mil cachos contra o meu cerebro, indefenso ante tal tortura.<\/p>\n<p class=\"MsoNormal\" style=\"text-align: justify;\">No panel que fac\u00eda de taboleiro \u00e1 entrada dunha librar\u00eda, outras moitas palabras: Vagalume, fervenza, morri\u00f1a, nai, bico, xuntanza&#8230; Baixabamos pola r\u00faa do Pilar, atr\u00e1s a praza de Cervantes; a foto xa estaba no Facebook da mi\u00f1a compa\u00f1eira, e polo tanto, no meu muro.<!--more--> Eu cami\u00f1aba r\u00e1pido para acomodarme ao seu andar, acostumado a subir e baixar costas, igual que fac\u00eda con pap\u00e1 cando me levaba de paseo.<\/p>\n<p class=\"MsoNormal\" style=\"text-align: justify;\">\u00a0\u00a0\u00a0\u00a0\u00a0\u00a0\u00a0\u00a0\u00a0\u00a0\u00a0 <i>&#8220;Xa me dixo teu pai que te saque a bailar&#8230;&#8221;.<\/i> Non era esa, a\u00ednda que andaba cerca. A canci\u00f3n abr\u00edame a porta do baile de Rub\u00e9n, a menos de vinte metros da mi\u00f1a casa. Eu era unha nena no tempo en que a r\u00faa era a casa, a non ser pola noite, que te recoll\u00edan as mulleres todas. Nada ti\u00f1a que temer das paredes sen teito que era a r\u00faa de Arriba, pero si do baile. Eu era unha nena e o baile, unha das habitaci\u00f3ns da casa. Como en todos os corredores, as curiosas ti\u00f1amos ocasi\u00f3n de abicar pola porta para saber que fac\u00edan os maiores. Ti\u00f1amos ocasi\u00f3n de escoitar, supo\u00f1er, interpretar; m\u00e1is xamais ti\u00f1amos ocasi\u00f3n de preguntar. Unha chea delas como castigo se ti\u00f1an testemu\u00f1as as t\u00faas ousad\u00edas. A luz que sa\u00eda do baile alumeaba as mans que, uns metros atr\u00e1s, diante da escuridade toda, eran quen de facerse algunha caricia.<\/p>\n<p class=\"MsoNormal\" style=\"text-align: justify;\">\u00a0\u00a0\u00a0\u00a0\u00a0\u00a0\u00a0\u00a0\u00a0\u00a0\u00a0 <i>&#8220;Xa me dixo teu pai que te saque a bailar<\/i>&#8230;&#8221; As parellas \u00edan collidas do brazo. <i>&#8220;Xa mo dixo teu pai<\/i>&#8230;&#8221;. As mulleres bat\u00edan as palmas cara a min, como quen escorrenta as gali\u00f1as cara ao gali\u00f1eiro. Eu daba un chimpo e corr\u00eda a meterme dentro da casa. <i>&#8220;E no medio do baile que te deixe quedar..<\/i>.&#8221;, berr\u00e1balles eu.<\/p>\n<p class=\"MsoNormal\" style=\"text-align: justify;\">\u00a0 \u00a0 \u00a0 \u00a0 \u00a0 \u00a0 \u00a0 Aparecen os primeiros comentarios no fb; unha amiga da nova fornada intern\u00e1utica, pregunta que de quen \u00e9 ese &#8220;fornido&#8221; corpo que collo de costas para sacar a bailar no medio dunha r\u00faa de Santiago. Alicia m\u00edrame e sux\u00edreme a resposta, pero eu non atendo.<\/p>\n<p class=\"MsoNormal\" style=\"text-align: justify;\">\u00a0\u00a0\u00a0\u00a0\u00a0\u00a0\u00a0\u00a0\u00a0\u00a0\u00a0 <i>&#8220;Na festa de Guadalupe non me quixeches bailar, tes moito arruallo nena, pero non te has de casar&#8221;<\/i>. Arruallo, esa \u00e9 a mi\u00f1a verba favorita. Moito.<\/p>\n<p style=\"margin-bottom: 0px; color: #000000; font-family: Calibri, Helvetica, sans-serif, EmojiFont, 'Apple Color Emoji', 'Segoe UI Emoji', NotoColorEmoji, 'Segoe UI Symbol', 'Android Emoji', EmojiSymbols;\">\n","protected":false},"excerpt":{"rendered":"<p>Marina Losada Vicente.\u00a0A palabra era&#8230; un baile; esa era a palabra que eu quer\u00eda po\u00f1er. No seu lugar escrib\u00edn&#8230; non me acordo! Bolboreta, pode ser. Na mi\u00f1a cabeza campaba, de forma case insultante, un cantar de taberna. Como nun xogo, e desde a punta da lingua, a imaxe de baile fac\u00eda eco nun teito de &hellip; <a href=\"https:\/\/cafebarbantia.barbantia.es\/?p=10023\" class=\"more-link\">Seguir lendo <span class=\"screen-reader-text\">A palabra m\u00e1is bonita<\/span> <span class=\"meta-nav\">&rarr;<\/span><\/a><\/p>\n","protected":false},"author":1,"featured_media":0,"comment_status":"open","ping_status":"closed","sticky":false,"template":"","format":"standard","meta":{"_bbp_topic_count":0,"_bbp_reply_count":0,"_bbp_total_topic_count":0,"_bbp_total_reply_count":0,"_bbp_voice_count":0,"_bbp_anonymous_reply_count":0,"_bbp_topic_count_hidden":0,"_bbp_reply_count_hidden":0,"_bbp_forum_subforum_count":0,"_exactmetrics_skip_tracking":false,"_exactmetrics_sitenote_active":false,"_exactmetrics_sitenote_note":"","_exactmetrics_sitenote_category":0,"_monsterinsights_skip_tracking":false,"_monsterinsights_sitenote_active":false,"_monsterinsights_sitenote_note":"","_monsterinsights_sitenote_category":0},"categories":[73,9],"tags":[],"aioseo_notices":[],"_links":{"self":[{"href":"https:\/\/cafebarbantia.barbantia.es\/index.php?rest_route=\/wp\/v2\/posts\/10023"}],"collection":[{"href":"https:\/\/cafebarbantia.barbantia.es\/index.php?rest_route=\/wp\/v2\/posts"}],"about":[{"href":"https:\/\/cafebarbantia.barbantia.es\/index.php?rest_route=\/wp\/v2\/types\/post"}],"author":[{"embeddable":true,"href":"https:\/\/cafebarbantia.barbantia.es\/index.php?rest_route=\/wp\/v2\/users\/1"}],"replies":[{"embeddable":true,"href":"https:\/\/cafebarbantia.barbantia.es\/index.php?rest_route=%2Fwp%2Fv2%2Fcomments&post=10023"}],"version-history":[{"count":4,"href":"https:\/\/cafebarbantia.barbantia.es\/index.php?rest_route=\/wp\/v2\/posts\/10023\/revisions"}],"predecessor-version":[{"id":10070,"href":"https:\/\/cafebarbantia.barbantia.es\/index.php?rest_route=\/wp\/v2\/posts\/10023\/revisions\/10070"}],"wp:attachment":[{"href":"https:\/\/cafebarbantia.barbantia.es\/index.php?rest_route=%2Fwp%2Fv2%2Fmedia&parent=10023"}],"wp:term":[{"taxonomy":"category","embeddable":true,"href":"https:\/\/cafebarbantia.barbantia.es\/index.php?rest_route=%2Fwp%2Fv2%2Fcategories&post=10023"},{"taxonomy":"post_tag","embeddable":true,"href":"https:\/\/cafebarbantia.barbantia.es\/index.php?rest_route=%2Fwp%2Fv2%2Ftags&post=10023"}],"curies":[{"name":"wp","href":"https:\/\/api.w.org\/{rel}","templated":true}]}}