{"id":10175,"date":"2018-12-31T06:00:12","date_gmt":"2018-12-31T06:00:12","guid":{"rendered":"http:\/\/cafebarbantia.barbantia.es\/?p=10175"},"modified":"2018-12-21T12:35:27","modified_gmt":"2018-12-21T12:35:27","slug":"balada-saudada","status":"publish","type":"post","link":"https:\/\/cafebarbantia.barbantia.es\/?p=10175","title":{"rendered":"Balada saudada"},"content":{"rendered":"<p lang=\"gl-ES\" align=\"justify\"><span style=\"font-size: medium;\"><a href=\"http:\/\/cafebarbantia.barbantia.es\/wp-content\/uploads\/2018\/12\/832934.jpg\"><img decoding=\"async\" loading=\"lazy\" class=\"alignleft size-full wp-image-10176\" alt=\"832934\" src=\"http:\/\/cafebarbantia.barbantia.es\/wp-content\/uploads\/2018\/12\/832934.jpg\" width=\"300\" height=\"269\" \/><\/a><em><strong>Xos\u00e9 Manuel Lobato.\u00a0<\/strong><\/em>Ritmo dos sons da infancia, inestables naqueles tempos de crianza en formaci\u00f3n logran acadar co paso do tempo un pouso de grande reserva, sempre nesa memoria a longo prazo que todo ser humano pos\u00fae.<\/span><\/p>\n<p lang=\"gl-ES\" align=\"justify\"><span style=\"font-size: medium;\">Curioso e digno de eloxio, mesmo emoci\u00f3n, observar o navegar atinado de persoas maiores nas lembranzas daquelas experiencias da nenez.<!--more--><\/span><\/p>\n<p lang=\"gl-ES\" align=\"justify\"><span style=\"font-size: medium;\">O suceso avanza fiable, mesmo amparado por un algoritmo exponencial cando as vivencias son ou est\u00e1n directamente relacionadas co medio natural ou xorden das s\u00faas entra\u00f1as.<\/span><\/p>\n<p lang=\"gl-ES\" align=\"justify\"><span style=\"font-size: medium;\">Estamos ante o bambear dunha f\u00e1bula cando todos eses est\u00edmulos que nos achega a nai natura, incontables e diversos, logran avivar e alentar a vontade para lograr unha relaci\u00f3n flu\u00edda con ese universo que s\u00f3 acadamos en so\u00f1os.<\/span><\/p>\n<p lang=\"gl-ES\" align=\"justify\"><span style=\"font-size: medium;\">Nesas experiencias de escasa madureza, de crianza, lembro o son da noitebra acompa\u00f1ado do axexo profundo, na imaxe o emisor nocturno, posu\u00eda fama de agoiro e segundo os meus maiores, anticipaba todo tipo de fatalidades.<\/span><\/p>\n<p lang=\"gl-ES\" align=\"justify\"><span style=\"font-size: medium;\">Por\u00e9n, coa idade todos nos decatamos que os desastres chegan e suceden a\u00ednda que non se anuncien, mesmo non necesitan de pregoeiro.<\/span><\/p>\n<p lang=\"gl-ES\" align=\"justify\"><span style=\"font-size: medium;\">Cando se olla de fronte sen prexu\u00edzos, hai un pequeno lugar que amosa unha postal de aut\u00e9ntica beleza. Al\u00ed est\u00e1 a parroquia de \u00d3rrea e dous lugares desta, onde o encanto feiticeiro da b\u00f3veda celeste estrelada, pos\u00fae identidade de seu.<\/span><\/p>\n<p lang=\"gl-ES\" align=\"justify\"><span style=\"font-size: medium;\">Entre \u00d3rrea e a Travesa, nese f\u00edo invisible, o imaxinario axexa e ameniza toda noite velada, protagonista o real ser da foresta e das tebras.<\/span><\/p>\n<p lang=\"gl-ES\" align=\"justify\"><span style=\"font-size: medium;\">Escoitar f\u00f3ra do lar os seus sons penetrantes, foi un agasallo sen par, unha ilusi\u00f3n que alzou o aloumi\u00f1o da felicidade da inocente nenez. Namentres a cea sen candelas na eira da casa, era ali\u00f1ada polo ar puro que alentaba o pracer de compartir con esas amizades que non decepcionan. <\/span><\/p>\n<p lang=\"gl-ES\" align=\"justify\"><span style=\"font-size: medium;\">No ambiente fresqui\u00f1o da monta\u00f1a, na brisa que aloumi\u00f1aba o murmurio sostido e agarimoso de Avelino D\u00edaz, un poeta que abrolla espont\u00e1neo desa comunicaci\u00f3n e canto enramado que une a Travesa con \u00d3rrea.<\/span><\/p>\n<p lang=\"gl-ES\" align=\"justify\"><span style=\"font-size: medium;\">Balada nocturna que o propio Avelino escoitou na s\u00faa infancia e, a\u00ednda hoxe se sigue gozando. O neno adolescente que de mozo logrou con \u00e9nfase cantar:<\/span><\/p>\n<p lang=\"gl-ES\" align=\"justify\"><i style=\"font-size: medium;\">Velli\u00f1as e velli\u00f1os,<\/i><\/p>\n<p lang=\"gl-ES\" align=\"justify\"><span style=\"font-size: medium;\"><i>se tedes inda<\/i><\/span><\/p>\n<p lang=\"gl-ES\" align=\"justify\"><span style=\"font-size: medium;\"><i>antigas recordanzas gardade a mi\u00f1a.<\/i><\/span><\/p>\n<p lang=\"gl-ES\" align=\"justify\"><span style=\"font-size: medium;\"><i>Terra que sempre lembro,<\/i><\/span><\/p>\n<p lang=\"gl-ES\" align=\"justify\"><span style=\"font-size: medium;\"><i>linda Galicia.<\/i><\/span><\/p>\n<p lang=\"gl-ES\" align=\"justify\">\n<p lang=\"gl-ES\" align=\"justify\"><a name=\"_GoBack\"><\/a> <span style=\"font-size: medium;\">Versos dun grande que de neno escoitou e gozou coa <\/span><span style=\"font-size: medium;\"><i>balada saudada<\/i><\/span><span style=\"font-size: medium;\">, desa curuxa que segue aferrada a unha terra que debe ser cantada, tam\u00e9n polos moitos nenos e nenas de agora, a\u00ednda que nunca escoitaran a paix\u00f3n coa que a curuxa aturuxa afinadi\u00f1o na noite de Galicia.<\/span><\/p>\n<p lang=\"gl-ES\" align=\"justify\"><i style=\"font-size: medium;\">Fai que Galicia<\/i><\/p>\n<p lang=\"gl-ES\" align=\"justify\"><span style=\"font-size: medium;\"><i>meu chan querido,<\/i><\/span><\/p>\n<p lang=\"gl-ES\" align=\"justify\"><span style=\"font-size: medium;\"><i>se vexa dona <\/i><\/span><\/p>\n<p lang=\"gl-ES\" align=\"justify\"><span style=\"font-size: medium;\"><i>dos seus destinos.<\/i><\/span><\/p>\n","protected":false},"excerpt":{"rendered":"<p>Xos\u00e9 Manuel Lobato.\u00a0Ritmo dos sons da infancia, inestables naqueles tempos de crianza en formaci\u00f3n logran acadar co paso do tempo un pouso de grande reserva, sempre nesa memoria a longo prazo que todo ser humano pos\u00fae. Curioso e digno de eloxio, mesmo emoci\u00f3n, observar o navegar atinado de persoas maiores nas lembranzas daquelas experiencias da &hellip; <a href=\"https:\/\/cafebarbantia.barbantia.es\/?p=10175\" class=\"more-link\">Seguir lendo <span class=\"screen-reader-text\">Balada saudada<\/span> <span class=\"meta-nav\">&rarr;<\/span><\/a><\/p>\n","protected":false},"author":1,"featured_media":0,"comment_status":"open","ping_status":"closed","sticky":false,"template":"","format":"standard","meta":{"_bbp_topic_count":0,"_bbp_reply_count":0,"_bbp_total_topic_count":0,"_bbp_total_reply_count":0,"_bbp_voice_count":0,"_bbp_anonymous_reply_count":0,"_bbp_topic_count_hidden":0,"_bbp_reply_count_hidden":0,"_bbp_forum_subforum_count":0,"_exactmetrics_skip_tracking":false,"_exactmetrics_sitenote_active":false,"_exactmetrics_sitenote_note":"","_exactmetrics_sitenote_category":0,"_monsterinsights_skip_tracking":false,"_monsterinsights_sitenote_active":false,"_monsterinsights_sitenote_note":"","_monsterinsights_sitenote_category":0},"categories":[9,10,44],"tags":[],"aioseo_notices":[],"_links":{"self":[{"href":"https:\/\/cafebarbantia.barbantia.es\/index.php?rest_route=\/wp\/v2\/posts\/10175"}],"collection":[{"href":"https:\/\/cafebarbantia.barbantia.es\/index.php?rest_route=\/wp\/v2\/posts"}],"about":[{"href":"https:\/\/cafebarbantia.barbantia.es\/index.php?rest_route=\/wp\/v2\/types\/post"}],"author":[{"embeddable":true,"href":"https:\/\/cafebarbantia.barbantia.es\/index.php?rest_route=\/wp\/v2\/users\/1"}],"replies":[{"embeddable":true,"href":"https:\/\/cafebarbantia.barbantia.es\/index.php?rest_route=%2Fwp%2Fv2%2Fcomments&post=10175"}],"version-history":[{"count":1,"href":"https:\/\/cafebarbantia.barbantia.es\/index.php?rest_route=\/wp\/v2\/posts\/10175\/revisions"}],"predecessor-version":[{"id":10177,"href":"https:\/\/cafebarbantia.barbantia.es\/index.php?rest_route=\/wp\/v2\/posts\/10175\/revisions\/10177"}],"wp:attachment":[{"href":"https:\/\/cafebarbantia.barbantia.es\/index.php?rest_route=%2Fwp%2Fv2%2Fmedia&parent=10175"}],"wp:term":[{"taxonomy":"category","embeddable":true,"href":"https:\/\/cafebarbantia.barbantia.es\/index.php?rest_route=%2Fwp%2Fv2%2Fcategories&post=10175"},{"taxonomy":"post_tag","embeddable":true,"href":"https:\/\/cafebarbantia.barbantia.es\/index.php?rest_route=%2Fwp%2Fv2%2Ftags&post=10175"}],"curies":[{"name":"wp","href":"https:\/\/api.w.org\/{rel}","templated":true}]}}