{"id":10215,"date":"2019-01-08T06:00:41","date_gmt":"2019-01-08T06:00:41","guid":{"rendered":"http:\/\/cafebarbantia.barbantia.es\/?p=10215"},"modified":"2018-12-31T12:05:48","modified_gmt":"2018-12-31T12:05:48","slug":"compostela-territorio-fotografico","status":"publish","type":"post","link":"https:\/\/cafebarbantia.barbantia.es\/?p=10215","title":{"rendered":"Compostela, territorio fotogr\u00e1fico"},"content":{"rendered":"<p style=\"text-align: justify;\"><a href=\"http:\/\/cafebarbantia.barbantia.es\/wp-content\/uploads\/2018\/12\/Den\u00eds-Est\u00e9vez.jpg\"><img decoding=\"async\" loading=\"lazy\" class=\"alignleft size-medium wp-image-10216\" alt=\"Den\u00eds-Est\u00e9vez\" src=\"http:\/\/cafebarbantia.barbantia.es\/wp-content\/uploads\/2018\/12\/Den\u00eds-Est\u00e9vez-300x225.jpg\" width=\"300\" height=\"225\" srcset=\"https:\/\/cafebarbantia.barbantia.es\/wp-content\/uploads\/2018\/12\/Den\u00eds-Est\u00e9vez-300x225.jpg 300w, https:\/\/cafebarbantia.barbantia.es\/wp-content\/uploads\/2018\/12\/Den\u00eds-Est\u00e9vez.jpg 800w\" sizes=\"(max-width: 300px) 100vw, 300px\" \/><\/a><em><strong>Pilar Sampedro.\u00a0<\/strong><\/em>Para conmemorar os 25 anos do CGAC, iluminouse Bonaval cun traballo de Javier Riera. Unha proxecci\u00f3n de luz, filtrada con motivos xeom\u00e9tricos, sobre a vexetaci\u00f3n. A noite foi intervida polos reflexos que se pousan e transparentan as masas arb\u00f3reas. Porque o CGAC exp\u00e1ndese no exterior, ampl\u00edase ao parque, vai cara a f\u00f3ra.<!--more--><\/p>\n<p style=\"text-align: justify;\">Busca o momento no que cae a noite para iluminar o bosque primixenio, a horta do mosteiro barroco.<\/p>\n<p style=\"text-align: justify;\">Vese desde abaixo, desde ese espazo m\u00e1xico que semella un cami\u00f1o desembocando no casti\u00f1eiro, \u00fanico, como un t\u00f3tem. Logo, d\u00e9bese cami\u00f1ar cara\u00a0 \u00e1 foresta, ingresar nela, entrar na obra, introducirse na sombra e acompa\u00f1ar a luz.<\/p>\n<p style=\"text-align: justify;\">As propostas de Riera aprox\u00edmanse \u00e1 Land Art. A relaci\u00f3n entre xeometr\u00eda e natureza fainos pensar neses opostos que acaban xunt\u00e1ndose, porque a\u00ednda que non podamos ver a xeometr\u00eda a simple vista, aparecer\u00eda no microscopio, cando aproximamos os ollos \u00e1 mol\u00e9cula, cando imos ata o fondo das cousas. E Riera, en Galicia, proxecta a espiral, esa forma que se repite desde os petr\u00f3glifos, que comeza no principio e contin\u00faa ata o infinito.<\/p>\n<p style=\"text-align: justify;\">Dise, na tarxeta anunciadora, que o autor\u00a0 utiliza a fotograf\u00eda como medio de rexistro e difusi\u00f3n do acontecido&#8230;<\/p>\n<p style=\"text-align: justify;\">Fotograf\u00eda \u00e9 o soporte no que, tam\u00e9n, mostra Den\u00eds Est\u00e9vez os seus \u00faltimos traballos na Granell. Despois dunha residencia na Fundaci\u00f3n, colga as fotos en branco e negro nas paredes: unhas imaxes que son li\u00f1as en movemento, li\u00f1as que se multiplican por si mesmas, figuras animadas que transportan a beleza pura dun corpo que lentamente se despraza. <a href=\"http:\/\/cafebarbantia.barbantia.es\/wp-content\/uploads\/2018\/12\/Bonaval.jpg\"><img decoding=\"async\" loading=\"lazy\" class=\"alignright size-medium wp-image-10217\" alt=\"Bonaval\" src=\"http:\/\/cafebarbantia.barbantia.es\/wp-content\/uploads\/2018\/12\/Bonaval-300x199.jpg\" width=\"300\" height=\"199\" srcset=\"https:\/\/cafebarbantia.barbantia.es\/wp-content\/uploads\/2018\/12\/Bonaval-300x199.jpg 300w, https:\/\/cafebarbantia.barbantia.es\/wp-content\/uploads\/2018\/12\/Bonaval-1024x682.jpg 1024w, https:\/\/cafebarbantia.barbantia.es\/wp-content\/uploads\/2018\/12\/Bonaval-900x599.jpg 900w, https:\/\/cafebarbantia.barbantia.es\/wp-content\/uploads\/2018\/12\/Bonaval.jpg 1667w\" sizes=\"(max-width: 300px) 100vw, 300px\" \/><\/a>Den\u00eds retr\u00e1tase nesa obra porque el ten esa mesma elegancia da lentitude, esa reivindicaci\u00f3n da mansedume que agacha o pensamento profundo, a actuaci\u00f3n pensada, a mirada demorada, a tenrura da timidez. Un rapaz tranquilo que vai constru\u00edndo a s\u00faa obra en evoluci\u00f3n. <i><\/i><\/p>\n<p style=\"text-align: justify;\"><i>Agora \u00c1gora<\/i> fala dos desdebuxados que andan polas prazas neste momento, os case invisibles, cheos de soidade pero rodeados de xente. Ausentes e an\u00f3nimos, situados na zona de sombra&#8230; que poden queimarse en brillante resplandor. Escuridade, figuras que se constr\u00faen con luz sen definirse, sen buscar a nitidez, sendo sen ser.<\/p>\n<p style=\"text-align: justify;\">Porque \u201cA folla que danza sabe que ma\u00f1\u00e1, ca\u00edda, ser\u00e1 pisoteada. A gota que cae en picado, ve extasiada o r\u00edo que lle fixo perder a forma tantas veces\u201d.<\/p>\n<p>Agora c\u00e1ese na \u00e1gora.<\/p>\n","protected":false},"excerpt":{"rendered":"<p>Pilar Sampedro.\u00a0Para conmemorar os 25 anos do CGAC, iluminouse Bonaval cun traballo de Javier Riera. Unha proxecci\u00f3n de luz, filtrada con motivos xeom\u00e9tricos, sobre a vexetaci\u00f3n. A noite foi intervida polos reflexos que se pousan e transparentan as masas arb\u00f3reas. Porque o CGAC exp\u00e1ndese no exterior, ampl\u00edase ao parque, vai cara a f\u00f3ra.<\/p>\n","protected":false},"author":1,"featured_media":0,"comment_status":"open","ping_status":"closed","sticky":false,"template":"","format":"standard","meta":{"_bbp_topic_count":0,"_bbp_reply_count":0,"_bbp_total_topic_count":0,"_bbp_total_reply_count":0,"_bbp_voice_count":0,"_bbp_anonymous_reply_count":0,"_bbp_topic_count_hidden":0,"_bbp_reply_count_hidden":0,"_bbp_forum_subforum_count":0,"_exactmetrics_skip_tracking":false,"_exactmetrics_sitenote_active":false,"_exactmetrics_sitenote_note":"","_exactmetrics_sitenote_category":0,"_monsterinsights_skip_tracking":false,"_monsterinsights_sitenote_active":false,"_monsterinsights_sitenote_note":"","_monsterinsights_sitenote_category":0},"categories":[32,69],"tags":[],"aioseo_notices":[],"_links":{"self":[{"href":"https:\/\/cafebarbantia.barbantia.es\/index.php?rest_route=\/wp\/v2\/posts\/10215"}],"collection":[{"href":"https:\/\/cafebarbantia.barbantia.es\/index.php?rest_route=\/wp\/v2\/posts"}],"about":[{"href":"https:\/\/cafebarbantia.barbantia.es\/index.php?rest_route=\/wp\/v2\/types\/post"}],"author":[{"embeddable":true,"href":"https:\/\/cafebarbantia.barbantia.es\/index.php?rest_route=\/wp\/v2\/users\/1"}],"replies":[{"embeddable":true,"href":"https:\/\/cafebarbantia.barbantia.es\/index.php?rest_route=%2Fwp%2Fv2%2Fcomments&post=10215"}],"version-history":[{"count":1,"href":"https:\/\/cafebarbantia.barbantia.es\/index.php?rest_route=\/wp\/v2\/posts\/10215\/revisions"}],"predecessor-version":[{"id":10218,"href":"https:\/\/cafebarbantia.barbantia.es\/index.php?rest_route=\/wp\/v2\/posts\/10215\/revisions\/10218"}],"wp:attachment":[{"href":"https:\/\/cafebarbantia.barbantia.es\/index.php?rest_route=%2Fwp%2Fv2%2Fmedia&parent=10215"}],"wp:term":[{"taxonomy":"category","embeddable":true,"href":"https:\/\/cafebarbantia.barbantia.es\/index.php?rest_route=%2Fwp%2Fv2%2Fcategories&post=10215"},{"taxonomy":"post_tag","embeddable":true,"href":"https:\/\/cafebarbantia.barbantia.es\/index.php?rest_route=%2Fwp%2Fv2%2Ftags&post=10215"}],"curies":[{"name":"wp","href":"https:\/\/api.w.org\/{rel}","templated":true}]}}